{"id":85414,"date":"2026-04-29T20:28:08","date_gmt":"2026-04-29T23:28:08","guid":{"rendered":"https:\/\/redept.com.br\/blogosfera\/e-inacreditavel-que-desqualificados-sabatinem-homens-ilibados-para-a-corte-maxima-de-justica-de-um-pais-diz-leitora\/"},"modified":"2026-04-29T20:28:08","modified_gmt":"2026-04-29T23:28:08","slug":"e-inacreditavel-que-desqualificados-sabatinem-homens-ilibados-para-a-corte-maxima-de-justica-de-um-pais-diz-leitora","status":"publish","type":"post","link":"https:\/\/redept.com.br\/blogosfera\/e-inacreditavel-que-desqualificados-sabatinem-homens-ilibados-para-a-corte-maxima-de-justica-de-um-pais-diz-leitora\/","title":{"rendered":"\u00c9 inacredit\u00e1vel que desqualificados sabatinem homens ilibados para a Corte m\u00e1xima de Justi\u00e7a de um pa\u00eds, diz leitora"},"content":{"rendered":"<p>Coment\u00e1rio resgata a urg\u00eancia da reforma pol\u00edtica no Congresso Nacional e da redistribui\u00e7\u00e3o de for\u00e7as no Judici\u00e1rio; &#8220;Precisamos extirpar esses excomungados agora em 2026&#8221;, diz outro leitor sobre os &#8220;inimigos do Brasil&#8221;<\/p>\n<p>O post \u00c9 inacredit\u00e1vel que desqualificados sabatinem homens ilibados para a Corte m\u00e1xima de Justi\u00e7a de um pa\u00eds, diz leitora apareceu primeiro em Urbs Magna.<\/p>\n<!-- Begin Yuzo --><div class='yuzo_related_post style-1'  data-version='5.12.89'><!-- without result --><div class='yuzo_clearfixed yuzo__title yuzo__title'><h3>Related Post<\/h3><\/div>\n\t\t\t\t\t\t  <div class=\"relatedthumb \" style=\"width:125px;float:left;overflow:hidden;\">  \n\t\t\t\t\t\t\t  \n\t\t\t\t\t\t\t  <a  href=\"https:\/\/redept.com.br\/blogosfera\/eua-e-israel-atacam-ira-e-iniciam-nova-guerra-imperialista-no-oriente-medio\/\"  >\n\t\t\t\t\t\t\t\t\t  <div class=\"yuzo-img-wrap \" style=\"width: 125px;height:90px;\">\n\t\t\t\t\t\t\t\t\t\t\n\t\t\t\t\t\t\t\t\t\t<div class=\"yuzo-img\" style=\"background:url('https:\/\/redept.com.br\/blogosfera\/wp-content\/uploads\/2026\/02\/WhatsApp-Image-2026-02-28-at-104333-150x150.jpeg') 50% 50% no-repeat;width: 125px;height:90px;margin-bottom: 5px;background-size: cover; \"><\/div>\n\t\t\t\t\t\t\t\t\t  <\/div>\n\t\t\t\t\t\t\t\t\t  \n\t\t\t\t\t\t\t\t   <span class=\"yuzo__text--title\" style=\"font-size:13px;\">EUA e Israel atacam Ir\u00e3 e iniciam nova guerra impe...<\/span>\n\t\t\t\t\t\t\t  \n\t\t\t\t\t\t\t  \n\t\t\t\t\t\t\t  <\/a>\n\n\t\t\t\t\t\t  <\/div>\n\t\t\t\t\t\t  <div class=\"relatedthumb \" style=\"width:125px;float:left;overflow:hidden;\">  \n\t\t\t\t\t\t\t  \n\t\t\t\t\t\t\t  <a  href=\"https:\/\/redept.com.br\/blogosfera\/ira-autoriza-navios-com-ajuda-humanitaria-em-ormuz-mas-mantem-bloqueio-a-eua-e-israel\/\"  >\n\t\t\t\t\t\t\t\t\t  <div class=\"yuzo-img-wrap \" style=\"width: 125px;height:90px;\">\n\t\t\t\t\t\t\t\t\t\t\n\t\t\t\t\t\t\t\t\t\t<div class=\"yuzo-img\" style=\"background:url('https:\/\/redept.com.br\/blogosfera\/wp-content\/uploads\/2026\/04\/strase_von_hormuz-150x150.jpg') 50% 50% no-repeat;width: 125px;height:90px;margin-bottom: 5px;background-size: cover; \"><\/div>\n\t\t\t\t\t\t\t\t\t  <\/div>\n\t\t\t\t\t\t\t\t\t  \n\t\t\t\t\t\t\t\t   <span class=\"yuzo__text--title\" style=\"font-size:13px;\">Ir\u00e3 autoriza navios com ajuda humanit\u00e1ria em Ormuz...<\/span>\n\t\t\t\t\t\t\t  \n\t\t\t\t\t\t\t  \n\t\t\t\t\t\t\t  <\/a>\n\n\t\t\t\t\t\t  <\/div>\n\t\t\t\t\t\t  <div class=\"relatedthumb \" style=\"width:125px;float:left;overflow:hidden;\">  \n\t\t\t\t\t\t\t  \n\t\t\t\t\t\t\t  <a  href=\"https:\/\/redept.com.br\/blogosfera\/asfaltamento-da-br-319-o-primeiro-atropelo-da-lei-da-devastacao\/\"  >\n\t\t\t\t\t\t\t\t\t  <div class=\"yuzo-img-wrap \" style=\"width: 125px;height:90px;\">\n\t\t\t\t\t\t\t\t\t\t\n\t\t\t\t\t\t\t\t\t\t<div class=\"yuzo-img\" style=\"background:url('https:\/\/redept.org\/blogosfera\/wp-content\/plugins\/yuzo-related-post\/assets\/images\/default.png') 50% 50% no-repeat;width: 125px;height:90px;margin-bottom: 5px;background-size: cover; \"><\/div>\n\t\t\t\t\t\t\t\t\t  <\/div>\n\t\t\t\t\t\t\t\t\t  \n\t\t\t\t\t\t\t\t   <span class=\"yuzo__text--title\" style=\"font-size:13px;\">Asfaltamento da BR-319, o primeiro atropelo da \u2018le...<\/span>\n\t\t\t\t\t\t\t  \n\t\t\t\t\t\t\t  \n\t\t\t\t\t\t\t  <\/a>\n\n\t\t\t\t\t\t  <\/div>\n\t\t\t\t\t\t  <div class=\"relatedthumb \" style=\"width:125px;float:left;overflow:hidden;\">  \n\t\t\t\t\t\t\t  \n\t\t\t\t\t\t\t  <a  href=\"https:\/\/redept.com.br\/blogosfera\/a-punicao-de-bretas-pelo-cnj-cristaliza-que-a-lava-jato-de-moro-era-uma-rede-criminosa\/\"  >\n\t\t\t\t\t\t\t\t\t  <div class=\"yuzo-img-wrap \" style=\"width: 125px;height:90px;\">\n\t\t\t\t\t\t\t\t\t\t\n\t\t\t\t\t\t\t\t\t\t<div class=\"yuzo-img\" style=\"background:url('https:\/\/redept.org\/blogosfera\/wp-content\/plugins\/yuzo-related-post\/assets\/images\/default.png') 50% 50% no-repeat;width: 125px;height:90px;margin-bottom: 5px;background-size: cover; \"><\/div>\n\t\t\t\t\t\t\t\t\t  <\/div>\n\t\t\t\t\t\t\t\t\t  \n\t\t\t\t\t\t\t\t   <span class=\"yuzo__text--title\" style=\"font-size:13px;\">A puni\u00e7\u00e3o de Bretas pelo CNJ cristaliza que a Lava...<\/span>\n\t\t\t\t\t\t\t  \n\t\t\t\t\t\t\t  \n\t\t\t\t\t\t\t  <\/a>\n\n\t\t\t\t\t\t  <\/div>\n<\/div> <script>\n\t\t\t\t\t\t  jQuery(document).ready(function( $ ){\n\t\t\t\t\t\t\t\/\/jQuery('.yuzo_related_post').equalizer({ overflow : 'relatedthumb' });\n\t\t\t\t\t\t\tjQuery('.yuzo_related_post .yuzo_wraps').equalizer({ columns : '> div' });\n\t\t\t\t\t\t   })\n\t\t\t\t\t\t  <\/script> <!-- End Yuzo :) -->","protected":false},"excerpt":{"rendered":"<p>Coment\u00e1rio resgata a urg\u00eancia da reforma pol\u00edtica no Congresso Nacional e da redistribui\u00e7\u00e3o de for\u00e7as no Judici\u00e1rio; &#8220;Precisamos extirpar esses excomungados agora em 2026&#8221;, diz outro leitor sobre os &#8220;inimigos do Brasil&#8221;<\/p>\n<p>O post <a rel=\"nofollow\" href=\"https:\/\/urbsmagna.com\/leitores-comentam-injustica-em-sabatinas-para-o-stf-e-citam-desigualdade-moral\/\">\u00c9 inacredit\u00e1vel que desqualificados sabatinem homens ilibados para a Corte m\u00e1xima de Justi\u00e7a de um pa\u00eds, diz leitora<\/a> apareceu primeiro em <a rel=\"nofollow\" href=\"https:\/\/urbsmagna.com\/\">Urbs Magna<\/a>.<\/p>\n","protected":false},"author":2,"featured_media":0,"comment_status":"open","ping_status":"closed","sticky":false,"template":"","format":"standard","meta":{"fifu_image_url":"","fifu_image_alt":"","footnotes":""},"categories":[53108,53109,53110,17,53111,33217,53112,112,191,132,5471,53113,53114,31618,4720,53115,260,12623],"tags":[],"class_list":["post-85414","post","type-post","status-publish","format-standard","hentry","category-ccj-senado-messias","category-democracia-brasileira-stf","category-desconforto-sabatinas-stf","category-governo-lula","category-indicacao-lula-stf-rejeitada","category-jorge-messias-stf","category-juristas-renomados-vs-parlamentares","category-lula","category-noticias","category-politica","category-politica-nacional","category-populismo-senado-stf","category-rejeicao-historica-messias","category-sabatina-stf","category-senado-federal","category-senadores-desqualificados-stf","category-stf","category-supremo-tribunal-federal-stf"],"_links":{"self":[{"href":"https:\/\/redept.com.br\/blogosfera\/wp-json\/wp\/v2\/posts\/85414","targetHints":{"allow":["GET"]}}],"collection":[{"href":"https:\/\/redept.com.br\/blogosfera\/wp-json\/wp\/v2\/posts"}],"about":[{"href":"https:\/\/redept.com.br\/blogosfera\/wp-json\/wp\/v2\/types\/post"}],"author":[{"embeddable":true,"href":"https:\/\/redept.com.br\/blogosfera\/wp-json\/wp\/v2\/users\/2"}],"replies":[{"embeddable":true,"href":"https:\/\/redept.com.br\/blogosfera\/wp-json\/wp\/v2\/comments?post=85414"}],"version-history":[{"count":0,"href":"https:\/\/redept.com.br\/blogosfera\/wp-json\/wp\/v2\/posts\/85414\/revisions"}],"wp:attachment":[{"href":"https:\/\/redept.com.br\/blogosfera\/wp-json\/wp\/v2\/media?parent=85414"}],"wp:term":[{"taxonomy":"category","embeddable":true,"href":"https:\/\/redept.com.br\/blogosfera\/wp-json\/wp\/v2\/categories?post=85414"},{"taxonomy":"post_tag","embeddable":true,"href":"https:\/\/redept.com.br\/blogosfera\/wp-json\/wp\/v2\/tags?post=85414"}],"curies":[{"name":"wp","href":"https:\/\/api.w.org\/{rel}","templated":true}]}}