{"id":85416,"date":"2026-04-29T20:31:46","date_gmt":"2026-04-29T23:31:46","guid":{"rendered":"https:\/\/redept.com.br\/blogosfera\/eleicoes-na-colombia-enfrentam-sombra-de-interferencia-dos-eua\/"},"modified":"2026-04-29T20:31:46","modified_gmt":"2026-04-29T23:31:46","slug":"eleicoes-na-colombia-enfrentam-sombra-de-interferencia-dos-eua","status":"publish","type":"post","link":"https:\/\/redept.com.br\/blogosfera\/eleicoes-na-colombia-enfrentam-sombra-de-interferencia-dos-eua\/","title":{"rendered":"Elei\u00e7\u00f5es na Col\u00f4mbia enfrentam sombra de interfer\u00eancia dos EUA"},"content":{"rendered":"<p>Daqui a um m\u00eas, os colombianos v\u00e3o \u00e0s urnas para escolher o sucessor de Gustavo Petro na presid\u00eancia do pa\u00eds. O candidato Iv\u00e1n Cepeda \u00e9 o escolhido pelo campo da esquerda para esse desafio. O pleito ser\u00e1 inevitavelmente impactado pela atual situa\u00e7\u00e3o da Am\u00e9rica Latina, que vive sob a inger\u00eancia do governo de Donald Trump [\u2026]<\/p>\n<p><a href=\"https:\/\/www.brasildefato.com.br\/podcast\/o-estrangeiro\/2026\/04\/29\/eleicoes-na-colombia-enfrentam-sombra-de-interferencia-dos-eua\/\" rel=\"nofollow\">Fonte<\/a><\/p>\n<!-- Begin Yuzo --><div class='yuzo_related_post style-1'  data-version='5.12.89'><!-- without result --><div class='yuzo_clearfixed yuzo__title yuzo__title'><h3>Related Post<\/h3><\/div>\n\t\t\t\t\t\t  <div class=\"relatedthumb \" style=\"width:125px;float:left;overflow:hidden;\">  \n\t\t\t\t\t\t\t  \n\t\t\t\t\t\t\t  <a  href=\"https:\/\/redept.com.br\/blogosfera\/onu-pede-que-eua-suspendam-ataques-a-embarcacoes-no-caribe-e-pacifico\/\"  >\n\t\t\t\t\t\t\t\t\t  <div class=\"yuzo-img-wrap \" style=\"width: 125px;height:90px;\">\n\t\t\t\t\t\t\t\t\t\t\n\t\t\t\t\t\t\t\t\t\t<div class=\"yuzo-img\" style=\"background:url('https:\/\/redept.org\/blogosfera\/wp-content\/plugins\/yuzo-related-post\/assets\/images\/default.png') 50% 50% no-repeat;width: 125px;height:90px;margin-bottom: 5px;background-size: cover; \"><\/div>\n\t\t\t\t\t\t\t\t\t  <\/div>\n\t\t\t\t\t\t\t\t\t  \n\t\t\t\t\t\t\t\t   <span class=\"yuzo__text--title\" style=\"font-size:13px;\">ONU pede que EUA suspendam ataques a embarca\u00e7\u00f5es n...<\/span>\n\t\t\t\t\t\t\t  \n\t\t\t\t\t\t\t  \n\t\t\t\t\t\t\t  <\/a>\n\n\t\t\t\t\t\t  <\/div>\n\t\t\t\t\t\t  <div class=\"relatedthumb \" style=\"width:125px;float:left;overflow:hidden;\">  \n\t\t\t\t\t\t\t  \n\t\t\t\t\t\t\t  <a  href=\"https:\/\/redept.com.br\/blogosfera\/alencar-santana-vai-presidir-comissao-especial-da-pec-do-fim-da-escala-6x1-na-camara\/\"  >\n\t\t\t\t\t\t\t\t\t  <div class=\"yuzo-img-wrap \" style=\"width: 125px;height:90px;\">\n\t\t\t\t\t\t\t\t\t\t\n\t\t\t\t\t\t\t\t\t\t<div class=\"yuzo-img\" style=\"background:url('https:\/\/redept.org\/blogosfera\/wp-content\/plugins\/yuzo-related-post\/assets\/images\/default.png') 50% 50% no-repeat;width: 125px;height:90px;margin-bottom: 5px;background-size: cover; \"><\/div>\n\t\t\t\t\t\t\t\t\t  <\/div>\n\t\t\t\t\t\t\t\t\t  \n\t\t\t\t\t\t\t\t   <span class=\"yuzo__text--title\" style=\"font-size:13px;\">Alencar Santana vai presidir comiss\u00e3o especial da ...<\/span>\n\t\t\t\t\t\t\t  \n\t\t\t\t\t\t\t  \n\t\t\t\t\t\t\t  <\/a>\n\n\t\t\t\t\t\t  <\/div>\n\t\t\t\t\t\t  <div class=\"relatedthumb \" style=\"width:125px;float:left;overflow:hidden;\">  \n\t\t\t\t\t\t\t  \n\t\t\t\t\t\t\t  <a  href=\"https:\/\/redept.com.br\/blogosfera\/surto-no-litoral-paulista-reacende-alerta-sobre-saneamento-precario-no-brasil\/\"  >\n\t\t\t\t\t\t\t\t\t  <div class=\"yuzo-img-wrap \" style=\"width: 125px;height:90px;\">\n\t\t\t\t\t\t\t\t\t\t\n\t\t\t\t\t\t\t\t\t\t<div class=\"yuzo-img\" style=\"background:url('https:\/\/redept.org\/blogosfera\/wp-content\/plugins\/yuzo-related-post\/assets\/images\/default.png') 50% 50% no-repeat;width: 125px;height:90px;margin-bottom: 5px;background-size: cover; \"><\/div>\n\t\t\t\t\t\t\t\t\t  <\/div>\n\t\t\t\t\t\t\t\t\t  \n\t\t\t\t\t\t\t\t   <span class=\"yuzo__text--title\" style=\"font-size:13px;\">Surto no litoral paulista reacende alerta sobre sa...<\/span>\n\t\t\t\t\t\t\t  \n\t\t\t\t\t\t\t  \n\t\t\t\t\t\t\t  <\/a>\n\n\t\t\t\t\t\t  <\/div>\n\t\t\t\t\t\t  <div class=\"relatedthumb \" style=\"width:125px;float:left;overflow:hidden;\">  \n\t\t\t\t\t\t\t  \n\t\t\t\t\t\t\t  <a  href=\"https:\/\/redept.com.br\/blogosfera\/em-dois-anos-174-milhoes-deixam-a-pobreza-e-sobem-de-classe-no-brasil\/\"  >\n\t\t\t\t\t\t\t\t\t  <div class=\"yuzo-img-wrap \" style=\"width: 125px;height:90px;\">\n\t\t\t\t\t\t\t\t\t\t\n\t\t\t\t\t\t\t\t\t\t<div class=\"yuzo-img\" style=\"background:url('https:\/\/redept.com.br\/blogosfera\/wp-content\/uploads\/2026\/01\/Captura-de-Tela-2026-01-12-as-165655-150x150.png') 50% 50% no-repeat;width: 125px;height:90px;margin-bottom: 5px;background-size: cover; \"><\/div>\n\t\t\t\t\t\t\t\t\t  <\/div>\n\t\t\t\t\t\t\t\t\t  \n\t\t\t\t\t\t\t\t   <span class=\"yuzo__text--title\" style=\"font-size:13px;\">Em dois anos, 17,4 milh\u00f5es deixam a pobreza e sobe...<\/span>\n\t\t\t\t\t\t\t  \n\t\t\t\t\t\t\t  \n\t\t\t\t\t\t\t  <\/a>\n\n\t\t\t\t\t\t  <\/div>\n<\/div> <script>\n\t\t\t\t\t\t  jQuery(document).ready(function( $ ){\n\t\t\t\t\t\t\t\/\/jQuery('.yuzo_related_post').equalizer({ overflow : 'relatedthumb' });\n\t\t\t\t\t\t\tjQuery('.yuzo_related_post .yuzo_wraps').equalizer({ columns : '> div' });\n\t\t\t\t\t\t   })\n\t\t\t\t\t\t  <\/script> <!-- End Yuzo :) -->","protected":false},"excerpt":{"rendered":"<p>Daqui a um m\u00eas, os colombianos v\u00e3o \u00e0s urnas para escolher o sucessor de Gustavo Petro na presid\u00eancia do pa\u00eds. O candidato Iv\u00e1n Cepeda \u00e9 o escolhido pelo campo da esquerda para esse desafio. O pleito ser\u00e1 inevitavelmente impactado pela atual situa\u00e7\u00e3o da Am\u00e9rica Latina, que vive sob a inger\u00eancia do governo de Donald Trump [&hellip;]<\/p>\n","protected":false},"author":2,"featured_media":0,"comment_status":"open","ping_status":"closed","sticky":false,"template":"","format":"standard","meta":{"fifu_image_url":"","fifu_image_alt":"","footnotes":""},"categories":[2775,4016,6773,53116,651,1023,53117,51876,53118,394,1088,53119,53120,2953,48599,26179,6436,47720,7537,2328,16987,3571,11856,1442,53121,53122,11254,53123,1049,727],"tags":[],"class_list":["post-85416","post","type-post","status-publish","format-standard","hentry","category-alba-movimentos","category-bloqueio-economico","category-brasil-de-fato","category-conflito-armado-colombia","category-desemprego","category-donald-trump","category-economia-colombiana","category-eleicoes-presidenciais-colombia","category-esquerda-colombiana","category-estados-unidos","category-feminicidio","category-fronteira-colombia-venezuela","category-giovanni-del-prete","category-gustavo-petro","category-intervencao-eleitoral","category-ivan-cepeda","category-ivan-duque","category-leonardo-fernandes","category-movimento-brasil-popular","category-nicolas-maduro","category-o-estrangeiro","category-pesquisas-eleitorais","category-primeiro-turno","category-reforma-trabalhista","category-refugiados-colombianos","category-relacoes-colombia-venezuela","category-sancoes-eua","category-sistema-binacional-energetico","category-venezuela","category-violencia-politica"],"_links":{"self":[{"href":"https:\/\/redept.com.br\/blogosfera\/wp-json\/wp\/v2\/posts\/85416","targetHints":{"allow":["GET"]}}],"collection":[{"href":"https:\/\/redept.com.br\/blogosfera\/wp-json\/wp\/v2\/posts"}],"about":[{"href":"https:\/\/redept.com.br\/blogosfera\/wp-json\/wp\/v2\/types\/post"}],"author":[{"embeddable":true,"href":"https:\/\/redept.com.br\/blogosfera\/wp-json\/wp\/v2\/users\/2"}],"replies":[{"embeddable":true,"href":"https:\/\/redept.com.br\/blogosfera\/wp-json\/wp\/v2\/comments?post=85416"}],"version-history":[{"count":0,"href":"https:\/\/redept.com.br\/blogosfera\/wp-json\/wp\/v2\/posts\/85416\/revisions"}],"wp:attachment":[{"href":"https:\/\/redept.com.br\/blogosfera\/wp-json\/wp\/v2\/media?parent=85416"}],"wp:term":[{"taxonomy":"category","embeddable":true,"href":"https:\/\/redept.com.br\/blogosfera\/wp-json\/wp\/v2\/categories?post=85416"},{"taxonomy":"post_tag","embeddable":true,"href":"https:\/\/redept.com.br\/blogosfera\/wp-json\/wp\/v2\/tags?post=85416"}],"curies":[{"name":"wp","href":"https:\/\/api.w.org\/{rel}","templated":true}]}}