{"id":85421,"date":"2026-04-29T21:34:24","date_gmt":"2026-04-30T00:34:24","guid":{"rendered":"https:\/\/redept.com.br\/blogosfera\/nao-e-simples-mas-senado-e-soberano-diz-messias-apos-rejeicao\/"},"modified":"2026-04-29T21:34:24","modified_gmt":"2026-04-30T00:34:24","slug":"nao-e-simples-mas-senado-e-soberano-diz-messias-apos-rejeicao","status":"publish","type":"post","link":"https:\/\/redept.com.br\/blogosfera\/nao-e-simples-mas-senado-e-soberano-diz-messias-apos-rejeicao\/","title":{"rendered":"\u2018N\u00e3o \u00e9 simples, mas Senado \u00e9 soberano\u2019, diz Messias ap\u00f3s rejei\u00e7\u00e3o"},"content":{"rendered":"<p>Em sua primeira manifesta\u00e7\u00e3o ap\u00f3s\u00a0ter o nome rejeitado para o Supremo Tribunal Federal\u00a0(STF), o advogado-geral da Uni\u00e3o, Jorge Messias, afirmou nesta quarta-feira (29) que participou de forma \u201c\u00edntegra\u201d e \u201cfranca\u201d de todo o processo de indica\u00e7\u00e3o. Ele agradeceu o voto recebido por senadores e disse aceitar o resultado. \u201cMe submeti a uma sabatina de cora\u00e7\u00e3o [\u2026]<\/p>\n<p><a href=\"https:\/\/www.brasildefato.com.br\/2026\/04\/29\/nao-e-simples-mas-senado-e-soberano-diz-messias-apos-rejeicao\/\" rel=\"nofollow\">Fonte<\/a><\/p>\n<!-- Begin Yuzo --><div class='yuzo_related_post style-1'  data-version='5.12.89'><!-- without result --><div class='yuzo_clearfixed yuzo__title yuzo__title'><h3>Related Post<\/h3><\/div>\n\t\t\t\t\t\t  <div class=\"relatedthumb \" style=\"width:125px;float:left;overflow:hidden;\">  \n\t\t\t\t\t\t\t  \n\t\t\t\t\t\t\t  <a  href=\"https:\/\/redept.com.br\/blogosfera\/eu-mercosur-deal-is-neocolonial-and-harmful-to-mercosur-says-former-imf-director\/\"  >\n\t\t\t\t\t\t\t\t\t  <div class=\"yuzo-img-wrap \" style=\"width: 125px;height:90px;\">\n\t\t\t\t\t\t\t\t\t\t\n\t\t\t\t\t\t\t\t\t\t<div class=\"yuzo-img\" style=\"background:url('https:\/\/redept.org\/blogosfera\/wp-content\/plugins\/yuzo-related-post\/assets\/images\/default.png') 50% 50% no-repeat;width: 125px;height:90px;margin-bottom: 5px;background-size: cover; \"><\/div>\n\t\t\t\t\t\t\t\t\t  <\/div>\n\t\t\t\t\t\t\t\t\t  \n\t\t\t\t\t\t\t\t   <span class=\"yuzo__text--title\" style=\"font-size:13px;\">EU\u2013Mercosur deal is \u2018neocolonial\u2019 and harmful to M...<\/span>\n\t\t\t\t\t\t\t  \n\t\t\t\t\t\t\t  \n\t\t\t\t\t\t\t  <\/a>\n\n\t\t\t\t\t\t  <\/div>\n\t\t\t\t\t\t  <div class=\"relatedthumb \" style=\"width:125px;float:left;overflow:hidden;\">  \n\t\t\t\t\t\t\t  \n\t\t\t\t\t\t\t  <a  href=\"https:\/\/redept.com.br\/blogosfera\/morre-dom-angelico-bispo-que-rezou-missa-antes-de-lula-se-entregar-a-pf-em-2018\/\"  >\n\t\t\t\t\t\t\t\t\t  <div class=\"yuzo-img-wrap \" style=\"width: 125px;height:90px;\">\n\t\t\t\t\t\t\t\t\t\t\n\t\t\t\t\t\t\t\t\t\t<div class=\"yuzo-img\" style=\"background:url('https:\/\/redept.org\/blogosfera\/wp-content\/plugins\/yuzo-related-post\/assets\/images\/default.png') 50% 50% no-repeat;width: 125px;height:90px;margin-bottom: 5px;background-size: cover; \"><\/div>\n\t\t\t\t\t\t\t\t\t  <\/div>\n\t\t\t\t\t\t\t\t\t  \n\t\t\t\t\t\t\t\t   <span class=\"yuzo__text--title\" style=\"font-size:13px;\">Morre dom Ang\u00e9lico, bispo que rezou missa antes de...<\/span>\n\t\t\t\t\t\t\t  \n\t\t\t\t\t\t\t  \n\t\t\t\t\t\t\t  <\/a>\n\n\t\t\t\t\t\t  <\/div>\n\t\t\t\t\t\t  <div class=\"relatedthumb \" style=\"width:125px;float:left;overflow:hidden;\">  \n\t\t\t\t\t\t\t  \n\t\t\t\t\t\t\t  <a  href=\"https:\/\/redept.com.br\/blogosfera\/ajuda-humanitaria-chega-a-gaza-cupula-com-lideres-mundiais-discute-cessar-fogo-nesta-segunda\/\"  >\n\t\t\t\t\t\t\t\t\t  <div class=\"yuzo-img-wrap \" style=\"width: 125px;height:90px;\">\n\t\t\t\t\t\t\t\t\t\t\n\t\t\t\t\t\t\t\t\t\t<div class=\"yuzo-img\" style=\"background:url('https:\/\/redept.org\/blogosfera\/wp-content\/plugins\/yuzo-related-post\/assets\/images\/default.png') 50% 50% no-repeat;width: 125px;height:90px;margin-bottom: 5px;background-size: cover; \"><\/div>\n\t\t\t\t\t\t\t\t\t  <\/div>\n\t\t\t\t\t\t\t\t\t  \n\t\t\t\t\t\t\t\t   <span class=\"yuzo__text--title\" style=\"font-size:13px;\">Ajuda humanit\u00e1ria chega \u00e0 Gaza; c\u00fapula com l\u00edderes...<\/span>\n\t\t\t\t\t\t\t  \n\t\t\t\t\t\t\t  \n\t\t\t\t\t\t\t  <\/a>\n\n\t\t\t\t\t\t  <\/div>\n\t\t\t\t\t\t  <div class=\"relatedthumb \" style=\"width:125px;float:left;overflow:hidden;\">  \n\t\t\t\t\t\t\t  \n\t\t\t\t\t\t\t  <a  href=\"https:\/\/redept.com.br\/blogosfera\/filosofo-marildo-menegat-lanca-novo-livro-em-porto-alegre-no-dia-8\/\"  >\n\t\t\t\t\t\t\t\t\t  <div class=\"yuzo-img-wrap \" style=\"width: 125px;height:90px;\">\n\t\t\t\t\t\t\t\t\t\t\n\t\t\t\t\t\t\t\t\t\t<div class=\"yuzo-img\" style=\"background:url('https:\/\/redept.org\/blogosfera\/wp-content\/plugins\/yuzo-related-post\/assets\/images\/default.png') 50% 50% no-repeat;width: 125px;height:90px;margin-bottom: 5px;background-size: cover; \"><\/div>\n\t\t\t\t\t\t\t\t\t  <\/div>\n\t\t\t\t\t\t\t\t\t  \n\t\t\t\t\t\t\t\t   <span class=\"yuzo__text--title\" style=\"font-size:13px;\">Fil\u00f3sofo Marildo Menegat lan\u00e7a novo livro em Porto...<\/span>\n\t\t\t\t\t\t\t  \n\t\t\t\t\t\t\t  \n\t\t\t\t\t\t\t  <\/a>\n\n\t\t\t\t\t\t  <\/div>\n<\/div> <script>\n\t\t\t\t\t\t  jQuery(document).ready(function( $ ){\n\t\t\t\t\t\t\t\/\/jQuery('.yuzo_related_post').equalizer({ overflow : 'relatedthumb' });\n\t\t\t\t\t\t\tjQuery('.yuzo_related_post .yuzo_wraps').equalizer({ columns : '> div' });\n\t\t\t\t\t\t   })\n\t\t\t\t\t\t  <\/script> <!-- End Yuzo :) -->","protected":false},"excerpt":{"rendered":"<p>Em sua primeira manifesta\u00e7\u00e3o ap\u00f3s\u00a0ter o nome rejeitado para o Supremo Tribunal Federal\u00a0(STF), o advogado-geral da Uni\u00e3o, Jorge Messias, afirmou nesta quarta-feira (29) que participou de forma \u201c\u00edntegra\u201d e \u201cfranca\u201d de todo o processo de indica\u00e7\u00e3o. Ele agradeceu o voto recebido por senadores e disse aceitar o resultado. \u201cMe submeti a uma sabatina de cora\u00e7\u00e3o [&hellip;]<\/p>\n","protected":false},"author":2,"featured_media":0,"comment_status":"open","ping_status":"closed","sticky":false,"template":"","format":"standard","meta":{"fifu_image_url":"","fifu_image_alt":"","footnotes":""},"categories":[53140,53141,31980,1104,4032,2824,44688,24633,10029,1009,53142,1726,112,53143,53144,132,53145,53146,52579,16729,23481,14024,53147,531,12430,53148,260,7236,53149,958,893],"tags":[],"class_list":["post-85421","post","type-post","status-publish","format-standard","hentry","category-34-votos-favoraveis","category-42-votos-contrarios","category-advogado-geral-da-uniao","category-agu","category-aposentadoria","category-barroso","category-carreira","category-derrota","category-evangelico","category-indicacao","category-indicacao-arquivada","category-jorge-messias","category-lula","category-plano-de-deus","category-plenario-do-senado","category-politica","category-primeira-vez-em-130-anos","category-processo-de-desconstrucao","category-processo-de-indicacao","category-processo-democratico","category-rejeicao","category-sabatina","category-sabatina-de-coracao-aberto","category-senado","category-servidor-publico","category-soberania-do-senado","category-stf","category-supremo-tribunal-federal","category-vida-limpa","category-vitoria","category-votacao"],"_links":{"self":[{"href":"https:\/\/redept.com.br\/blogosfera\/wp-json\/wp\/v2\/posts\/85421","targetHints":{"allow":["GET"]}}],"collection":[{"href":"https:\/\/redept.com.br\/blogosfera\/wp-json\/wp\/v2\/posts"}],"about":[{"href":"https:\/\/redept.com.br\/blogosfera\/wp-json\/wp\/v2\/types\/post"}],"author":[{"embeddable":true,"href":"https:\/\/redept.com.br\/blogosfera\/wp-json\/wp\/v2\/users\/2"}],"replies":[{"embeddable":true,"href":"https:\/\/redept.com.br\/blogosfera\/wp-json\/wp\/v2\/comments?post=85421"}],"version-history":[{"count":0,"href":"https:\/\/redept.com.br\/blogosfera\/wp-json\/wp\/v2\/posts\/85421\/revisions"}],"wp:attachment":[{"href":"https:\/\/redept.com.br\/blogosfera\/wp-json\/wp\/v2\/media?parent=85421"}],"wp:term":[{"taxonomy":"category","embeddable":true,"href":"https:\/\/redept.com.br\/blogosfera\/wp-json\/wp\/v2\/categories?post=85421"},{"taxonomy":"post_tag","embeddable":true,"href":"https:\/\/redept.com.br\/blogosfera\/wp-json\/wp\/v2\/tags?post=85421"}],"curies":[{"name":"wp","href":"https:\/\/api.w.org\/{rel}","templated":true}]}}