{"id":85423,"date":"2026-04-29T22:00:50","date_gmt":"2026-04-30T01:00:50","guid":{"rendered":"https:\/\/redept.com.br\/blogosfera\/derrota-da-democracia-e-aposta-no-caos-e-confronto-deputados-criticam-rejeicao-do-senado-a-messias-no-stf\/"},"modified":"2026-04-29T22:00:50","modified_gmt":"2026-04-30T01:00:50","slug":"derrota-da-democracia-e-aposta-no-caos-e-confronto-deputados-criticam-rejeicao-do-senado-a-messias-no-stf","status":"publish","type":"post","link":"https:\/\/redept.com.br\/blogosfera\/derrota-da-democracia-e-aposta-no-caos-e-confronto-deputados-criticam-rejeicao-do-senado-a-messias-no-stf\/","title":{"rendered":"\u2018Derrota da democracia\u2019 e \u2018aposta no caos e confronto\u2019: deputados criticam rejei\u00e7\u00e3o do Senado a Messias no STF"},"content":{"rendered":"<p>Parlamentares da base aliada do governo federal recorreram ao X para criticar o Senado Federal ap\u00f3s a rejei\u00e7\u00e3o, nesta quarta-feira (29), da indica\u00e7\u00e3o do Advogado-Geral da Uni\u00e3o (AGU), Jorge Messias, para uma vaga no STF (Supremo Tribunal Federal). A decis\u00e3o foi a primeira do tipo desde 1894 e dividiu o campo pol\u00edtico. A deputada federal [\u2026]<\/p>\n<p><a href=\"https:\/\/www.brasildefato.com.br\/2026\/04\/29\/derrota-da-democracia-e-aposta-no-caos-e-confronto-deputados-criticam-rejeicao-do-senado-a-messias-no-stf\/\" rel=\"nofollow\">Fonte<\/a><\/p>\n<!-- Begin Yuzo --><div class='yuzo_related_post style-1'  data-version='5.12.89'><!-- without result --><div class='yuzo_clearfixed yuzo__title yuzo__title'><h3>Related Post<\/h3><\/div>\n\t\t\t\t\t\t  <div class=\"relatedthumb \" style=\"width:125px;float:left;overflow:hidden;\">  \n\t\t\t\t\t\t\t  \n\t\t\t\t\t\t\t  <a  href=\"https:\/\/redept.com.br\/blogosfera\/episodio-final-reparacao\/\"  >\n\t\t\t\t\t\t\t\t\t  <div class=\"yuzo-img-wrap \" style=\"width: 125px;height:90px;\">\n\t\t\t\t\t\t\t\t\t\t\n\t\t\t\t\t\t\t\t\t\t<div class=\"yuzo-img\" style=\"background:url('https:\/\/redept.org\/blogosfera\/wp-content\/plugins\/yuzo-related-post\/assets\/images\/default.png') 50% 50% no-repeat;width: 125px;height:90px;margin-bottom: 5px;background-size: cover; \"><\/div>\n\t\t\t\t\t\t\t\t\t  <\/div>\n\t\t\t\t\t\t\t\t\t  \n\t\t\t\t\t\t\t\t   <span class=\"yuzo__text--title\" style=\"font-size:13px;\">Epis\u00f3dio final: Repara\u00e7\u00e3o<\/span>\n\t\t\t\t\t\t\t  \n\t\t\t\t\t\t\t  \n\t\t\t\t\t\t\t  <\/a>\n\n\t\t\t\t\t\t  <\/div>\n\t\t\t\t\t\t  <div class=\"relatedthumb \" style=\"width:125px;float:left;overflow:hidden;\">  \n\t\t\t\t\t\t\t  \n\t\t\t\t\t\t\t  <a  href=\"https:\/\/redept.com.br\/blogosfera\/o-poder-do-acaso-na-era-da-datificacao\/\"  >\n\t\t\t\t\t\t\t\t\t  <div class=\"yuzo-img-wrap \" style=\"width: 125px;height:90px;\">\n\t\t\t\t\t\t\t\t\t\t\n\t\t\t\t\t\t\t\t\t\t<div class=\"yuzo-img\" style=\"background:url('https:\/\/redept.com.br\/blogosfera\/wp-content\/uploads\/2025\/08\/MATERIA-4-2-150x150.png') 50% 50% no-repeat;width: 125px;height:90px;margin-bottom: 5px;background-size: cover; \"><\/div>\n\t\t\t\t\t\t\t\t\t  <\/div>\n\t\t\t\t\t\t\t\t\t  \n\t\t\t\t\t\t\t\t   <span class=\"yuzo__text--title\" style=\"font-size:13px;\">O poder do acaso na era da datifica\u00e7\u00e3o<\/span>\n\t\t\t\t\t\t\t  \n\t\t\t\t\t\t\t  \n\t\t\t\t\t\t\t  <\/a>\n\n\t\t\t\t\t\t  <\/div>\n\t\t\t\t\t\t  <div class=\"relatedthumb \" style=\"width:125px;float:left;overflow:hidden;\">  \n\t\t\t\t\t\t\t  \n\t\t\t\t\t\t\t  <a  href=\"https:\/\/redept.com.br\/blogosfera\/operacao-igapo-celulares-pela-janela-e-o-cerco-da-pf-ao-suposto-esquema-de-desvio-de-emendas-parlamentares\/\"  >\n\t\t\t\t\t\t\t\t\t  <div class=\"yuzo-img-wrap \" style=\"width: 125px;height:90px;\">\n\t\t\t\t\t\t\t\t\t\t\n\t\t\t\t\t\t\t\t\t\t<div class=\"yuzo-img\" style=\"background:url('https:\/\/redept.org\/blogosfera\/wp-content\/plugins\/yuzo-related-post\/assets\/images\/default.png') 50% 50% no-repeat;width: 125px;height:90px;margin-bottom: 5px;background-size: cover; \"><\/div>\n\t\t\t\t\t\t\t\t\t  <\/div>\n\t\t\t\t\t\t\t\t\t  \n\t\t\t\t\t\t\t\t   <span class=\"yuzo__text--title\" style=\"font-size:13px;\">Opera\u00e7\u00e3o Igap\u00f3: celulares pela janela e o cerco da...<\/span>\n\t\t\t\t\t\t\t  \n\t\t\t\t\t\t\t  \n\t\t\t\t\t\t\t  <\/a>\n\n\t\t\t\t\t\t  <\/div>\n\t\t\t\t\t\t  <div class=\"relatedthumb \" style=\"width:125px;float:left;overflow:hidden;\">  \n\t\t\t\t\t\t\t  \n\t\t\t\t\t\t\t  <a  href=\"https:\/\/redept.com.br\/blogosfera\/trabalhadores-sofrem-com-a-pessima-situacao-do-transporte-intermunicipal-em-pernambuco\/\"  >\n\t\t\t\t\t\t\t\t\t  <div class=\"yuzo-img-wrap \" style=\"width: 125px;height:90px;\">\n\t\t\t\t\t\t\t\t\t\t\n\t\t\t\t\t\t\t\t\t\t<div class=\"yuzo-img\" style=\"background:url('https:\/\/redept.com.br\/blogosfera\/wp-content\/uploads\/2025\/09\/transporte-pernanbuco-150x150.webp') 50% 50% no-repeat;width: 125px;height:90px;margin-bottom: 5px;background-size: cover; \"><\/div>\n\t\t\t\t\t\t\t\t\t  <\/div>\n\t\t\t\t\t\t\t\t\t  \n\t\t\t\t\t\t\t\t   <span class=\"yuzo__text--title\" style=\"font-size:13px;\">Trabalhadores sofrem com a p\u00e9ssima situa\u00e7\u00e3o do tra...<\/span>\n\t\t\t\t\t\t\t  \n\t\t\t\t\t\t\t  \n\t\t\t\t\t\t\t  <\/a>\n\n\t\t\t\t\t\t  <\/div>\n<\/div> <script>\n\t\t\t\t\t\t  jQuery(document).ready(function( $ ){\n\t\t\t\t\t\t\t\/\/jQuery('.yuzo_related_post').equalizer({ overflow : 'relatedthumb' });\n\t\t\t\t\t\t\tjQuery('.yuzo_related_post .yuzo_wraps').equalizer({ columns : '> div' });\n\t\t\t\t\t\t   })\n\t\t\t\t\t\t  <\/script> <!-- End Yuzo :) -->","protected":false},"excerpt":{"rendered":"<p>Parlamentares da base aliada do governo federal recorreram ao X para criticar o Senado Federal ap\u00f3s a rejei\u00e7\u00e3o, nesta quarta-feira (29), da indica\u00e7\u00e3o do Advogado-Geral da Uni\u00e3o (AGU), Jorge Messias, para uma vaga no STF (Supremo Tribunal Federal). A decis\u00e3o foi a primeira do tipo desde 1894 e dividiu o campo pol\u00edtico. A deputada federal [&hellip;]<\/p>\n","protected":false},"author":2,"featured_media":0,"comment_status":"open","ping_status":"closed","sticky":false,"template":"","format":"standard","meta":{"fifu_image_url":"","fifu_image_alt":"","footnotes":""},"categories":[53154,53141,1034,31980,1104,4032,5092,114,3866,536,9487,423,478,1009,30570,11855,674,1726,1518,112,4082,40421,39248,132,9142,23481,531,260,7236,25085,893],"tags":[],"class_list":["post-85423","post","type-post","status-publish","format-standard","hentry","category-34-favoraveis","category-42-votos-contrarios","category-abstencao","category-advogado-geral-da-uniao","category-agu","category-aposentadoria","category-base-aliada","category-bolsonarismo","category-crise-institucional","category-democracia","category-edinho-silva","category-extrema-direita","category-guilherme-boulos","category-indicacao","category-instabilidade","category-ivan-valente","category-jandira-feghali","category-jorge-messias","category-luis-roberto-barroso","category-lula","category-plenario","category-poder-executivo","category-poder-legislativo","category-politica","category-politizacao","category-rejeicao","category-senado","category-stf","category-supremo-tribunal-federal","category-vaga","category-votacao"],"_links":{"self":[{"href":"https:\/\/redept.com.br\/blogosfera\/wp-json\/wp\/v2\/posts\/85423","targetHints":{"allow":["GET"]}}],"collection":[{"href":"https:\/\/redept.com.br\/blogosfera\/wp-json\/wp\/v2\/posts"}],"about":[{"href":"https:\/\/redept.com.br\/blogosfera\/wp-json\/wp\/v2\/types\/post"}],"author":[{"embeddable":true,"href":"https:\/\/redept.com.br\/blogosfera\/wp-json\/wp\/v2\/users\/2"}],"replies":[{"embeddable":true,"href":"https:\/\/redept.com.br\/blogosfera\/wp-json\/wp\/v2\/comments?post=85423"}],"version-history":[{"count":0,"href":"https:\/\/redept.com.br\/blogosfera\/wp-json\/wp\/v2\/posts\/85423\/revisions"}],"wp:attachment":[{"href":"https:\/\/redept.com.br\/blogosfera\/wp-json\/wp\/v2\/media?parent=85423"}],"wp:term":[{"taxonomy":"category","embeddable":true,"href":"https:\/\/redept.com.br\/blogosfera\/wp-json\/wp\/v2\/categories?post=85423"},{"taxonomy":"post_tag","embeddable":true,"href":"https:\/\/redept.com.br\/blogosfera\/wp-json\/wp\/v2\/tags?post=85423"}],"curies":[{"name":"wp","href":"https:\/\/api.w.org\/{rel}","templated":true}]}}