{"id":85425,"date":"2026-04-29T22:08:10","date_gmt":"2026-04-30T01:08:10","guid":{"rendered":"https:\/\/redept.com.br\/blogosfera\/alcolumbre-afirmou-a-lider-do-pl-atuar-contra-messias-faca-a-sua-parte-faco-a-minha\/"},"modified":"2026-04-29T22:08:10","modified_gmt":"2026-04-30T01:08:10","slug":"alcolumbre-afirmou-a-lider-do-pl-atuar-contra-messias-faca-a-sua-parte-faco-a-minha","status":"publish","type":"post","link":"https:\/\/redept.com.br\/blogosfera\/alcolumbre-afirmou-a-lider-do-pl-atuar-contra-messias-faca-a-sua-parte-faco-a-minha\/","title":{"rendered":"Alcolumbre afirmou a l\u00edder do PL atuar contra Messias: \u201cfa\u00e7a a sua parte, fa\u00e7o a minha\u201d"},"content":{"rendered":"<p>Com muitos gritos e aplausos, deputados e senadores da direita e da ultradireita amontoaram-se em frente ao plen\u00e1rio do Senado para celebrar uma derrota hist\u00f3rica do Governo Lula, na noite desta quarta-feira (29). A Casa rejeitou \u2014 por 42 a 34 votos, al\u00e9m de uma absten\u00e7\u00e3o \u2014 o nome do Advogado-Geral da Uni\u00e3o, Jorge Messias, \u00e0 vaga deixada por Roberto Barroso no Supremo Tribunal Federal (STF). Foi a primeira rejei\u00e7\u00e3o de uma indica\u00e7\u00e3o presidencial \u00e0 Corte desde 1894.<\/p>\n<p>A <strong>Ag\u00eancia P\u00fablica<\/strong> apurou que o resultado da vota\u00e7\u00e3o n\u00e3o surpreendeu o presidente do Congresso Nacional, Davi Alcolumbre (Uni\u00e3o-AP), que teria articulado ativamente contra Messias e, inclusive, confirmado isso a outro parlamentar.<\/p>\n<p>Em di\u00e1logos com correligion\u00e1rios, o l\u00edder do PL, S\u00f3stenes Cavalcante (RJ), teria repetido v\u00e1rias vezes, em clima de festa, que Jorge Messias foi rejeitado \u201cgra\u00e7as a Alcolumbre\u201d. Ele ainda contou a amigos que \u2014 horas antes da vota\u00e7\u00e3o \u2014 teria ligado ao presidente do Congresso para obter informa\u00e7\u00f5es sobre as tratativas para barrar a indica\u00e7\u00e3o de Lula. Alcolumbre teria respondido: \u201cFa\u00e7a a sua parte, que eu fa\u00e7o a minha\u201d.<\/p>\n<p><!-- alsoRead -->Nas \u00faltimas duas semanas, o Governo montou uma for\u00e7a-tarefa para angariar apoio \u00e0 vota\u00e7\u00e3o no Senado. Senadoras da base governista, por exemplo, foram incumbidas da miss\u00e3o de convencer as colegas mulheres do parlamento. At\u00e9 mesmo o ministro Andr\u00e9 Mendon\u00e7a, indicado pelo ex-presidente Jair Bolsonaro (PL) e considerado o nome \u201cterrivelmente evang\u00e9lico\u201d no Supremo, trabalhou em favor de Jorge Messias.<\/p>\n<h2><strong>Tens\u00e3o entre governistas<\/strong><\/h2>\n<p>Desde o in\u00edcio da sabatina na Comiss\u00e3o de Constitui\u00e7\u00e3o, Justi\u00e7a e Cidadania (CCJ), \u00e0s 9h da manh\u00e3, senadores petistas mostraram preocupa\u00e7\u00e3o com um poss\u00edvel placar negativo na aprecia\u00e7\u00e3o em plen\u00e1rio. Diante da preocupa\u00e7\u00e3o, uma reuni\u00e3o entre o l\u00edder do PT no Senado, Jaques Wagner (BA), e o presidente da Rep\u00fablica teria ocorrido no Pal\u00e1cio do Planalto enquanto Messias era sabatinado.<\/p>\n<p>Numa das coletivas concedidas \u00e0 imprensa, Wagner foi receoso ao citar o resultado esperado pelo governo: \u201cmais de 41\u201d, disse ele, referindo-se ao n\u00famero m\u00ednimo de votos necess\u00e1rios para aprova\u00e7\u00e3o. Algo que n\u00e3o foi alcan\u00e7ado.<\/p>\n<p>Com a rejei\u00e7\u00e3o, o presidente Lula precisa anunciar um novo nome ao Supremo, para ser avaliado novamente pelo Senado.<\/p>\n<figure><img fetchpriority=\"high\" data-recalc-dims=\"1\" fetchpriority=\"high\" decoding=\"async\" width=\"640\" height=\"427\"src=\"https:\/\/i0.wp.com\/apublica.org\/wp-content\/uploads\/2026\/04\/Foto1_Alcolumbre-afirmou-a-lider-do-PL-atuar-contra-Messias-faca-a-sua-parte-faco-a-minha-1.jpg?w=1200&amp;ssl=1\" alt=\"Plen\u00e1rio do Senado Federal durante sess\u00e3o deliberativa ordin\u00e1ria destinada \u00e0 delibera\u00e7\u00e3o de autoridades. Ordem do dia. \n\nMesa: \npresidente do Senado Federal, senador Davi Alcolumbre (Uni\u00e3o-AP); \n\nFoto: Waldemir Barreto\/Ag\u00eancia Senado\" srcset=\"https:\/\/i0.wp.com\/apublica.org\/wp-content\/uploads\/2026\/04\/Foto1_Alcolumbre-afirmou-a-lider-do-PL-atuar-contra-Messias-faca-a-sua-parte-faco-a-minha-1.jpg?w=1200&amp;ssl=1 1200w, https:\/\/i0.wp.com\/apublica.org\/wp-content\/uploads\/2026\/04\/Foto1_Alcolumbre-afirmou-a-lider-do-PL-atuar-contra-Messias-faca-a-sua-parte-faco-a-minha-1.jpg?resize=800%2C533&amp;ssl=1 800w, https:\/\/i0.wp.com\/apublica.org\/wp-content\/uploads\/2026\/04\/Foto1_Alcolumbre-afirmou-a-lider-do-PL-atuar-contra-Messias-faca-a-sua-parte-faco-a-minha-1.jpg?resize=150%2C100&amp;ssl=1 150w\" sizes=\"(max-width: 709px) 85vw, (max-width: 909px) 67vw, (max-width: 1362px) 62vw, 2400px\"><\/figure>\n<h2><strong>O sil\u00eancio de Alcolumbre<\/strong><\/h2>\n<p>Alcolumbre estava insatisfeito com a sugest\u00e3o de Lula ao STF desde o an\u00fancio feito pelo petista em 20 de novembro de 2025. O presidente do Congresso atuava pela indica\u00e7\u00e3o de Rodrigo Pacheco (PSB-MG) e se sentiu tra\u00eddo por Lula ao ser contrariado.<\/p>\n<p>\u00c0 \u00e9poca do an\u00fancio de Lula, a aprova\u00e7\u00e3o de Messias era considerada invi\u00e1vel pelo Governo, pois Davi Alcolumbre estaria \u201cjogando contra\u201d no Congresso. Mesmo ap\u00f3s cinco meses de intensas conversas e reuni\u00f5es, os l\u00edderes do governo n\u00e3o conseguiram o aval e o apoio do presidente do Congresso para a aprova\u00e7\u00e3o de Messias. Contudo, os parlamentares chegaram a afirmar, nos bastidores, que tinham conquistado um meio-termo: o \u201csil\u00eancio\u201d de Alcolumbre \u2014 uma promessa de que ele n\u00e3o atuaria nem contra nem a favor.<\/p>\n<p>Em meio \u00e0s negocia\u00e7\u00f5es para aprovar Messias, o governo ofereceu cargos em autarquias ao grupo de Alcolumbre e a partidos do Centr\u00e3o. Agora, por\u00e9m, o Governo promete um rompimento oficial com o presidente do Congresso, o que pode resultar na exonera\u00e7\u00e3o de cargos em minist\u00e9rios e outras institui\u00e7\u00f5es federais, al\u00e9m de tensionar as pautas que ainda ser\u00e3o avaliadas pelos congressistas, como a redu\u00e7\u00e3o da escala de trabalho 6\u00d71.<\/p>\n<h2><strong>A hora da derrota<\/strong><\/h2>\n<p>Assim que o resultado da derrota se materializou contra Messias \u2014 42 votos contra, 34 a favor \u2014, o Advogado-Geral da Uni\u00e3o e agora indicado derrotado ao STF, abra\u00e7ou sua esposa na sala do Congresso reservada \u00e0 lideran\u00e7a do PT. O ar era de consterna\u00e7\u00e3o.<\/p>\n<p>Ao anunciar o ineditismo hist\u00f3rico, quando os n\u00fameros finais iluminaram o painel com a contagem final que enterrava a indica\u00e7\u00e3o de Messias, Davi Alcolumbre, presidente do Senado e figura apontada nos bastidores como o arquiteto silencioso da rejei\u00e7\u00e3o, levantou-se da mesa e abra\u00e7ou Jaques Wagner, l\u00edder do governo no Senado. O encontro entre o fiador da derrota e o representante do governo teve uma conversa ao p\u00e9 do ouvido. O conte\u00fado do sussurro perdeu-se no barulho do plen\u00e1rio, mas a imagem registrada fala por si.<\/p>\n<p>O senador Rog\u00e9rio Marinho (PL-RN), l\u00edder da oposi\u00e7\u00e3o, declarou que o epis\u00f3dio simboliza o fim de \u201cLula 3\u201d, argumentando que o presidente perdeu credibilidade e legitimidade para conduzir negocia\u00e7\u00f5es na Casa.<\/p>\n<p>Do lado governista, a tentativa foi minimizar os danos institucionais. O l\u00edder do governo no Congresso, senador Randolfe Rodrigues (PT-AP), assegurou que a rela\u00e7\u00e3o entre Executivo e Legislativo n\u00e3o sofrer\u00e1 altera\u00e7\u00f5es, atribuindo o resultado a circunst\u00e2ncias pol\u00edticas e \u00e0 proximidade do per\u00edodo eleitoral.<\/p>\n<p>O relator da indica\u00e7\u00e3o na Comiss\u00e3o de Constitui\u00e7\u00e3o e Justi\u00e7a (CCJ), senador Weverton (PDT-MA), reconheceu a derrota e indicou que o presidente n\u00e3o deve enviar, de imediato, um novo nome para substituir o ministro Lu\u00eds Roberto Barroso, que antecipou sua aposentadoria para outubro de 2025.<\/p>\n<p>J\u00e1 Andr\u00e9 Mendon\u00e7a, que fez campanha a favor de Messias, declarou: \u201cRespeito a decis\u00e3o do Senado, mas n\u00e3o posso deixar de externar minha opini\u00e3o. O Brasil perde a oportunidade de ter um grande ministro do Supremo. Messias \u00e9 um homem de car\u00e1ter, \u00edntegro e que preenche os requisitos constitucionais para ser Ministro do STF\u201d.<\/p>\n<p>\u00c0 <strong>P\u00fablica<\/strong>, o fil\u00f3sofo Vladimir Safatle comentou o resultado: \u201cO Senado e o Congresso declararam guerra contra o Executivo.\u201d Para ele, Lula precisa entender que o Congresso \u00e9 seu inimigo. \u201cEsse modelo, do Lula conciliat\u00f3rio, j\u00e1 tenho dito isso h\u00e1 algum tempo, n\u00e3o funciona mais.\u201d<\/p>\n<!-- Begin Yuzo --><div class='yuzo_related_post style-1'  data-version='5.12.89'><!-- without result --><div class='yuzo_clearfixed yuzo__title yuzo__title'><h3>Related Post<\/h3><\/div>\n\t\t\t\t\t\t  <div class=\"relatedthumb \" style=\"width:125px;float:left;overflow:hidden;\">  \n\t\t\t\t\t\t\t  \n\t\t\t\t\t\t\t  <a  href=\"https:\/\/redept.com.br\/blogosfera\/justica-manda-fazendeiros-deixarem-area-destinada-a-reforma-agraria-no-mato-grosso\/\"  >\n\t\t\t\t\t\t\t\t\t  <div class=\"yuzo-img-wrap \" style=\"width: 125px;height:90px;\">\n\t\t\t\t\t\t\t\t\t\t\n\t\t\t\t\t\t\t\t\t\t<div class=\"yuzo-img\" style=\"background:url('https:\/\/redept.com.br\/blogosfera\/wp-content\/uploads\/2026\/03\/WhatsApp-Image-2025-09-12-at-115512-1024x768-1-150x150.jpeg') 50% 50% no-repeat;width: 125px;height:90px;margin-bottom: 5px;background-size: cover; \"><\/div>\n\t\t\t\t\t\t\t\t\t  <\/div>\n\t\t\t\t\t\t\t\t\t  \n\t\t\t\t\t\t\t\t   <span class=\"yuzo__text--title\" style=\"font-size:13px;\">Justi\u00e7a manda fazendeiros deixarem \u00e1rea destinada ...<\/span>\n\t\t\t\t\t\t\t  \n\t\t\t\t\t\t\t  \n\t\t\t\t\t\t\t  <\/a>\n\n\t\t\t\t\t\t  <\/div>\n\t\t\t\t\t\t  <div class=\"relatedthumb \" style=\"width:125px;float:left;overflow:hidden;\">  \n\t\t\t\t\t\t\t  \n\t\t\t\t\t\t\t  <a  href=\"https:\/\/redept.com.br\/blogosfera\/controladoria-investiga-primo-de-secretario-de-nunes-por-r-710-mil-em-caches-em-sp\/\"  >\n\t\t\t\t\t\t\t\t\t  <div class=\"yuzo-img-wrap \" style=\"width: 125px;height:90px;\">\n\t\t\t\t\t\t\t\t\t\t\n\t\t\t\t\t\t\t\t\t\t<div class=\"yuzo-img\" style=\"background:url('https:\/\/redept.org\/blogosfera\/wp-content\/plugins\/yuzo-related-post\/assets\/images\/default.png') 50% 50% no-repeat;width: 125px;height:90px;margin-bottom: 5px;background-size: cover; \"><\/div>\n\t\t\t\t\t\t\t\t\t  <\/div>\n\t\t\t\t\t\t\t\t\t  \n\t\t\t\t\t\t\t\t   <span class=\"yuzo__text--title\" style=\"font-size:13px;\">Controladoria investiga primo de secret\u00e1rio de Nun...<\/span>\n\t\t\t\t\t\t\t  \n\t\t\t\t\t\t\t  \n\t\t\t\t\t\t\t  <\/a>\n\n\t\t\t\t\t\t  <\/div>\n\t\t\t\t\t\t  <div class=\"relatedthumb \" style=\"width:125px;float:left;overflow:hidden;\">  \n\t\t\t\t\t\t\t  \n\t\t\t\t\t\t\t  <a  href=\"https:\/\/redept.com.br\/blogosfera\/33-anos-do-atentado-contra-o-centro-de-tradicoes-nordestinas-de-sao-paulo\/\"  >\n\t\t\t\t\t\t\t\t\t  <div class=\"yuzo-img-wrap \" style=\"width: 125px;height:90px;\">\n\t\t\t\t\t\t\t\t\t\t\n\t\t\t\t\t\t\t\t\t\t<div class=\"yuzo-img\" style=\"background:url('https:\/\/redept.com.br\/blogosfera\/wp-content\/uploads\/2025\/09\/ctn_-_festa_funina-150x150.jpg') 50% 50% no-repeat;width: 125px;height:90px;margin-bottom: 5px;background-size: cover; \"><\/div>\n\t\t\t\t\t\t\t\t\t  <\/div>\n\t\t\t\t\t\t\t\t\t  \n\t\t\t\t\t\t\t\t   <span class=\"yuzo__text--title\" style=\"font-size:13px;\">33 anos do atentado contra o Centro de Tradi\u00e7\u00f5es N...<\/span>\n\t\t\t\t\t\t\t  \n\t\t\t\t\t\t\t  \n\t\t\t\t\t\t\t  <\/a>\n\n\t\t\t\t\t\t  <\/div>\n\t\t\t\t\t\t  <div class=\"relatedthumb \" style=\"width:125px;float:left;overflow:hidden;\">  \n\t\t\t\t\t\t\t  \n\t\t\t\t\t\t\t  <a  href=\"https:\/\/redept.com.br\/blogosfera\/combater-o-machismo-nas-fileiras-do-partido-e-condicao-para-a-revolucao\/\"  >\n\t\t\t\t\t\t\t\t\t  <div class=\"yuzo-img-wrap \" style=\"width: 125px;height:90px;\">\n\t\t\t\t\t\t\t\t\t\t\n\t\t\t\t\t\t\t\t\t\t<div class=\"yuzo-img\" style=\"background:url('https:\/\/redept.com.br\/blogosfera\/wp-content\/uploads\/2025\/06\/54385118804_99bb8cafd1_o-150x150.jpg') 50% 50% no-repeat;width: 125px;height:90px;margin-bottom: 5px;background-size: cover; \"><\/div>\n\t\t\t\t\t\t\t\t\t  <\/div>\n\t\t\t\t\t\t\t\t\t  \n\t\t\t\t\t\t\t\t   <span class=\"yuzo__text--title\" style=\"font-size:13px;\">Combater o machismo nas fileiras do partido \u00e9 cond...<\/span>\n\t\t\t\t\t\t\t  \n\t\t\t\t\t\t\t  \n\t\t\t\t\t\t\t  <\/a>\n\n\t\t\t\t\t\t  <\/div>\n<\/div> <script>\n\t\t\t\t\t\t  jQuery(document).ready(function( $ ){\n\t\t\t\t\t\t\t\/\/jQuery('.yuzo_related_post').equalizer({ overflow : 'relatedthumb' });\n\t\t\t\t\t\t\tjQuery('.yuzo_related_post .yuzo_wraps').equalizer({ columns : '> div' });\n\t\t\t\t\t\t   })\n\t\t\t\t\t\t  <\/script> <!-- End Yuzo :) -->","protected":false},"excerpt":{"rendered":"<p>42 votos contra e 34 a favor imp\u00f4s derrota acachapante ao presidente Lula; saiba bastidores<\/p>\n","protected":false},"author":2,"featured_media":0,"comment_status":"open","ping_status":"closed","sticky":false,"template":"","format":"standard","meta":{"fifu_image_url":"","fifu_image_alt":"","footnotes":""},"categories":[132,5557,531,260],"tags":[],"class_list":["post-85425","post","type-post","status-publish","format-standard","hentry","category-politica","category-portugues","category-senado","category-stf"],"_links":{"self":[{"href":"https:\/\/redept.com.br\/blogosfera\/wp-json\/wp\/v2\/posts\/85425","targetHints":{"allow":["GET"]}}],"collection":[{"href":"https:\/\/redept.com.br\/blogosfera\/wp-json\/wp\/v2\/posts"}],"about":[{"href":"https:\/\/redept.com.br\/blogosfera\/wp-json\/wp\/v2\/types\/post"}],"author":[{"embeddable":true,"href":"https:\/\/redept.com.br\/blogosfera\/wp-json\/wp\/v2\/users\/2"}],"replies":[{"embeddable":true,"href":"https:\/\/redept.com.br\/blogosfera\/wp-json\/wp\/v2\/comments?post=85425"}],"version-history":[{"count":0,"href":"https:\/\/redept.com.br\/blogosfera\/wp-json\/wp\/v2\/posts\/85425\/revisions"}],"wp:attachment":[{"href":"https:\/\/redept.com.br\/blogosfera\/wp-json\/wp\/v2\/media?parent=85425"}],"wp:term":[{"taxonomy":"category","embeddable":true,"href":"https:\/\/redept.com.br\/blogosfera\/wp-json\/wp\/v2\/categories?post=85425"},{"taxonomy":"post_tag","embeddable":true,"href":"https:\/\/redept.com.br\/blogosfera\/wp-json\/wp\/v2\/tags?post=85425"}],"curies":[{"name":"wp","href":"https:\/\/api.w.org\/{rel}","templated":true}]}}