{"id":85455,"date":"2026-04-30T04:00:00","date_gmt":"2026-04-30T07:00:00","guid":{"rendered":"https:\/\/redept.com.br\/blogosfera\/cargill-e-jbs-sao-alvos-do-mpt-por-trabalho-analogo-ao-escravo-em-suas-cadeias-produtivas\/"},"modified":"2026-04-30T04:00:00","modified_gmt":"2026-04-30T07:00:00","slug":"cargill-e-jbs-sao-alvos-do-mpt-por-trabalho-analogo-ao-escravo-em-suas-cadeias-produtivas","status":"publish","type":"post","link":"https:\/\/redept.com.br\/blogosfera\/cargill-e-jbs-sao-alvos-do-mpt-por-trabalho-analogo-ao-escravo-em-suas-cadeias-produtivas\/","title":{"rendered":"Cargill e JBS s\u00e3o alvos do MPT por trabalho an\u00e1logo ao escravo em suas cadeias produtivas"},"content":{"rendered":"<p>O levantamento da primeira fase do projeto \u201cRea\u00e7\u00e3o em Cadeia\u201d, realizado pelo Minist\u00e9rio P\u00fablico do Trabalho (MPT), mostrou que o trabalho an\u00e1logo \u00e0 escravid\u00e3o est\u00e1 inserido nas cadeias produtivas de grandes empresas brasileiras, algumas delas bilion\u00e1rias. Mais de R$ 48 bilh\u00f5es em opera\u00e7\u00f5es comerciais ligam cerca de 50 grandes corpora\u00e7\u00f5es, e suas cadeias produtivas, ao trabalho an\u00e1logo \u00e0 escravid\u00e3o.<\/p>\n<p>Entre elas, est\u00e3o a JBS S.A. e a Cargill, dois dos maiores nomes do agroneg\u00f3cio global, que passaram a responder a A\u00e7\u00f5es Civis P\u00fablicas ap\u00f3s se recusarem a firmar acordos de ajustamento de conduta junto ao MPT. Nas mesmas condi\u00e7\u00f5es est\u00e3o mais tr\u00eas empresas: A Brasil Global Agroindustrial Ltda; a CM Distribuidora de Alimentos Ltda e a RRX Com\u00e9rcio de Carnes Eireli.<\/p>\n<p>Outras sete organiza\u00e7\u00f5es e dois munic\u00edpios firmaram termos de ajustes de conduta (TAC) ap\u00f3s a identifica\u00e7\u00e3o de fornecedores ligados ao trabalho an\u00e1logo ao escravo: Gol Combust\u00edveis S\/A, Agropecu\u00e1ria Nova G\u00e1lia, \u00c2ncora Sider\u00fargica Ltda, Balbinos Agroindustrial \u2013 Eireli, Bonna Vitta Ind\u00fastria e Com\u00e9rcio Ltda; Sidermin Sider\u00fargica Mineira Ltda, Viena Sider\u00fargica e as cidades de Soledade (RS) e Tapero\u00e1 (PB).<\/p>\n<p>Os dados revelados pelo MPT s\u00e3o o resultado de uma investiga\u00e7\u00e3o complexa que partiu dos resgates de pessoas submetidas a condi\u00e7\u00f5es an\u00e1logas \u00e0 escravid\u00e3o e reconstruiu as rela\u00e7\u00f5es comerciais dos acusados at\u00e9 chegar \u00e0s empresas que compravam os produtos frutos dessa explora\u00e7\u00e3o. Nesse percurso, aparecem frigor\u00edficos, empresas agr\u00edcolas e grandes compradores que sustentam a demanda.<\/p>\n<p>Segundo o levantamento, mais de 50 empresas foram identificadas com v\u00ednculos comerciais com fornecedores flagrados por trabalho an\u00e1logo \u00e0 escravid\u00e3o apenas no recorte recente da investiga\u00e7\u00e3o, que teve in\u00edcio em 2024. Al\u00e9m das empresas que firmaram acordos ou est\u00e3o respondendo a a\u00e7\u00f5es civis p\u00fablicas j\u00e1 divulgadas, outras est\u00e3o em negocia\u00e7\u00e3o. A situa\u00e7\u00e3o indica n\u00e3o apenas a extens\u00e3o do problema, mas tamb\u00e9m a dificuldade de rastrear todas as conex\u00f5es dentro de cadeias produtivas longas e fragmentadas.<\/p>\n<p>Como explicou o chefe da Coordenadoria Nacional de Erradica\u00e7\u00e3o do Trabalho Escravo e Enfrentamento ao Tr\u00e1fico de Pessoas (Conaete) do MPT, Luciano Arag\u00e3o, o crit\u00e9rio n\u00e3o foi o tamanho das empresas, mas o v\u00ednculo comprovado com fornecedores irregulares.<\/p>\n<p>\u201cA investiga\u00e7\u00e3o come\u00e7a com o fornecedor flagrado com trabalho an\u00e1logo \u00e0 escravid\u00e3o, algo j\u00e1 comprovado. A partir disso, o que se faz \u00e9 identificar quem comprou essa produ\u00e7\u00e3o, direta ou indiretamente. Foi esse rastreamento que levou \u00e0s empresas investigadas\u201d, explicou.<\/p>\n<p>Ao seguir esse fluxo, o resultado se repetiu com frequ\u00eancia, chegando a grandes institui\u00e7\u00f5es. \u201cN\u00e3o houve uma escolha pr\u00e9via por grandes empresas, mas, quando se olha para a cadeia, o que aparece s\u00e3o institui\u00e7\u00f5es relevantes, que t\u00eam peso econ\u00f4mico e influ\u00eancia real sobre o setor em que se inserem\u201d, disse Arag\u00e3o. A relev\u00e2ncia, segundo ele, pode ser nacional ou regional, mas sempre implica capacidade de determinar padr\u00f5es de produ\u00e7\u00e3o.<\/p>\n<div>\n<div>\n<h2>Por que isso importa?<\/h2>\n<\/p><\/div>\n<div>\n<ul>\n<li>O lucro l\u00edquido da JBS em 2025 foi de 2 bilh\u00f5es de d\u00f3lares, um crescimento de 15% na compara\u00e7\u00e3o com o ano anterior. J\u00e1 a Cargill Alimentos registrou um lucro l\u00edquido R$ 1,69 bilh\u00e3o no Brasil, ap\u00f3s fechar 2024 com preju\u00edzo l\u00edquido de R$ 1,73 bilh\u00e3o.<\/li>\n<li>O setor supermercadista foi o identificado como o de maior or\u00e7amento relacionado a fornecedores que utilizavam trabalho an\u00e1logo ao escravo: R$ 40 bilh\u00f5es.<\/li>\n<\/ul><\/div>\n<\/p><\/div>\n<p>\u00c9 nesse ponto que entram JBS e Cargill. As duas empresas figuram entre aquelas contra as quais o MPT j\u00e1 ajuizou a\u00e7\u00f5es civis p\u00fablicas. Na pr\u00e1tica, isso significa que elas foram chamadas para negociar um Termo de Ajustamento de Conduta (TAC) e n\u00e3o houve acordo. O TAC \u00e9 um instrumento extrajudicial que busca evitar disputas prolongadas na Justi\u00e7a. O termo permite que a empresa assuma compromissos concretos para corrigir as irregularidades identificadas, reparar danos coletivos e implementar mecanismos de preven\u00e7\u00e3o. Ao recusar esse acordo, o conflito segue para o Judici\u00e1rio, onde pode resultar em condena\u00e7\u00f5es e imposi\u00e7\u00e3o de obriga\u00e7\u00f5es mais r\u00edgidas.<\/p>\n<p>A JBS e a Cargill foram procuradas pela <strong>Ag\u00eancia P\u00fablica<\/strong>, mas n\u00e3o responderam at\u00e9 a publica\u00e7\u00e3o desta mat\u00e9ria. Caso se manifestem, o texto ser\u00e1 atualizado.\u00a0<\/p>\n<h2><strong>Empresas n\u00e3o podem alegar desconhecimento, diz MPT<\/strong><\/h2>\n<p>O material apresentado pelo MPT mostra que essas rela\u00e7\u00f5es comerciais n\u00e3o s\u00e3o epis\u00f3dicas. A metodologia adotada pelo \u00f3rg\u00e3o buscou justamente evitar distor\u00e7\u00f5es, a conex\u00e3o entre empresa e fornecedor foi estabelecida com base em recortes temporais que incluem o per\u00edodo de contrata\u00e7\u00e3o dos trabalhadores, os meses que antecederam a fiscaliza\u00e7\u00e3o e o tempo posterior \u00e0 inclus\u00e3o na lista suja.<\/p>\n<p>O MPT argumenta que grandes empresas n\u00e3o podem alegar desconhecimento sobre irregularidades na cadeia produtiva. Luciano Arag\u00e3o explicou que: \u201cn\u00e3o \u00e9 razo\u00e1vel que empresas inseridas em setores com hist\u00f3rico recorrente de trabalho an\u00e1logo \u00e0 escravid\u00e3o simplesmente afirmem que n\u00e3o sabiam. Quando h\u00e1 condi\u00e7\u00f5es e dever de saber, a omiss\u00e3o deixa de ser um erro e passa a ser uma escolha\u201d.<\/p>\n<p>Esse entendimento se baseia na teoria da \u201ccegueira deliberada\u201d, apontada por Arag\u00e3o, segundo a qual a empresa que opta por ignorar sinais evidentes de irregularidade assume o risco da ocorr\u00eancia do il\u00edcito. No contexto das cadeias produtivas, isso significa que n\u00e3o basta exigir documentos ou confiar em declara\u00e7\u00f5es formais dos fornecedores. \u00c9 necess\u00e1rio monitorar, de forma efetiva, as condi\u00e7\u00f5es de trabalho.<\/p>\n<p>Um dos pontos mais cr\u00edticos identificados pelo MPT est\u00e1 justamente na dist\u00e2ncia entre o discurso e a pr\u00e1tica. Muitas empresas afirmam adotar pol\u00edticas de controle, mas realizam poucas auditorias, frequentemente anunciadas com anteced\u00eancia, o que permite a oculta\u00e7\u00e3o de irregularidades. Em cadeias com milhares de fornecedores, esse tipo de controle se mostra insuficiente.<\/p>\n<p>O projeto \u201cRea\u00e7\u00e3o em Cadeia\u201d surgiu como uma tentativa de romper com um modelo que, embora tenha garantido milhares de resgates ao longo das \u00faltimas d\u00e9cadas, n\u00e3o conseguiu reduzir a incid\u00eancia do problema. Segundo o material, \u201co trabalho escravo contempor\u00e2neo est\u00e1 profundamente enraizado nas cadeias de fornecimento de grandes empresas e marcas de proje\u00e7\u00e3o nacional e internacional\u201d e \u201cn\u00e3o s\u00e3o casos isolados ou pontuais\u201d, ressalta o coordenador.<\/p>\n<p>O padr\u00e3o descrito se repete: um fornecedor \u00e9 flagrado, deixa de vender para determinados compradores e rapidamente \u00e9 substitu\u00eddo por outro, muitas vezes operando nas mesmas condi\u00e7\u00f5es, numa l\u00f3gica que, segundo o pr\u00f3prio MPT, muitas vezes se resume \u00e0 \u201ctroca de CNPJ\u201d dentro da cadeia produtiva.<\/p>\n<!-- Begin Yuzo --><div class='yuzo_related_post style-1'  data-version='5.12.89'><!-- without result --><div class='yuzo_clearfixed yuzo__title yuzo__title'><h3>Related Post<\/h3><\/div>\n\t\t\t\t\t\t  <div class=\"relatedthumb \" style=\"width:125px;float:left;overflow:hidden;\">  \n\t\t\t\t\t\t\t  \n\t\t\t\t\t\t\t  <a  href=\"https:\/\/redept.com.br\/blogosfera\/trump-publica-imagem-manipulada-como-presidente-interino-da-venezuela\/\"  >\n\t\t\t\t\t\t\t\t\t  <div class=\"yuzo-img-wrap \" style=\"width: 125px;height:90px;\">\n\t\t\t\t\t\t\t\t\t\t\n\t\t\t\t\t\t\t\t\t\t<div class=\"yuzo-img\" style=\"background:url('https:\/\/redept.com.br\/blogosfera\/wp-content\/uploads\/2026\/01\/foto-compartilhada-pelo-presidente-donald-trump-simula-uma-pagina-de-wikipedia-1768216099958_v2_360x480png-150x150.webp') 50% 50% no-repeat;width: 125px;height:90px;margin-bottom: 5px;background-size: cover; \"><\/div>\n\t\t\t\t\t\t\t\t\t  <\/div>\n\t\t\t\t\t\t\t\t\t  \n\t\t\t\t\t\t\t\t   <span class=\"yuzo__text--title\" style=\"font-size:13px;\">Trump publica imagem manipulada como \u2018presidente i...<\/span>\n\t\t\t\t\t\t\t  \n\t\t\t\t\t\t\t  \n\t\t\t\t\t\t\t  <\/a>\n\n\t\t\t\t\t\t  <\/div>\n\t\t\t\t\t\t  <div class=\"relatedthumb \" style=\"width:125px;float:left;overflow:hidden;\">  \n\t\t\t\t\t\t\t  \n\t\t\t\t\t\t\t  <a  href=\"https:\/\/redept.com.br\/blogosfera\/dino-manda-investigar-uso-de-r694-milhoes-em-emendas-pix-sem-plano\/\"  >\n\t\t\t\t\t\t\t\t\t  <div class=\"yuzo-img-wrap \" style=\"width: 125px;height:90px;\">\n\t\t\t\t\t\t\t\t\t\t\n\t\t\t\t\t\t\t\t\t\t<div class=\"yuzo-img\" style=\"background:url('https:\/\/redept.org\/blogosfera\/wp-content\/plugins\/yuzo-related-post\/assets\/images\/default.png') 50% 50% no-repeat;width: 125px;height:90px;margin-bottom: 5px;background-size: cover; \"><\/div>\n\t\t\t\t\t\t\t\t\t  <\/div>\n\t\t\t\t\t\t\t\t\t  \n\t\t\t\t\t\t\t\t   <span class=\"yuzo__text--title\" style=\"font-size:13px;\">Dino manda investigar uso de R$694 milh\u00f5es em emen...<\/span>\n\t\t\t\t\t\t\t  \n\t\t\t\t\t\t\t  \n\t\t\t\t\t\t\t  <\/a>\n\n\t\t\t\t\t\t  <\/div>\n\t\t\t\t\t\t  <div class=\"relatedthumb \" style=\"width:125px;float:left;overflow:hidden;\">  \n\t\t\t\t\t\t\t  \n\t\t\t\t\t\t\t  <a  href=\"https:\/\/redept.com.br\/blogosfera\/dionisio-cerqueira-relembra-100-anos-do-combate-da-coluna-prestes\/\"  >\n\t\t\t\t\t\t\t\t\t  <div class=\"yuzo-img-wrap \" style=\"width: 125px;height:90px;\">\n\t\t\t\t\t\t\t\t\t\t\n\t\t\t\t\t\t\t\t\t\t<div class=\"yuzo-img\" style=\"background:url('https:\/\/redept.com.br\/blogosfera\/wp-content\/uploads\/2025\/03\/Associacao-Nacional-em-SC-homenageia-confrontos-de-1925-quando-tropas-legalistas-se-enfrentaram-por-engano-150x150.jpeg') 50% 50% no-repeat;width: 125px;height:90px;margin-bottom: 5px;background-size: cover; \"><\/div>\n\t\t\t\t\t\t\t\t\t  <\/div>\n\t\t\t\t\t\t\t\t\t  \n\t\t\t\t\t\t\t\t   <span class=\"yuzo__text--title\" style=\"font-size:13px;\">Dion\u00edsio Cerqueira relembra 100 anos do combate da...<\/span>\n\t\t\t\t\t\t\t  \n\t\t\t\t\t\t\t  \n\t\t\t\t\t\t\t  <\/a>\n\n\t\t\t\t\t\t  <\/div>\n\t\t\t\t\t\t  <div class=\"relatedthumb \" style=\"width:125px;float:left;overflow:hidden;\">  \n\t\t\t\t\t\t\t  \n\t\t\t\t\t\t\t  <a  href=\"https:\/\/redept.com.br\/blogosfera\/ativistas-do-palestine-action-mantem-greve-de-fome-em-prisoes-britanicas-e-correm-risco-de-morte\/\"  >\n\t\t\t\t\t\t\t\t\t  <div class=\"yuzo-img-wrap \" style=\"width: 125px;height:90px;\">\n\t\t\t\t\t\t\t\t\t\t\n\t\t\t\t\t\t\t\t\t\t<div class=\"yuzo-img\" style=\"background:url('https:\/\/redept.com.br\/blogosfera\/wp-content\/uploads\/2026\/01\/captura-de-tela-2025-12-25-184051-1-150x150.webp') 50% 50% no-repeat;width: 125px;height:90px;margin-bottom: 5px;background-size: cover; \"><\/div>\n\t\t\t\t\t\t\t\t\t  <\/div>\n\t\t\t\t\t\t\t\t\t  \n\t\t\t\t\t\t\t\t   <span class=\"yuzo__text--title\" style=\"font-size:13px;\">Ativistas do Palestine Action mant\u00eam greve de fome...<\/span>\n\t\t\t\t\t\t\t  \n\t\t\t\t\t\t\t  \n\t\t\t\t\t\t\t  <\/a>\n\n\t\t\t\t\t\t  <\/div>\n<\/div> <script>\n\t\t\t\t\t\t  jQuery(document).ready(function( $ ){\n\t\t\t\t\t\t\t\/\/jQuery('.yuzo_related_post').equalizer({ overflow : 'relatedthumb' });\n\t\t\t\t\t\t\tjQuery('.yuzo_related_post .yuzo_wraps').equalizer({ columns : '> div' });\n\t\t\t\t\t\t   })\n\t\t\t\t\t\t  <\/script> <!-- End Yuzo :) -->","protected":false},"excerpt":{"rendered":"<p>Segundo Minist\u00e9rio P\u00fablico do Trabalho, R$ 48 bilh\u00f5es ligam grandes empresas a fornecedores com hist\u00f3rico de explora\u00e7\u00e3o<\/p>\n","protected":false},"author":2,"featured_media":0,"comment_status":"open","ping_status":"closed","sticky":false,"template":"","format":"standard","meta":{"fifu_image_url":"","fifu_image_alt":"","footnotes":""},"categories":[307,5891,269,5557,377,974],"tags":[],"class_list":["post-85455","post","type-post","status-publish","format-standard","hentry","category-direitos-humanos","category-jbs","category-ministerio-publico","category-portugues","category-trabalho","category-trabalho-escravo"],"_links":{"self":[{"href":"https:\/\/redept.com.br\/blogosfera\/wp-json\/wp\/v2\/posts\/85455","targetHints":{"allow":["GET"]}}],"collection":[{"href":"https:\/\/redept.com.br\/blogosfera\/wp-json\/wp\/v2\/posts"}],"about":[{"href":"https:\/\/redept.com.br\/blogosfera\/wp-json\/wp\/v2\/types\/post"}],"author":[{"embeddable":true,"href":"https:\/\/redept.com.br\/blogosfera\/wp-json\/wp\/v2\/users\/2"}],"replies":[{"embeddable":true,"href":"https:\/\/redept.com.br\/blogosfera\/wp-json\/wp\/v2\/comments?post=85455"}],"version-history":[{"count":0,"href":"https:\/\/redept.com.br\/blogosfera\/wp-json\/wp\/v2\/posts\/85455\/revisions"}],"wp:attachment":[{"href":"https:\/\/redept.com.br\/blogosfera\/wp-json\/wp\/v2\/media?parent=85455"}],"wp:term":[{"taxonomy":"category","embeddable":true,"href":"https:\/\/redept.com.br\/blogosfera\/wp-json\/wp\/v2\/categories?post=85455"},{"taxonomy":"post_tag","embeddable":true,"href":"https:\/\/redept.com.br\/blogosfera\/wp-json\/wp\/v2\/tags?post=85455"}],"curies":[{"name":"wp","href":"https:\/\/api.w.org\/{rel}","templated":true}]}}