{"id":85456,"date":"2026-04-30T05:30:00","date_gmt":"2026-04-30T08:30:00","guid":{"rendered":"https:\/\/redept.com.br\/blogosfera\/startup-americana-tenta-trazer-ao-brasil-antibiotico-para-laranja-proibido-na-uniao-europeia\/"},"modified":"2026-04-30T05:30:00","modified_gmt":"2026-04-30T08:30:00","slug":"startup-americana-tenta-trazer-ao-brasil-antibiotico-para-laranja-proibido-na-uniao-europeia","status":"publish","type":"post","link":"https:\/\/redept.com.br\/blogosfera\/startup-americana-tenta-trazer-ao-brasil-antibiotico-para-laranja-proibido-na-uniao-europeia\/","title":{"rendered":"Startup americana tenta trazer ao Brasil antibi\u00f3tico para laranja proibido na Uni\u00e3o Europeia"},"content":{"rendered":"<p><strong>EM DEZEMBRO DE 2023<\/strong>, tr\u00eas funcion\u00e1rios do Mapa (Minist\u00e9rio da Agricultura e da Pecu\u00e1ria) fizeram uma viagem a Orlando, nos Estados Unidos, junto com representantes do Fundecitrus, uma funda\u00e7\u00e3o privada mantida por citricultores de S\u00e3o Paulo. Na ocasi\u00e3o, realizaram uma visita a pomares da regi\u00e3o afetados pela doen\u00e7a chamada \u201cgreening dos citros\u201d \u2013 o principal vil\u00e3o da produ\u00e7\u00e3o de laranja no Brasil e no mundo.<\/p>\n<p>Durante a miss\u00e3o, a comitiva foi apresentada a um novo tratamento para a praga: uma inje\u00e7\u00e3o \u00e0 base da subst\u00e2ncia cloridrato de oxitetraciclina, conhecida pela sigla OTC. Aplicado diretamente no tronco da \u00e1rvore, o antibi\u00f3tico busca salvar as plantas do corte definitivo, a solu\u00e7\u00e3o mais eficaz para combater a doen\u00e7a.<\/p>\n<p>Na \u00e9poca da visita \u00e0 Fl\u00f3rida, a Invaio Sciences \u2014 uma startup norte-americana de biotecnologia \u2014 j\u00e1 se articulava para levar o produto ao Brasil, maior produtor mundial da fruta. A companhia tem como chefe global de desenvolvimento um executivo brasileiro com passagens por Bayer, Syngenta e Monsanto. Desde 2019,\u00a0 mant\u00e9m um escrit\u00f3rio em S\u00e3o Paulo, por meio do qual tem realizado parcerias com institui\u00e7\u00f5es de pesquisa e entidades do agroneg\u00f3cio.\u00a0<\/p>\n<p>Animada com a viagem dos t\u00e9cnicos do Mapa e com a aparente receptividade dos agricultores em feiras do setor, a Invaio protocolou um pedido de testes experimentais do antibi\u00f3tico na Anvisa (Ag\u00eancia Nacional de Vigil\u00e2ncia Sanit\u00e1ria) no final de 2023, de acordo com o Di\u00e1rio Oficial. Um ano depois, solicitou o registro da OTC no Mapa para uso em citros.<\/p>\n<div data-elementor-type=\"section\" data-elementor-id=\"77670\" data-elementor-post-type=\"elementor_library\">\n<div data-id=\"17a659f\" data-element_type=\"container\" data-e-type=\"container\" data-settings='{\"background_background\":\"classic\"}'>\n<div>\n<div data-id=\"386385d\" data-element_type=\"widget\" data-e-type=\"widget\" data-widget_type=\"heading.default\">\n<div>\n<h2>ASSINE NOSSA NEWSLETTER<\/h2>\n<\/p><\/div>\n<\/p><\/div>\n<div data-id=\"6546917\" data-element_type=\"widget\" data-e-type=\"widget\" data-widget_type=\"html.default\">\n<div>\n\t\t\t\t\t\t\t\t\t<\/div>\n<\/p><\/div>\n<div data-id=\"8c2e333\" data-element_type=\"widget\" data-e-type=\"widget\" data-settings='{\"button_width\":\"20\",\"step_next_label\":\"Next\",\"step_previous_label\":\"Previous\",\"button_width_mobile\":\"20\",\"step_type\":\"number_text\",\"step_icon_shape\":\"circle\"}' data-widget_type=\"form.default\">\n<div>\n<div>\n<div>\n\t\t\t\t\t\t\t\t\t\t\t\t<label for=\"form-field-email\"><br \/>\n\t\t\t\t\t\t\t\tEmail\t\t\t\t\t\t\t<\/label><\/p><\/div>\n<div>\n\t\t\t\t\t<button type=\"submit\"><br \/>\n\t\t\t\t\t\t<span><br \/>\n\t\t\t\t\t\t\t\t\t\t\t\t\t\t\t<span><br \/>\n\t\t\t\t\t\t\t\t\t<i aria-hidden=\"true\"><\/i>\t\t\t\t\t\t\t\t\t\t\t\t\t\t\t\t\t\t\t<span>Submit<\/span><br \/>\n\t\t\t\t\t\t\t\t\t\t\t\t\t\t\t\t\t<\/span><br \/>\n\t\t\t\t\t\t\t\t\t\t\t\t\t\t\t\t\t\t\t\t<\/span><br \/>\n\t\t\t\t\t<\/button>\n\t\t\t\t<\/div>\n<\/p><\/div>\n<\/p><\/div>\n<\/p><\/div>\n<\/p><\/div>\n<\/p><\/div>\n<\/p><\/div>\n<p>A Invaio afirma ter realizado testes com 6 mil \u00e1rvores no cintur\u00e3o citr\u00edcola entre S\u00e3o Paulo e Minas Gerais, segundo sua newsletter. Mesmo em fase experimental, come\u00e7ou a divulgar o pacote tecnol\u00f3gico, sob o nome de Trecise, aos participantes na ExpoCritros, em Cordeir\u00f3polis (SP).<\/p>\n<p>\u201cEstamos trabalhando duro para disponibilizar nossa solu\u00e7\u00e3o aos produtores brasileiros, e as expectativas do setor est\u00e3o aumentando rapidamente\u201d<em>, <\/em>disseAvram Slovic, diretor-geral da Invaio no Brasil, em release publicado no site da empresa.<\/p>\n<p>Por aqui, at\u00e9 o momento, o uso da OTC s\u00f3 \u00e9 autorizado na medicina veterin\u00e1ria \u2014 no tratamento de bovinos de corte, por exemplo. O pa\u00eds seria o segundo a autorizar o medicamento no combate \u00e0 citros, ap\u00f3s os Estados Unidos. Na Uni\u00e3o Europeia, a OTC est\u00e1 proibido para uso agr\u00edcola desde 2002, por preocupa\u00e7\u00f5es com a sa\u00fade p\u00fablica.\u00a0<\/p>\n<p>Ainda em 2024, menos de um ano ap\u00f3s a viagem e o in\u00edcio dos testes, a companhia solicitou o registro da OTC no Mapa contra o greening nos citros. O bactericida, usado no m\u00e9todo Trecise, receberia o nome comercial Stryva.<\/p>\n<p>O pedido, no entanto, foi negado pelo Mapa e pela Anvisa (Ag\u00eancia Nacional de Vigil\u00e2ncia Sanit\u00e1ria). A justificativa oficial foi a de que a empresa tentou registrar o Stryva como equivalente a um produto j\u00e1 existente no mercado nacional, estrat\u00e9gia que acelera o processo e reduz a necessidade de estudos adicionais. Falando sob condi\u00e7\u00e3o de anonimato, uma fonte especializada em vigil\u00e2ncia resumiu: a Invaio Sciences tentou um \u201catalho\u201d \u2013 e se deu mal.\u00a0<\/p>\n<p>Atualmente, a oxitetraciclina n\u00e3o \u00e9 aprovada para uso em plantas, de acordo com a base oficial de agrot\u00f3xicos do governo, a Agrofit. Segundo a legisla\u00e7\u00e3o brasileira, a equival\u00eancia s\u00f3 \u00e9 poss\u00edvel quando a empresa comprova a mesma \u201cfinalidade e condi\u00e7\u00f5es de uso\u201d do ingrediente ativo.\u00a0<\/p>\n<p>Questionada pela <strong>Rep\u00f3rter Brasil<\/strong>, a empresa n\u00e3o respondeu se pretende apresentar um novo pedido, seguindo o processo completo de registro de agrot\u00f3xicos no pa\u00eds. Mas, na rede social Linkedin, segue apresentando o antibi\u00f3tico como uma das solu\u00e7\u00f5es para as lavouras de laranja e informa que o produto estaria em \u201cprocesso de registro\u201d \u2013 informa\u00e7\u00e3o que, segundo o Minist\u00e9rio da Agricultura, n\u00e3o corresponde \u00e0 realidade.<\/p>\n<p>\u201cSe houver interesse do registrante, este dever\u00e1 realizar novo protocolo em todos os \u00f3rg\u00e3os como um pedido de registro de produto t\u00e9cnico novo. Neste momento, n\u00e3o h\u00e1 pedido de registro em andamento\u201d, informou o Mapa \u00e0 reportagem por e-mail em 14 de abril.<\/p>\n<p>A despeito da negativa do Mapa e da Anvisa, as redes da empresa no Linkedin seguem incensando os resultados de testes realizados no pa\u00eds. A Invaio sustenta que os achados mostrariam redu\u00e7\u00f5es de at\u00e9 99,9% na carga bacteriana dos pomares, al\u00e9m de uma diminui\u00e7\u00e3o significativa no n\u00famero de plantas doentes. A companhia tamb\u00e9m afirma ter realizado 12 ensaios de campo em diferentes regi\u00f5es do cintur\u00e3o citr\u00edcola brasileiro, nos quais o tratamento teria reduzido a queda de frutos em at\u00e9 31%.<\/p>\n<p>Olavo Bianchi, engenheiro agr\u00f4nomo do Fundecitrus, afirma que os citricultores precisam de uma solu\u00e7\u00e3o para a bact\u00e9ria, mas devem ter cautela com o uso de antibi\u00f3ticos, j\u00e1 que as pesquisas ainda s\u00e3o incipientes. A entidade tem uma parceria estrat\u00e9gica com a Invaio para desenvolver solu\u00e7\u00f5es contra o greening, e chegou a testar o produto, mas preferiu n\u00e3o dar detalhes.<\/p>\n<p>\u201cOs estudos com antibi\u00f3ticos ainda se encontram em fase inicial, n\u00e3o havendo, at\u00e9 o momento, resultados pr\u00e1ticos consistentes de sua aplica\u00e7\u00e3o em campo. Portanto, o manejo do greening deve continuar baseado na erradica\u00e7\u00e3o de plantas doentes e no controle eficiente do psil\u00eddeo, inseto vetor da doen\u00e7a\u201d, diz Bianchi.<\/p>\n<p>Eduardo Augusto Girardi, engenheiro agr\u00f4nomo e pesquisador da Embrapa (Empresa Brasileira de Pesquisa Agropecu\u00e1ria), afirma n\u00e3o haver cura ou tratamento eficaz para a greening dos citros.\u00a0<\/p>\n<p>\u201cN\u00e3o existe nenhuma mol\u00e9cula, nenhum rem\u00e9dio, nenhuma droga, nenhum produto qu\u00edmico ou natural at\u00e9 hoje que tenha capaz de curar a planta de citros que tem a bact\u00e9ria. N\u00e3o existe, infelizmente\u201d, disse. \u201cA ci\u00eancia investiu milh\u00f5es de d\u00f3lares no mundo todo, mas n\u00e3o encontrou nenhuma cura. Isso n\u00e3o existe, n\u00e3o \u00e9 uma verdade. As plantas continuam doentes\u201d, resume.<\/p>\n<figure><img fetchpriority=\"high\" fetchpriority=\"high\" decoding=\"async\" width=\"627\" height=\"800\"src=\"https:\/\/redept.com.br\/blogosfera\/wp-content\/uploads\/2026\/04\/Captura-de-tela-2026-04-29-111604.png\" alt=\"A startup norte-americana Invaio divulga o m\u00e9todo de aplica\u00e7\u00e3o de antibi\u00f3tico sob o nome comercial Trecise (Imagem: Reprodu\u00e7\u00e3o\/Redes Sociais)\" srcset=\"https:\/\/redept.com.br\/blogosfera\/wp-content\/uploads\/2026\/04\/Captura-de-tela-2026-04-29-111604.png 627w, https:\/\/reporterbrasil.org.br\/wp-content\/uploads\/2026\/04\/Captura-de-tela-2026-04-29-111604-235x300.png 235w\" sizes=\"(max-width: 627px) 100vw, 627px\"><figcaption>A startup norte-americana Invaio divulga o m\u00e9todo de aplica\u00e7\u00e3o de antibi\u00f3tico sob o nome comercial Trecise (Imagem: Reprodu\u00e7\u00e3o\/Redes Sociais)<\/figcaption><\/figure>\n<h2>Sem cura, por enquanto<\/h2>\n<p>Erradicar o greening \u00e9 o principal desafio da citricultura. Segundo dados do Fundecitrus, que presta assessoria t\u00e9cnica a produtores rurais paulistas, a bact\u00e9ria que se aloja na planta foi a principal causa das 49,6 milh\u00f5es de caixas perdidas da fruta em todo o Brasil durante a safra 2025-2026, superando a quebra causada pela falta de chuvas.\u00a0<\/p>\n<p>\u201cHoje, aproximadamente 47,6% das 200 milh\u00f5es de laranjeiras do cintur\u00e3o citr\u00edcola de S\u00e3o Paulo e Tri\u00e2ngulo\/Sudoeste Mineiro est\u00e3o infectadas pela doen\u00e7a, e o cen\u00e1rio est\u00e1 se agravando ano ap\u00f3s ano\u201d, afirma Olavo Bianchi, engenheiro agr\u00f4nomo do Fundecitrus. A maior parte da produ\u00e7\u00e3o se concentra em S\u00e3o Paulo e no Tri\u00e2ngulo Mineiro, as duas regi\u00f5es mais afetadas pela bact\u00e9ria.\u00a0<\/p>\n<p>Segundo dados da Embrapa, a doen\u00e7a alcan\u00e7a at\u00e9 30% dos pomares em algumas regi\u00f5es de S\u00e3o Paulo e \u00e9 quase imposs\u00edvel erradic\u00e1-la. A solu\u00e7\u00e3o tem sido exterminar as planta\u00e7\u00f5es e migrar o cultivo para \u00e1reas livres da doen\u00e7a, como o Norte e Nordeste do pa\u00eds.<\/p>\n<p>A transmiss\u00e3o ocorre por meio de um pequeno inseto conhecido como psil\u00eddio, que espalha o pat\u00f3geno ao se alimentar dos brotos de \u00e1rvores doentes. \u201cAtualmente, o manejo da doen\u00e7a baseia-se no controle do inseto vetor por meio do uso de inseticidas, aliado \u00e0 elimina\u00e7\u00e3o das fontes de in\u00f3culo da bact\u00e9ria\u201d, afirma Bianchi.<\/p>\n<p>Mas, nos \u00faltimos anos, at\u00e9 mesmo esse m\u00e9todo vem se mostrando ineficaz, j\u00e1 que os insetos vetores estariam ficando resilientes aos principais inseticidas utilizados no campo. \u201cA resist\u00eancia a determinados grupos qu\u00edmicos j\u00e1 est\u00e1 presente em grande parte do cintur\u00e3o citr\u00edcola. Dessa forma, os citricultores devem realizar a rota\u00e7\u00e3o dos grupos qu\u00edmicos utilizados nas aplica\u00e7\u00f5es\u201d, explica Bianchi. As pulveriza\u00e7\u00f5es s\u00e3o feitas rotineiramente.<\/p>\n<p>Outra estrat\u00e9gia \u00e9 investir em preven\u00e7\u00e3o, que come\u00e7a com a produ\u00e7\u00e3o de mudas saud\u00e1veis. \u201cCome\u00e7ar um plantio com uma muda doente \u00e9 igual a come\u00e7ar um jogo de futebol perdendo de 5 a 0. \u00c9 quase imposs\u00edvel conseguir reverter. Quanto menos plantas doentes, menos chance do psil\u00eddio se infectar\u201d, descreve Girardi, respons\u00e1vel pela Unidade Mista de Pesquisa e Transfer\u00eancia de Tecnologia do Cintur\u00e3o Citr\u00edcola da Embrapa.<\/p>\n<h2>Risco de gerar \u2018superbact\u00e9rias\u2019<\/h2>\n<p>Conhecido na medicina humana desde os anos 1950, o antibi\u00f3tico oxitetraciclina tamb\u00e9m ganhou espa\u00e7o na pecu\u00e1ria. \u00c9 utilizado h\u00e1 d\u00e9cadas para tratar infec\u00e7\u00f5es respirat\u00f3rias e feridas em bovinos, su\u00ednos, aves e peixes.<\/p>\n<p>Especialistas, contudo, veem com preocupa\u00e7\u00e3o o uso expandido para plantas porque algumas bact\u00e9rias t\u00eam desenvolvido resist\u00eancia ao grupo de subst\u00e2ncias ao qual pertence a oxitetraciclina.<\/p>\n<p>\u201cO uso de antibi\u00f3ticos na agricultura, apesar de representar uma fra\u00e7\u00e3o relativamente pequena do seu consumo global, pode contribuir para a sele\u00e7\u00e3o de bact\u00e9rias resistentes no ambiente, que podem se disseminar pelo solo, \u00e1gua e at\u00e9 cadeia alimentar\u201d, afirma a professora Adriana Pavesi Arisseto Bragotto, da Faculdade de Engenharia de Alimentos da Unicamp.<\/p>\n<p>Um levantamento nacional da cadeia de frango no Brasil, publicado em 2021 no peri\u00f3dico Epidemiology &amp; Infection, mostrou como bact\u00e9rias resistentes se multiplicam. Em 2014, os pesquisadores constataram que 60,3% das amostras de Salmonella coletadas em carne de frango eram resistentes \u00e0s tetraciclinas. Em 2017, esse percentual j\u00e1 havia aumentado para 82,8%.\u00a0<\/p>\n<p>Esse processo pode favorecer o surgimento de \u201csuperbact\u00e9rias\u201d em humanos, cujos organismos j\u00e1 n\u00e3o respondem a nenhum tratamento. \u00c9 o caso da MRSA (Staphylococcus aureus resistente \u00e0 meticilina), famosa por se alastrar em hospitais e por ser resistente a diversos tipos de antibi\u00f3ticos.\u00a0<\/p>\n<p>Em um caso ocorrido em 2009, um \u00fanico beb\u00ea contaminado deu origem a um surto que atingiu outros 11 rec\u00e9m-nascidos em uma UTI neonatal no Reino Unido. Outro estudo, que acompanhou o comportamento da infec\u00e7\u00e3o ao longo de uma d\u00e9cada na regi\u00e3o metropolitana de S\u00e3o Paulo, mostra que cresce a dissemina\u00e7\u00e3o da MRSA de forma comunit\u00e1ria, fora do ambiente hospitalar.<\/p>\n<p>Em resposta ao avan\u00e7o da \u201cresist\u00eancia antimicrobiana\u201d, como \u00e9 conhecido o processo de cria\u00e7\u00e3o das superbact\u00e9rias, a Assembleia Geral da ONU lan\u00e7ou em 2024 uma declara\u00e7\u00e3o pol\u00edtica que incentiva os pa\u00edses a seguir a abordagem de \u201cSa\u00fade \u00danica\u201d (\u201cOne Health\u201d).\u00a0<\/p>\n<p>Ao assinar o documento, os pa\u00edses participantes, incluindo o Brasil, reconhecem que o problema de sa\u00fade p\u00fablica n\u00e3o se limita \u00e0 medicina humana, mas tamb\u00e9m est\u00e1 vinculado ao uso de antibi\u00f3ticos na agricultura e \u00e0 contamina\u00e7\u00e3o ambiental.<\/p>\n<p>\u201cEmbora o risco direto para o consumidor por meio da ingest\u00e3o de frutas ainda n\u00e3o esteja totalmente caracterizado, h\u00e1 um consenso crescente de que o uso de antibi\u00f3ticos deve ser cuidadosamente avaliado dentro do conceito de Sa\u00fade \u00danica (One Health), justamente para evitar a amplifica\u00e7\u00e3o da resist\u00eancia antimicrobiana\u201d, afirma a professora.\u00a0<\/p>\n<p>No combate \u00e0 resist\u00eancia microbiana, j\u00e1 na d\u00e9cada de 1990, o Brasil proibiu o uso de tetraciclinas em animais para promover o crescimento. Hoje, existem regras espec\u00edficas para o uso no tratamento de doen\u00e7as animais, incluindo a obrigatoriedade de acompanhamento veterin\u00e1rio.\u00a0<\/p>\n<p>Em 2021, o Mapa tamb\u00e9m implementou o programa de vigil\u00e2ncia da resist\u00eancia antimicrobiana (AMR), que monitora a presen\u00e7a de bact\u00e9rias resistentes em animais e na produ\u00e7\u00e3o de alimentos no Brasil.<\/p>\n<p>A especialista da Unicamp afirma que seria dif\u00edcil avaliar o impacto da amplia\u00e7\u00e3o do uso de oxitetraciclina em \u00e1rvores c\u00edtricas. \u201cN\u00e3o h\u00e1 dados de monitoramento no Brasil sobre oxitetraciclina em produtos de origem vegetal. N\u00e3o existe um limite m\u00e1ximo de res\u00edduo definido para produtos agr\u00edcolas, pois a Anvisa n\u00e3o possui monografia vigente para oxitetraciclina em alimentos vegetais\u201d, explica. Ou seja, a depender do que a ci\u00eancia sabe hoje, a aprova\u00e7\u00e3o da OTC para c\u00edtricos precisa percorrer um longo caminho de testes at\u00e9 se provar vi\u00e1vel.<\/p>\n<figure><img decoding=\"async\" width=\"768\" height=\"1024\"src=\"https:\/\/redept.com.br\/blogosfera\/wp-content\/uploads\/2026\/04\/Fundecitros_2.jpeg\" alt=\"Especialistas veem com preocupa\u00e7\u00e3o o uso da OTC em plantas porque algumas bact\u00e9rias t\u00eam desenvolvido resist\u00eancia ao grupo de subst\u00e2ncias ao qual pertence a oxitetraciclina (Foto: Divulga\u00e7\u00e3o\/Fundecitrus)\" srcset=\"https:\/\/reporterbrasil.org.br\/wp-content\/uploads\/2026\/04\/Fundecitros_2-768x1024.jpeg 768w, https:\/\/reporterbrasil.org.br\/wp-content\/uploads\/2026\/04\/Fundecitros_2-225x300.jpeg 225w, https:\/\/redept.com.br\/blogosfera\/wp-content\/uploads\/2026\/04\/Fundecitros_2.jpeg 960w\" sizes=\"(max-width: 768px) 100vw, 768px\"><figcaption>Especialistas veem com preocupa\u00e7\u00e3o o uso da OTC em plantas porque algumas bact\u00e9rias t\u00eam desenvolvido resist\u00eancia ao grupo de subst\u00e2ncias ao qual pertence a oxitetraciclina (Foto: Divulga\u00e7\u00e3o\/Fundecitrus)<\/figcaption><\/figure>\n<h2>Alertas sobre riscos \u00e0 sa\u00fade p\u00fablica<\/h2>\n<p>Nos Estados Unidos, a aprova\u00e7\u00e3o da OTC para citros em 2018 pela ag\u00eancia ambiental dos Estados Unidos (EPA) enfrentou resist\u00eancia de m\u00e9dicos, ambientalistas e at\u00e9 de membros do Congresso.\u00a0<\/p>\n<p>Na \u00e9poca, a Fl\u00f3rida havia sido devastada pela bact\u00e9ria, perdendo mais de 70% da produ\u00e7\u00e3o de laranja e o lugar de lideran\u00e7a na ind\u00fastria, e o desespero levou a EPA autorizar, inicialmente, o uso emergencial do antibi\u00f3tico em forma de spray para aplica\u00e7\u00e3o nas folhas. Mais tarde, como inje\u00e7\u00e3o, como \u00e9 o caso do Trecise-Stryvia.<\/p>\n<p>Em 2019, tr\u00eas senadores e quatro deputados americanos enviaram uma carta \u00e0 ag\u00eancia, expressando apreens\u00e3o com as decis\u00f5es da ag\u00eancia de aprovar o uso de OTC em citros.\u00a0<\/p>\n<p>Apesar do preju\u00edzo econ\u00f4mico na regi\u00e3o, os legisladores pediram que a ag\u00eancia reavaliasse a sua decis\u00e3o devido aos riscos \u00e0 sa\u00fade p\u00fablica. Questionaram a falta de uma avalia\u00e7\u00e3o mais cuidadosa e exigiram provas de que os produtos agr\u00edcolas \u00e0 base de OTC eram seguros para consumo.<\/p>\n<p>Na mesma \u00e9poca, o CBD (Centro para a Diversidade Biol\u00f3gica), uma organiza\u00e7\u00e3o ambiental nos Estados Unidos, coletou 45 mil assinaturas em um abaixo-assinado contra o uso do antibi\u00f3tico no campo.<\/p>\n<p>\u00c0 <strong>Rep\u00f3rter Brasil<\/strong>, Nathan Donley, diretor de Ci\u00eancias da Sa\u00fade Ambiental da CBD, afirmou que a principal preocupa\u00e7\u00e3o da organiza\u00e7\u00e3o era a dissemina\u00e7\u00e3o de bact\u00e9rias resistentes. \u201cO uso excessivo desses medicamentos nas plantas pode levar ao desenvolvimento de resist\u00eancia em pat\u00f3genos. E as pessoas podem entrar em contato com esses pat\u00f3genos nos alimentos que compram no supermercado\u201d, explica.<\/p>\n<p>Para Donley, os trabalhadores rurais que atuam nos pomares seriam os mais atingidos. \u201cSe voc\u00ea sofre um corte no trabalho ou desenvolve uma infec\u00e7\u00e3o enquanto trabalha, pode entrar em contato com bact\u00e9rias mais dif\u00edceis de tratar. Isso \u00e9 um problema enorme para uma popula\u00e7\u00e3o que, em muitos casos aqui, nem tem seguro de sa\u00fade\u201d, alerta.\u00a0<\/p>\n<p>Atrav\u00e9s da Lei de Acesso \u00e0 Informa\u00e7\u00e3o nos Estados Unidos (FOIA), a organiza\u00e7\u00e3o descobriu que at\u00e9 mesmo o CDC (Centro de Controle e Preven\u00e7\u00e3o de Doen\u00e7as), ag\u00eancia de sa\u00fade p\u00fablica dos Estados Unidos, j\u00e1 havia alertado sobre essa amea\u00e7a. Em 2017, a ag\u00eancia enviou um documento para a EPA afirmando que o uso extensivo de oxitetraciclina poderia levar \u00e0 resist\u00eancia microbiana.<\/p>\n<figure><img decoding=\"async\" width=\"1024\" height=\"682\"src=\"https:\/\/redept.com.br\/blogosfera\/wp-content\/uploads\/2026\/04\/Fundecitros_1.jpeg\" alt='A transmiss\u00e3o do \"greening do citros\" ocorre por meio de um pequeno inseto conhecido como psil\u00eddio (Foto: Divulga\u00e7\u00e3o\/Fundecitrus)' srcset=\"https:\/\/reporterbrasil.org.br\/wp-content\/uploads\/2026\/04\/Fundecitros_1-1024x682.jpeg 1024w, https:\/\/reporterbrasil.org.br\/wp-content\/uploads\/2026\/04\/Fundecitros_1-300x200.jpeg 300w, https:\/\/reporterbrasil.org.br\/wp-content\/uploads\/2026\/04\/Fundecitros_1-768x512.jpeg 768w, https:\/\/reporterbrasil.org.br\/wp-content\/uploads\/2026\/04\/Fundecitros_1-1536x1023.jpeg 1536w, https:\/\/redept.com.br\/blogosfera\/wp-content\/uploads\/2026\/04\/Fundecitros_1.jpeg 1600w\" sizes=\"(max-width: 1024px) 100vw, 1024px\"><figcaption>A transmiss\u00e3o do \u201cgreening do citros\u201d ocorre por meio de um pequeno inseto conhecido como psil\u00eddio (Foto: Divulga\u00e7\u00e3o\/Fundecitrus)<\/figcaption><\/figure>\n<p>Em 2021, o CBD e outras organiza\u00e7\u00f5es ambientais conseguiram, na Justi\u00e7a, anular a aprova\u00e7\u00e3o do uso da estreptomicina, outro antibi\u00f3tico usado no tratamento para o greening. Os tribunais entenderam que a ag\u00eancia reguladora n\u00e3o teria avaliado adequadamente os riscos do antibi\u00f3tico para a sa\u00fade humana, nem os seus impactos ambientais.<\/p>\n<p>A ONG, no entanto, n\u00e3o chegou a contestar o registro da OTC no prazo previsto pela legisla\u00e7\u00e3o americana. \u201cEsse processo foi mais confuso porque passou por v\u00e1rias etapas de aprova\u00e7\u00e3o emergencial. Mas os argumentos seriam os mesmos e acredito que vencer\u00edamos no tribunal\u201d, disse.<\/p>\n<p>Hoje, ele acompanha de perto uma revis\u00e3o de rotina da EPA sobre o uso de oxitetraciclina em culturas agr\u00edcolas. Em 2019, uma decis\u00e3o inicial indicou que a oxitetraciclina poderia continuar sendo usada, mas com ajustes na bula para mitigar riscos, incluindo a obrigatoriedade de medidas de prote\u00e7\u00e3o ao trabalhador e limites na frequ\u00eancia e na dose de aplica\u00e7\u00e3o. Uma decis\u00e3o final est\u00e1 prevista para os pr\u00f3ximos dois anos.<\/p>\n<h2>Risco a exporta\u00e7\u00f5es<\/h2>\n<p>Na Fl\u00f3rida, os produtores de laranja que t\u00eam utilizado inje\u00e7\u00f5es de outros produtos registrados t\u00eam visto resultados positivos. Um estudo publicado no ano passado encontrou que, em dois anos, a produ\u00e7\u00e3o de frutos das \u00e1rvores mais do que dobrou com o medicamento.<\/p>\n<p>A autora principal da pesquisa, Ute Albrecht, afirma que a inje\u00e7\u00e3o tamb\u00e9m \u00e9 mais segura do que o spray.\u00a0 \u201cComo n\u00e3o h\u00e1 pulveriza\u00e7\u00e3o, o produto n\u00e3o se dispersa pelo ar nem afeta outros organismos ao redor. N\u00e3o h\u00e1 escoamento para o solo, o que \u00e9 importante na Fl\u00f3rida, porque existe um sistema de aqu\u00edferos que liga todos os cursos d\u2019\u00e1gua\u201d, explica.<\/p>\n<p>Mesmo assim, a pesquisadora da IFAS (Universidade da Fl\u00f3rida) alerta que, caso a inje\u00e7\u00e3o seja mal administrada, h\u00e1 risco do antibi\u00f3tico deixar res\u00edduos na fruta, o que tamb\u00e9m contribui para a resist\u00eancia microbiana. Em um estudo recente, ela constatou que a simples aplica\u00e7\u00e3o fora da \u00e9poca indicada pode resultar em n\u00edveis acima do permitido pela ag\u00eancia ambiental dos Estados Unidos (EPA).<\/p>\n<p>\u201cPor isso, esse produto \u00e9 rigorosamente regulamentado na Fl\u00f3rida. Os produtores precisam esperar pelo menos seis meses entre a inje\u00e7\u00e3o e a colheita. Quando os frutos j\u00e1 est\u00e3o grandes, qualquer material que voc\u00ea injete pode acabar indo para eles, o que precisa ser evitado\u201d, exemplifica.<\/p>\n<p>N\u00e3o est\u00e1 claro quais seriam as diretrizes de uso no Brasil, caso o produto fosse aprovado. Res\u00edduos do antibi\u00f3tico na fruta ou no suco de laranja podem prejudicar as exporta\u00e7\u00f5es para a Uni\u00e3o Europeia (UE), devido \u00e0s restri\u00e7\u00f5es do bloco econ\u00f4mico aos antibi\u00f3ticos em culturas agr\u00edcolas.<\/p>\n<p>Questionada pela Rep\u00f3rter Brasil, a CitrusBR, que representa o setor exportador de suco de laranja, afirmou que \u201ca eventual autoriza\u00e7\u00e3o regulat\u00f3ria [do produto] no pa\u00eds n\u00e3o implica a ado\u00e7\u00e3o autom\u00e1tica na cadeia exportadora.\u201d Tamb\u00e9m disse que \u201co setor exportador de suco de laranja adota protocolos p\u00fablicos e pr\u00f3prios de governan\u00e7a e conformidade, com crit\u00e9rios restritivos para o uso de produtos no campo, em fun\u00e7\u00e3o das exig\u00eancias dos mercados de destino, especialmente a Europa e os Estados Unidos.\u201d<\/p>\n<p>Outra preocupa\u00e7\u00e3o \u00e9 a possibilidade de a pr\u00f3pria bact\u00e9ria que causa o greening desenvolver resist\u00eancia aos antibi\u00f3ticos. \u201cTodos os produtores aqui na Fl\u00f3rida reconhecem que isso \u00e9 apenas uma solu\u00e7\u00e3o tempor\u00e1ria e est\u00e3o aguardando uma solu\u00e7\u00e3o gen\u00e9tica, como uma variedade de laranjeira resistente ao greening. Acho que o consenso \u00e9 que essa n\u00e3o \u00e9 uma solu\u00e7\u00e3o para todo o sempre\u201d, afirma Albrecht.<\/p>\n<p><em>*** Colaborou Valentina Bressan<\/em><\/p>\n<div data-elementor-type=\"section\" data-elementor-id=\"129686\" data-elementor-post-type=\"elementor_library\">\n<div>\n<div data-id=\"e5e1762\" data-element_type=\"widget\" data-e-type=\"widget\" data-widget_type=\"image.default\">\n<div>\n\t\t\t\t\t\t\t\t\t\t\t\t\t\t\t<img loading=\"lazy\" loading=\"lazy\" decoding=\"async\" width=\"360\" height=\"300\"src=\"https:\/\/redept.com.br\/blogosfera\/wp-content\/uploads\/2026\/04\/apoie-1-3.webp\" alt=\"Apoie a Rep\u00f3rter Brasil\" srcset=\"https:\/\/redept.com.br\/blogosfera\/wp-content\/uploads\/2026\/04\/apoie-1-3.webp 360w, https:\/\/reporterbrasil.org.br\/wp-content\/uploads\/2026\/04\/apoie-1-300x250.webp 300w\" sizes=\"auto, (max-width: 360px) 100vw, 360px\">\t\t\t\t\t\t\t\t\t\t\t\t\t\t\t<\/div>\n<\/p><\/div>\n<\/p><\/div>\n<\/p><\/div>\n<p><strong>25 anos investigando para mudar.<\/strong><\/p>\n<p><strong>A Rep\u00f3rter Brasil j\u00e1 ajudou a impulsionar leis, fortalecer direitos e combater o trabalho escravo.<\/strong><\/p>\n<p><strong>Em 2026, fazemos 25 anos \u2014 e vem muito mais por a\u00ed!<\/strong><\/p>\n<div data-elementor-type=\"container\" data-elementor-id=\"75228\" data-elementor-post-type=\"elementor_library\">\n<div data-id=\"5e8db1e6\" data-element_type=\"container\" data-e-type=\"container\">\n<div>\n<div data-id=\"36eb6c91\" data-element_type=\"container\" data-e-type=\"container\">\n<div>\n<div data-id=\"6f52f515\" data-element_type=\"container\" data-e-type=\"container\">\n<div data-id=\"65d9f401\" data-element_type=\"widget\" data-e-type=\"widget\" data-widget_type=\"divider.default\">\n<div>\n<div>\n\t\t\t<span><br \/>\n\t\t\t\t\t\t<\/span>\n\t\t<\/div>\n<\/p><\/div>\n<\/p><\/div>\n<\/p><\/div>\n<div data-id=\"134a1245\" data-element_type=\"container\" data-e-type=\"container\">\n<div>\n<div data-id=\"10fe55fe\" data-element_type=\"widget\" data-e-type=\"widget\" data-widget_type=\"text-editor.default\">\n<div>\n<p>Leia tamb\u00e9m<\/p>\n<\/p><\/div>\n<\/p><\/div>\n<\/p><\/div>\n<\/p><\/div>\n<\/p><\/div>\n<\/p><\/div>\n<div data-id=\"3c9495ae\" data-element_type=\"widget\" data-e-type=\"widget\" data-settings='{\"template_id\":\"75221\",\"columns\":1,\"row_gap\":{\"unit\":\"px\",\"size\":10,\"sizes\":[]},\"_skin\":\"post\",\"columns_tablet\":\"2\",\"columns_mobile\":\"1\",\"edit_handle_selector\":\"[data-elementor-type=\"loop-item\"]\",\"row_gap_tablet\":{\"unit\":\"px\",\"size\":\"\",\"sizes\":[]},\"row_gap_mobile\":{\"unit\":\"px\",\"size\":\"\",\"sizes\":[]}}' data-widget_type=\"loop-grid.post\">\n<div>\n<div>\n\t\t<\/div>\n<\/p><\/div>\n<\/p><\/div>\n<\/p><\/div>\n<\/p><\/div>\n<\/p><\/div>\n<p>The post Startup americana tenta trazer ao Brasil antibi\u00f3tico para laranja proibido na Uni\u00e3o Europeia appeared first on Rep\u00f3rter Brasil.<\/p>\n<!-- Begin Yuzo --><div class='yuzo_related_post style-1'  data-version='5.12.89'><!-- without result --><div class='yuzo_clearfixed yuzo__title yuzo__title'><h3>Related Post<\/h3><\/div>\n\t\t\t\t\t\t  <div class=\"relatedthumb \" style=\"width:125px;float:left;overflow:hidden;\">  \n\t\t\t\t\t\t\t  \n\t\t\t\t\t\t\t  <a  href=\"https:\/\/redept.com.br\/blogosfera\/reuniao-de-sherpas-do-brics-termina-com-impasses-sobre-ira-e-palestina\/\"  >\n\t\t\t\t\t\t\t\t\t  <div class=\"yuzo-img-wrap \" style=\"width: 125px;height:90px;\">\n\t\t\t\t\t\t\t\t\t\t\n\t\t\t\t\t\t\t\t\t\t<div class=\"yuzo-img\" style=\"background:url('https:\/\/redept.com.br\/blogosfera\/wp-content\/uploads\/2025\/07\/brics2-150x150.jpg') 50% 50% no-repeat;width: 125px;height:90px;margin-bottom: 5px;background-size: cover; \"><\/div>\n\t\t\t\t\t\t\t\t\t  <\/div>\n\t\t\t\t\t\t\t\t\t  \n\t\t\t\t\t\t\t\t   <span class=\"yuzo__text--title\" style=\"font-size:13px;\">Reuni\u00e3o de sherpas do BRICS termina com impasses s...<\/span>\n\t\t\t\t\t\t\t  \n\t\t\t\t\t\t\t  \n\t\t\t\t\t\t\t  <\/a>\n\n\t\t\t\t\t\t  <\/div>\n\t\t\t\t\t\t  <div class=\"relatedthumb \" style=\"width:125px;float:left;overflow:hidden;\">  \n\t\t\t\t\t\t\t  \n\t\t\t\t\t\t\t  <a  href=\"https:\/\/redept.com.br\/blogosfera\/bolsonaro-e-transferido-para-a-papudinha-e-recebe-privilegios-que-antes-criticava\/\"  >\n\t\t\t\t\t\t\t\t\t  <div class=\"yuzo-img-wrap \" style=\"width: 125px;height:90px;\">\n\t\t\t\t\t\t\t\t\t\t\n\t\t\t\t\t\t\t\t\t\t<div class=\"yuzo-img\" style=\"background:url('https:\/\/redept.com.br\/blogosfera\/wp-content\/uploads\/2026\/01\/01-1-2-150x150.jpg') 50% 50% no-repeat;width: 125px;height:90px;margin-bottom: 5px;background-size: cover; \"><\/div>\n\t\t\t\t\t\t\t\t\t  <\/div>\n\t\t\t\t\t\t\t\t\t  \n\t\t\t\t\t\t\t\t   <span class=\"yuzo__text--title\" style=\"font-size:13px;\">Bolsonaro \u00e9 transferido para a Papudinha e recebe ...<\/span>\n\t\t\t\t\t\t\t  \n\t\t\t\t\t\t\t  \n\t\t\t\t\t\t\t  <\/a>\n\n\t\t\t\t\t\t  <\/div>\n\t\t\t\t\t\t  <div class=\"relatedthumb \" style=\"width:125px;float:left;overflow:hidden;\">  \n\t\t\t\t\t\t\t  \n\t\t\t\t\t\t\t  <a  href=\"https:\/\/redept.com.br\/blogosfera\/moraes-veta-depoimentos-de-filhos-de-bolsonaro-na-trama-golpista\/\"  >\n\t\t\t\t\t\t\t\t\t  <div class=\"yuzo-img-wrap \" style=\"width: 125px;height:90px;\">\n\t\t\t\t\t\t\t\t\t\t\n\t\t\t\t\t\t\t\t\t\t<div class=\"yuzo-img\" style=\"background:url('https:\/\/redept.org\/blogosfera\/wp-content\/plugins\/yuzo-related-post\/assets\/images\/default.png') 50% 50% no-repeat;width: 125px;height:90px;margin-bottom: 5px;background-size: cover; \"><\/div>\n\t\t\t\t\t\t\t\t\t  <\/div>\n\t\t\t\t\t\t\t\t\t  \n\t\t\t\t\t\t\t\t   <span class=\"yuzo__text--title\" style=\"font-size:13px;\">Moraes veta depoimentos de filhos de Bolsonaro na ...<\/span>\n\t\t\t\t\t\t\t  \n\t\t\t\t\t\t\t  \n\t\t\t\t\t\t\t  <\/a>\n\n\t\t\t\t\t\t  <\/div>\n\t\t\t\t\t\t  <div class=\"relatedthumb \" style=\"width:125px;float:left;overflow:hidden;\">  \n\t\t\t\t\t\t\t  \n\t\t\t\t\t\t\t  <a  href=\"https:\/\/redept.com.br\/blogosfera\/populacao-com-ensino-superior-avanca-mas-desigualdades-persistem\/\"  >\n\t\t\t\t\t\t\t\t\t  <div class=\"yuzo-img-wrap \" style=\"width: 125px;height:90px;\">\n\t\t\t\t\t\t\t\t\t\t\n\t\t\t\t\t\t\t\t\t\t<div class=\"yuzo-img\" style=\"background:url('https:\/\/redept.com.br\/blogosfera\/wp-content\/uploads\/2025\/02\/Censo-Educa_HOME__Isa_Lima-Secom_UnB-150x150.jpg') 50% 50% no-repeat;width: 125px;height:90px;margin-bottom: 5px;background-size: cover; \"><\/div>\n\t\t\t\t\t\t\t\t\t  <\/div>\n\t\t\t\t\t\t\t\t\t  \n\t\t\t\t\t\t\t\t   <span class=\"yuzo__text--title\" style=\"font-size:13px;\">Popula\u00e7\u00e3o com ensino superior avan\u00e7a, mas desigual...<\/span>\n\t\t\t\t\t\t\t  \n\t\t\t\t\t\t\t  \n\t\t\t\t\t\t\t  <\/a>\n\n\t\t\t\t\t\t  <\/div>\n<\/div> <script>\n\t\t\t\t\t\t  jQuery(document).ready(function( $ ){\n\t\t\t\t\t\t\t\/\/jQuery('.yuzo_related_post').equalizer({ overflow : 'relatedthumb' });\n\t\t\t\t\t\t\tjQuery('.yuzo_related_post .yuzo_wraps').equalizer({ columns : '> div' });\n\t\t\t\t\t\t   })\n\t\t\t\t\t\t  <\/script> <!-- End Yuzo :) -->","protected":false},"excerpt":{"rendered":"<p>Invaio Sciences protocolou pedido de registro de produto proibido na Europa como se fosse equivalente a outro j\u00e1 usado no Brasil, o que dispensaria a apresenta\u00e7\u00e3o de novos estudos; Anvisa e Minist\u00e9rio da Agricultura negaram a autoriza\u00e7\u00e3o<\/p>\n<p>The post <a href=\"https:\/\/reporterbrasil.org.br\/2026\/04\/startup-americana-antibiotico-brasil-proibido-uniao-europeia\/\">Startup americana tenta trazer ao Brasil antibi\u00f3tico para laranja proibido na Uni\u00e3o Europeia<\/a> appeared first on <a href=\"https:\/\/reporterbrasil.org.br\/\">Rep\u00f3rter Brasil<\/a>.<\/p>\n","protected":false},"author":2,"featured_media":85457,"comment_status":"open","ping_status":"closed","sticky":false,"template":"","format":"standard","meta":{"fifu_image_url":"","fifu_image_alt":"","footnotes":""},"categories":[13690,7452,5879,5799],"tags":[],"class_list":["post-85456","post","type-post","status-publish","format-standard","has-post-thumbnail","hentry","category-_destaque-da-home-1","category-agro-quer-tudo","category-conteudo-original-em-portugues","category-reportagens"],"_links":{"self":[{"href":"https:\/\/redept.com.br\/blogosfera\/wp-json\/wp\/v2\/posts\/85456","targetHints":{"allow":["GET"]}}],"collection":[{"href":"https:\/\/redept.com.br\/blogosfera\/wp-json\/wp\/v2\/posts"}],"about":[{"href":"https:\/\/redept.com.br\/blogosfera\/wp-json\/wp\/v2\/types\/post"}],"author":[{"embeddable":true,"href":"https:\/\/redept.com.br\/blogosfera\/wp-json\/wp\/v2\/users\/2"}],"replies":[{"embeddable":true,"href":"https:\/\/redept.com.br\/blogosfera\/wp-json\/wp\/v2\/comments?post=85456"}],"version-history":[{"count":0,"href":"https:\/\/redept.com.br\/blogosfera\/wp-json\/wp\/v2\/posts\/85456\/revisions"}],"wp:featuredmedia":[{"embeddable":true,"href":"https:\/\/redept.com.br\/blogosfera\/wp-json\/wp\/v2\/media\/85457"}],"wp:attachment":[{"href":"https:\/\/redept.com.br\/blogosfera\/wp-json\/wp\/v2\/media?parent=85456"}],"wp:term":[{"taxonomy":"category","embeddable":true,"href":"https:\/\/redept.com.br\/blogosfera\/wp-json\/wp\/v2\/categories?post=85456"},{"taxonomy":"post_tag","embeddable":true,"href":"https:\/\/redept.com.br\/blogosfera\/wp-json\/wp\/v2\/tags?post=85456"}],"curies":[{"name":"wp","href":"https:\/\/api.w.org\/{rel}","templated":true}]}}