{"id":85463,"date":"2026-04-30T06:00:00","date_gmt":"2026-04-30T09:00:00","guid":{"rendered":"https:\/\/redept.com.br\/blogosfera\/apos-rejeitar-messias-no-stf-congresso-analisa-veto-de-lula-ao-pl-da-dosimetria\/"},"modified":"2026-04-30T06:00:00","modified_gmt":"2026-04-30T09:00:00","slug":"apos-rejeitar-messias-no-stf-congresso-analisa-veto-de-lula-ao-pl-da-dosimetria","status":"publish","type":"post","link":"https:\/\/redept.com.br\/blogosfera\/apos-rejeitar-messias-no-stf-congresso-analisa-veto-de-lula-ao-pl-da-dosimetria\/","title":{"rendered":"Ap\u00f3s rejeitar Messias no STF, Congresso analisa veto de Lula ao PL da dosimetria"},"content":{"rendered":"<p>O Congresso Nacional deve analisar, nos pr\u00f3ximos dias, o veto do presidente Luiz In\u00e1cio Lula da Silva (PT) ao chamado Projeto de Lei da dosimetria (PL 2.162\/2023), que altera crit\u00e9rios para a defini\u00e7\u00e3o de penas no sistema penal. O texto trata das regras de dosimetria da pena \u2014 mecanismo utilizado pelo Judici\u00e1rio para fixar a [\u2026]<\/p>\n<p><a href=\"https:\/\/www.brasildefato.com.br\/2026\/04\/30\/apos-rejeitar-messias-no-stf-congresso-analisa-veto-de-lula-ao-pl-da-dosimetria\/\" rel=\"nofollow\">Fonte<\/a><\/p>\n<!-- Begin Yuzo --><div class='yuzo_related_post style-1'  data-version='5.12.89'><!-- without result --><div class='yuzo_clearfixed yuzo__title yuzo__title'><h3>Related Post<\/h3><\/div>\n\t\t\t\t\t\t  <div class=\"relatedthumb \" style=\"width:125px;float:left;overflow:hidden;\">  \n\t\t\t\t\t\t\t  \n\t\t\t\t\t\t\t  <a  href=\"https:\/\/redept.com.br\/blogosfera\/lider-do-pt-aciona-pgr-contra-bolsonaro-por-telefonema-a-mourao-antes-de-depoimento-ao-stf\/\"  >\n\t\t\t\t\t\t\t\t\t  <div class=\"yuzo-img-wrap \" style=\"width: 125px;height:90px;\">\n\t\t\t\t\t\t\t\t\t\t\n\t\t\t\t\t\t\t\t\t\t<div class=\"yuzo-img\" style=\"background:url('https:\/\/redept.org\/blogosfera\/wp-content\/plugins\/yuzo-related-post\/assets\/images\/default.png') 50% 50% no-repeat;width: 125px;height:90px;margin-bottom: 5px;background-size: cover; \"><\/div>\n\t\t\t\t\t\t\t\t\t  <\/div>\n\t\t\t\t\t\t\t\t\t  \n\t\t\t\t\t\t\t\t   <span class=\"yuzo__text--title\" style=\"font-size:13px;\">L\u00edder do PT aciona PGR contra Bolsonaro por telefo...<\/span>\n\t\t\t\t\t\t\t  \n\t\t\t\t\t\t\t  \n\t\t\t\t\t\t\t  <\/a>\n\n\t\t\t\t\t\t  <\/div>\n\t\t\t\t\t\t  <div class=\"relatedthumb \" style=\"width:125px;float:left;overflow:hidden;\">  \n\t\t\t\t\t\t\t  \n\t\t\t\t\t\t\t  <a  href=\"https:\/\/redept.com.br\/blogosfera\/lula-conquista-na-camara-isencao-de-ir-para-quem-ganha-ate-r-5-mil\/\"  >\n\t\t\t\t\t\t\t\t\t  <div class=\"yuzo-img-wrap \" style=\"width: 125px;height:90px;\">\n\t\t\t\t\t\t\t\t\t\t\n\t\t\t\t\t\t\t\t\t\t<div class=\"yuzo-img\" style=\"background:url('https:\/\/redept.org\/blogosfera\/wp-content\/plugins\/yuzo-related-post\/assets\/images\/default.png') 50% 50% no-repeat;width: 125px;height:90px;margin-bottom: 5px;background-size: cover; \"><\/div>\n\t\t\t\t\t\t\t\t\t  <\/div>\n\t\t\t\t\t\t\t\t\t  \n\t\t\t\t\t\t\t\t   <span class=\"yuzo__text--title\" style=\"font-size:13px;\">Lula conquista na C\u00e2mara isen\u00e7\u00e3o de IR para quem g...<\/span>\n\t\t\t\t\t\t\t  \n\t\t\t\t\t\t\t  \n\t\t\t\t\t\t\t  <\/a>\n\n\t\t\t\t\t\t  <\/div>\n\t\t\t\t\t\t  <div class=\"relatedthumb \" style=\"width:125px;float:left;overflow:hidden;\">  \n\t\t\t\t\t\t\t  \n\t\t\t\t\t\t\t  <a  href=\"https:\/\/redept.com.br\/blogosfera\/tarcisio-pede-encontro-com-bolsonaro-nesta-terca-em-meio-a-pressao-por-anistia\/\"  >\n\t\t\t\t\t\t\t\t\t  <div class=\"yuzo-img-wrap \" style=\"width: 125px;height:90px;\">\n\t\t\t\t\t\t\t\t\t\t\n\t\t\t\t\t\t\t\t\t\t<div class=\"yuzo-img\" style=\"background:url('https:\/\/redept.org\/blogosfera\/wp-content\/plugins\/yuzo-related-post\/assets\/images\/default.png') 50% 50% no-repeat;width: 125px;height:90px;margin-bottom: 5px;background-size: cover; \"><\/div>\n\t\t\t\t\t\t\t\t\t  <\/div>\n\t\t\t\t\t\t\t\t\t  \n\t\t\t\t\t\t\t\t   <span class=\"yuzo__text--title\" style=\"font-size:13px;\">Tarc\u00edsio pede encontro com Bolsonaro nesta ter\u00e7a e...<\/span>\n\t\t\t\t\t\t\t  \n\t\t\t\t\t\t\t  \n\t\t\t\t\t\t\t  <\/a>\n\n\t\t\t\t\t\t  <\/div>\n\t\t\t\t\t\t  <div class=\"relatedthumb \" style=\"width:125px;float:left;overflow:hidden;\">  \n\t\t\t\t\t\t\t  \n\t\t\t\t\t\t\t  <a  href=\"https:\/\/redept.com.br\/blogosfera\/extremistas-israelenses-rejeitam-conselho-de-trump-e-querem-retomar-guerra-em-gaza\/\"  >\n\t\t\t\t\t\t\t\t\t  <div class=\"yuzo-img-wrap \" style=\"width: 125px;height:90px;\">\n\t\t\t\t\t\t\t\t\t\t\n\t\t\t\t\t\t\t\t\t\t<div class=\"yuzo-img\" style=\"background:url('https:\/\/redept.com.br\/blogosfera\/wp-content\/uploads\/2026\/01\/g54xwcdwoaalysqjpg-150x150.webp') 50% 50% no-repeat;width: 125px;height:90px;margin-bottom: 5px;background-size: cover; \"><\/div>\n\t\t\t\t\t\t\t\t\t  <\/div>\n\t\t\t\t\t\t\t\t\t  \n\t\t\t\t\t\t\t\t   <span class=\"yuzo__text--title\" style=\"font-size:13px;\">Extremistas israelenses rejeitam Conselho de Trump...<\/span>\n\t\t\t\t\t\t\t  \n\t\t\t\t\t\t\t  \n\t\t\t\t\t\t\t  <\/a>\n\n\t\t\t\t\t\t  <\/div>\n<\/div> <script>\n\t\t\t\t\t\t  jQuery(document).ready(function( $ ){\n\t\t\t\t\t\t\t\/\/jQuery('.yuzo_related_post').equalizer({ overflow : 'relatedthumb' });\n\t\t\t\t\t\t\tjQuery('.yuzo_related_post .yuzo_wraps').equalizer({ columns : '> div' });\n\t\t\t\t\t\t   })\n\t\t\t\t\t\t  <\/script> <!-- End Yuzo :) -->","protected":false},"excerpt":{"rendered":"<p>O Congresso Nacional deve analisar, nos pr\u00f3ximos dias, o veto do presidente Luiz In\u00e1cio Lula da Silva (PT) ao chamado Projeto de Lei da dosimetria (PL 2.162\/2023), que altera crit\u00e9rios para a defini\u00e7\u00e3o de penas no sistema penal. O texto trata das regras de dosimetria da pena \u2014 mecanismo utilizado pelo Judici\u00e1rio para fixar a [&hellip;]<\/p>\n","protected":false},"author":2,"featured_media":0,"comment_status":"open","ping_status":"closed","sticky":false,"template":"","format":"standard","meta":{"fifu_image_url":"","fifu_image_alt":"","footnotes":""},"categories":[20467,52388,36970,13213,26368,388,536,2144,53172,53173,53174,3594,27039,1744,28337,551,2735,53175,20752,132,6068,53176,20411,7237,14985,3894,48644,52396,260,10043,893],"tags":[],"class_list":["post-85463","post","type-post","status-publish","format-standard","hentry","category-articulacao-politica","category-atos-de-8-de-janeiro","category-base-governista","category-condenacoes","category-condenados","category-congresso-nacional","category-democracia","category-deputados","category-derruba-veto","category-disputa-politica","category-dosimetria-da-pena","category-julgamento","category-juridico","category-legislacao","category-lei-antifaccao","category-luiz-inacio-lula-da-silva","category-oposicao","category-penal","category-pl-da-dosimetria","category-politica","category-projeto-de-lei","category-proporcionalidade-das-penas","category-reducao-de-penas","category-responsabilizacao","category-ruptura-institucional","category-senadores","category-sessao-conjunta","category-sistema-penal","category-stf","category-veto-presidencial","category-votacao"],"_links":{"self":[{"href":"https:\/\/redept.com.br\/blogosfera\/wp-json\/wp\/v2\/posts\/85463","targetHints":{"allow":["GET"]}}],"collection":[{"href":"https:\/\/redept.com.br\/blogosfera\/wp-json\/wp\/v2\/posts"}],"about":[{"href":"https:\/\/redept.com.br\/blogosfera\/wp-json\/wp\/v2\/types\/post"}],"author":[{"embeddable":true,"href":"https:\/\/redept.com.br\/blogosfera\/wp-json\/wp\/v2\/users\/2"}],"replies":[{"embeddable":true,"href":"https:\/\/redept.com.br\/blogosfera\/wp-json\/wp\/v2\/comments?post=85463"}],"version-history":[{"count":0,"href":"https:\/\/redept.com.br\/blogosfera\/wp-json\/wp\/v2\/posts\/85463\/revisions"}],"wp:attachment":[{"href":"https:\/\/redept.com.br\/blogosfera\/wp-json\/wp\/v2\/media?parent=85463"}],"wp:term":[{"taxonomy":"category","embeddable":true,"href":"https:\/\/redept.com.br\/blogosfera\/wp-json\/wp\/v2\/categories?post=85463"},{"taxonomy":"post_tag","embeddable":true,"href":"https:\/\/redept.com.br\/blogosfera\/wp-json\/wp\/v2\/tags?post=85463"}],"curies":[{"name":"wp","href":"https:\/\/api.w.org\/{rel}","templated":true}]}}