{"id":85464,"date":"2026-04-30T08:00:00","date_gmt":"2026-04-30T11:00:00","guid":{"rendered":"https:\/\/redept.com.br\/blogosfera\/um-dialogo-entre-civilizacoes-por-enquanto\/"},"modified":"2026-04-30T08:00:00","modified_gmt":"2026-04-30T11:00:00","slug":"um-dialogo-entre-civilizacoes-por-enquanto","status":"publish","type":"post","link":"https:\/\/redept.com.br\/blogosfera\/um-dialogo-entre-civilizacoes-por-enquanto\/","title":{"rendered":"Um di\u00e1logo entre civiliza\u00e7\u00f5es, por enquanto\u00a0"},"content":{"rendered":"<p>A maneira como o Ir\u00e3 conseguiu resistir ao Ocidente tornou-se motivo de admira\u00e7\u00e3o em todo o mundo anteriormente colonizado. De onde vem essa altivez? Queridas amigas e amigos, Sauda\u00e7\u00f5es do\u00a0Instituto Tricontinental de Pesquisa Social. Durante alguns dos piores dias da guerra ilegal dos EUA\/Israel contra o Ir\u00e3, conversei com amigos que estavam nas \u00e1reas civis [\u2026]<\/p>\n<p><a href=\"https:\/\/www.brasildefato.com.br\/colunista\/vijay-prashad\/2026\/04\/30\/um-dialogo-entre-civilizacoes-por-enquanto\/\" rel=\"nofollow\">Fonte<\/a><\/p>\n<!-- Begin Yuzo --><div class='yuzo_related_post style-1'  data-version='5.12.89'><!-- without result --><div class='yuzo_clearfixed yuzo__title yuzo__title'><h3>Related Post<\/h3><\/div>\n\t\t\t\t\t\t  <div class=\"relatedthumb \" style=\"width:125px;float:left;overflow:hidden;\">  \n\t\t\t\t\t\t\t  \n\t\t\t\t\t\t\t  <a  href=\"https:\/\/redept.com.br\/blogosfera\/educadf-sistema-de-gestao-escolar-apresenta-falhas-e-atrapalha-rotina-de-alunos-e-professores\/\"  >\n\t\t\t\t\t\t\t\t\t  <div class=\"yuzo-img-wrap \" style=\"width: 125px;height:90px;\">\n\t\t\t\t\t\t\t\t\t\t\n\t\t\t\t\t\t\t\t\t\t<div class=\"yuzo-img\" style=\"background:url('https:\/\/redept.org\/blogosfera\/wp-content\/plugins\/yuzo-related-post\/assets\/images\/default.png') 50% 50% no-repeat;width: 125px;height:90px;margin-bottom: 5px;background-size: cover; \"><\/div>\n\t\t\t\t\t\t\t\t\t  <\/div>\n\t\t\t\t\t\t\t\t\t  \n\t\t\t\t\t\t\t\t   <span class=\"yuzo__text--title\" style=\"font-size:13px;\">EducaDF: sistema de gest\u00e3o escolar apresenta falha...<\/span>\n\t\t\t\t\t\t\t  \n\t\t\t\t\t\t\t  \n\t\t\t\t\t\t\t  <\/a>\n\n\t\t\t\t\t\t  <\/div>\n\t\t\t\t\t\t  <div class=\"relatedthumb \" style=\"width:125px;float:left;overflow:hidden;\">  \n\t\t\t\t\t\t\t  \n\t\t\t\t\t\t\t  <a  href=\"https:\/\/redept.com.br\/blogosfera\/sem-respostas-da-prefeitura-trabalhadores-da-educacao-de-bh-continuam-em-greve-e-promovem-ato\/\"  >\n\t\t\t\t\t\t\t\t\t  <div class=\"yuzo-img-wrap \" style=\"width: 125px;height:90px;\">\n\t\t\t\t\t\t\t\t\t\t\n\t\t\t\t\t\t\t\t\t\t<div class=\"yuzo-img\" style=\"background:url('https:\/\/redept.org\/blogosfera\/wp-content\/plugins\/yuzo-related-post\/assets\/images\/default.png') 50% 50% no-repeat;width: 125px;height:90px;margin-bottom: 5px;background-size: cover; \"><\/div>\n\t\t\t\t\t\t\t\t\t  <\/div>\n\t\t\t\t\t\t\t\t\t  \n\t\t\t\t\t\t\t\t   <span class=\"yuzo__text--title\" style=\"font-size:13px;\">Sem respostas da prefeitura, trabalhadores da educ...<\/span>\n\t\t\t\t\t\t\t  \n\t\t\t\t\t\t\t  \n\t\t\t\t\t\t\t  <\/a>\n\n\t\t\t\t\t\t  <\/div>\n\t\t\t\t\t\t  <div class=\"relatedthumb \" style=\"width:125px;float:left;overflow:hidden;\">  \n\t\t\t\t\t\t\t  \n\t\t\t\t\t\t\t  <a  href=\"https:\/\/redept.com.br\/blogosfera\/lula-deve-convocar-o-povo-a-assumir-seu-lugar-na-historia\/\"  >\n\t\t\t\t\t\t\t\t\t  <div class=\"yuzo-img-wrap \" style=\"width: 125px;height:90px;\">\n\t\t\t\t\t\t\t\t\t\t\n\t\t\t\t\t\t\t\t\t\t<div class=\"yuzo-img\" style=\"background:url('https:\/\/redept.org\/blogosfera\/wp-content\/plugins\/yuzo-related-post\/assets\/images\/default.png') 50% 50% no-repeat;width: 125px;height:90px;margin-bottom: 5px;background-size: cover; \"><\/div>\n\t\t\t\t\t\t\t\t\t  <\/div>\n\t\t\t\t\t\t\t\t\t  \n\t\t\t\t\t\t\t\t   <span class=\"yuzo__text--title\" style=\"font-size:13px;\">Lula deve convocar o povo a assumir seu lugar na h...<\/span>\n\t\t\t\t\t\t\t  \n\t\t\t\t\t\t\t  \n\t\t\t\t\t\t\t  <\/a>\n\n\t\t\t\t\t\t  <\/div>\n\t\t\t\t\t\t  <div class=\"relatedthumb \" style=\"width:125px;float:left;overflow:hidden;\">  \n\t\t\t\t\t\t\t  \n\t\t\t\t\t\t\t  <a  href=\"https:\/\/redept.com.br\/blogosfera\/aposentados-do-itau-intensificam-mobilizacao-por-plano-de-saude-acessivel\/\"  >\n\t\t\t\t\t\t\t\t\t  <div class=\"yuzo-img-wrap \" style=\"width: 125px;height:90px;\">\n\t\t\t\t\t\t\t\t\t\t\n\t\t\t\t\t\t\t\t\t\t<div class=\"yuzo-img\" style=\"background:url('https:\/\/redept.org\/blogosfera\/wp-content\/plugins\/yuzo-related-post\/assets\/images\/default.png') 50% 50% no-repeat;width: 125px;height:90px;margin-bottom: 5px;background-size: cover; \"><\/div>\n\t\t\t\t\t\t\t\t\t  <\/div>\n\t\t\t\t\t\t\t\t\t  \n\t\t\t\t\t\t\t\t   <span class=\"yuzo__text--title\" style=\"font-size:13px;\">Aposentados do Ita\u00fa intensificam mobiliza\u00e7\u00e3o por p...<\/span>\n\t\t\t\t\t\t\t  \n\t\t\t\t\t\t\t  \n\t\t\t\t\t\t\t  <\/a>\n\n\t\t\t\t\t\t  <\/div>\n<\/div> <script>\n\t\t\t\t\t\t  jQuery(document).ready(function( $ ){\n\t\t\t\t\t\t\t\/\/jQuery('.yuzo_related_post').equalizer({ overflow : 'relatedthumb' });\n\t\t\t\t\t\t\tjQuery('.yuzo_related_post .yuzo_wraps').equalizer({ columns : '> div' });\n\t\t\t\t\t\t   })\n\t\t\t\t\t\t  <\/script> <!-- End Yuzo :) -->","protected":false},"excerpt":{"rendered":"<p>A maneira como o Ir\u00e3 conseguiu resistir ao Ocidente tornou-se motivo de admira\u00e7\u00e3o em todo o mundo anteriormente colonizado. De onde vem essa altivez? Queridas amigas e amigos, Sauda\u00e7\u00f5es do\u00a0Instituto Tricontinental de Pesquisa Social. Durante alguns dos piores dias da guerra ilegal dos EUA\/Israel contra o Ir\u00e3, conversei com amigos que estavam nas \u00e1reas civis [&hellip;]<\/p>\n","protected":false},"author":2,"featured_media":0,"comment_status":"open","ping_status":"closed","sticky":false,"template":"","format":"standard","meta":{"fifu_image_url":"","fifu_image_alt":"","footnotes":""},"categories":[53177,53178,53179,6472,978,53180,53181,53182,79,53183,53184,2276,53185,53186,53187,8172,33601,53188,1115,41,53189,53190,1368,4456,3794,53191,53192,53193,33499,53194,8825,53195,53196,3132,1482,2243,1453,2202,9565],"tags":[],"class_list":["post-85464","post","type-post","status-publish","format-standard","hentry","category-ahmad-jalali","category-ali-shariati","category-altivez-cultural","category-anticolonialismo","category-capitalismo","category-choque-de-civilizacoes","category-ciro-o-grande","category-civilizacao-iraniana","category-colonialismo","category-declaracao-de-teera","category-defesa-da-patria","category-desigualdade","category-dialogo-de-civilizacoes","category-ehsan-tabari","category-emancipacao-humana","category-guerra-ao-terror","category-guerra-ira-iraque","category-heranca-aquemenida","category-imperialismo","category-ira","category-jalal-al-e-ahmad","category-khosrow-golsorkhi","category-luta-de-classes","category-mao-tse-tung","category-marxismo","category-marxismo-chines","category-memes-de-lego","category-organizacao-da-conferencia-islamica","category-republica-islamica","category-resistencia-ao-ocidente","category-revolucao-iraniana","category-samuel-huntington","category-seyyed-mohammad-khatami","category-soberania-nacional","category-sul-global","category-terrorismo","category-trump","category-unesco","category-vinganca"],"_links":{"self":[{"href":"https:\/\/redept.com.br\/blogosfera\/wp-json\/wp\/v2\/posts\/85464","targetHints":{"allow":["GET"]}}],"collection":[{"href":"https:\/\/redept.com.br\/blogosfera\/wp-json\/wp\/v2\/posts"}],"about":[{"href":"https:\/\/redept.com.br\/blogosfera\/wp-json\/wp\/v2\/types\/post"}],"author":[{"embeddable":true,"href":"https:\/\/redept.com.br\/blogosfera\/wp-json\/wp\/v2\/users\/2"}],"replies":[{"embeddable":true,"href":"https:\/\/redept.com.br\/blogosfera\/wp-json\/wp\/v2\/comments?post=85464"}],"version-history":[{"count":0,"href":"https:\/\/redept.com.br\/blogosfera\/wp-json\/wp\/v2\/posts\/85464\/revisions"}],"wp:attachment":[{"href":"https:\/\/redept.com.br\/blogosfera\/wp-json\/wp\/v2\/media?parent=85464"}],"wp:term":[{"taxonomy":"category","embeddable":true,"href":"https:\/\/redept.com.br\/blogosfera\/wp-json\/wp\/v2\/categories?post=85464"},{"taxonomy":"post_tag","embeddable":true,"href":"https:\/\/redept.com.br\/blogosfera\/wp-json\/wp\/v2\/tags?post=85464"}],"curies":[{"name":"wp","href":"https:\/\/api.w.org\/{rel}","templated":true}]}}