{"id":85465,"date":"2026-04-30T08:27:27","date_gmt":"2026-04-30T11:27:27","guid":{"rendered":"https:\/\/redept.com.br\/blogosfera\/democracia-ou-golpe-lindbergh-revela-acordao-que-pode-livrar-bolsonaro-hoje-videos\/"},"modified":"2026-04-30T08:27:27","modified_gmt":"2026-04-30T11:27:27","slug":"democracia-ou-golpe-lindbergh-revela-acordao-que-pode-livrar-bolsonaro-hoje-videos","status":"publish","type":"post","link":"https:\/\/redept.com.br\/blogosfera\/democracia-ou-golpe-lindbergh-revela-acordao-que-pode-livrar-bolsonaro-hoje-videos\/","title":{"rendered":"\u201cDemocracia ou golpe?\u201d Lindbergh revela acord\u00e3o que pode livrar Bolsonaro HOJE (v\u00eddeos)"},"content":{"rendered":"<p>Rejei\u00e7\u00e3o de Jorge Messias ao STF e vota\u00e7\u00e3o do veto ao PL da Dosimetria revelam articula\u00e7\u00e3o que pode reduzir penas de condenados pelo 8 de janeiro e blindar investiga\u00e7\u00f5es pol\u00edticas<\/p>\n<p>O post \u201cDemocracia ou golpe?\u201d Lindbergh revela acord\u00e3o que pode livrar Bolsonaro HOJE (v\u00eddeos) apareceu primeiro em Urbs Magna.<\/p>\n<!-- Begin Yuzo --><div class='yuzo_related_post style-1'  data-version='5.12.89'><!-- without result --><div class='yuzo_clearfixed yuzo__title yuzo__title'><h3>Related Post<\/h3><\/div>\n\t\t\t\t\t\t  <div class=\"relatedthumb \" style=\"width:125px;float:left;overflow:hidden;\">  \n\t\t\t\t\t\t\t  \n\t\t\t\t\t\t\t  <a  href=\"https:\/\/redept.com.br\/blogosfera\/acesso-a-moradia-digna-caminha-lado-a-lado-com-as-ocupacoes-afirma-lideranca-do-movimento-sem-teto-do-centro-de-sp\/\"  >\n\t\t\t\t\t\t\t\t\t  <div class=\"yuzo-img-wrap \" style=\"width: 125px;height:90px;\">\n\t\t\t\t\t\t\t\t\t\t\n\t\t\t\t\t\t\t\t\t\t<div class=\"yuzo-img\" style=\"background:url('https:\/\/redept.org\/blogosfera\/wp-content\/plugins\/yuzo-related-post\/assets\/images\/default.png') 50% 50% no-repeat;width: 125px;height:90px;margin-bottom: 5px;background-size: cover; \"><\/div>\n\t\t\t\t\t\t\t\t\t  <\/div>\n\t\t\t\t\t\t\t\t\t  \n\t\t\t\t\t\t\t\t   <span class=\"yuzo__text--title\" style=\"font-size:13px;\">Acesso \u00e0 moradia digna caminha lado a lado com as ...<\/span>\n\t\t\t\t\t\t\t  \n\t\t\t\t\t\t\t  \n\t\t\t\t\t\t\t  <\/a>\n\n\t\t\t\t\t\t  <\/div>\n\t\t\t\t\t\t  <div class=\"relatedthumb \" style=\"width:125px;float:left;overflow:hidden;\">  \n\t\t\t\t\t\t\t  \n\t\t\t\t\t\t\t  <a  href=\"https:\/\/redept.com.br\/blogosfera\/campanha-quer-proteger-criancas-e-adolescentes-no-carnaval\/\"  >\n\t\t\t\t\t\t\t\t\t  <div class=\"yuzo-img-wrap \" style=\"width: 125px;height:90px;\">\n\t\t\t\t\t\t\t\t\t\t\n\t\t\t\t\t\t\t\t\t\t<div class=\"yuzo-img\" style=\"background:url('https:\/\/redept.org\/blogosfera\/wp-content\/plugins\/yuzo-related-post\/assets\/images\/default.png') 50% 50% no-repeat;width: 125px;height:90px;margin-bottom: 5px;background-size: cover; \"><\/div>\n\t\t\t\t\t\t\t\t\t  <\/div>\n\t\t\t\t\t\t\t\t\t  \n\t\t\t\t\t\t\t\t   <span class=\"yuzo__text--title\" style=\"font-size:13px;\">Campanha quer proteger crian\u00e7as e adolescentes no ...<\/span>\n\t\t\t\t\t\t\t  \n\t\t\t\t\t\t\t  \n\t\t\t\t\t\t\t  <\/a>\n\n\t\t\t\t\t\t  <\/div>\n\t\t\t\t\t\t  <div class=\"relatedthumb \" style=\"width:125px;float:left;overflow:hidden;\">  \n\t\t\t\t\t\t\t  \n\t\t\t\t\t\t\t  <a  href=\"https:\/\/redept.com.br\/blogosfera\/justica-dos-eua-suspende-veto-de-trump-a-estudantes-estrangeiros-em-harvard\/\"  >\n\t\t\t\t\t\t\t\t\t  <div class=\"yuzo-img-wrap \" style=\"width: 125px;height:90px;\">\n\t\t\t\t\t\t\t\t\t\t\n\t\t\t\t\t\t\t\t\t\t<div class=\"yuzo-img\" style=\"background:url('https:\/\/redept.org\/blogosfera\/wp-content\/plugins\/yuzo-related-post\/assets\/images\/default.png') 50% 50% no-repeat;width: 125px;height:90px;margin-bottom: 5px;background-size: cover; \"><\/div>\n\t\t\t\t\t\t\t\t\t  <\/div>\n\t\t\t\t\t\t\t\t\t  \n\t\t\t\t\t\t\t\t   <span class=\"yuzo__text--title\" style=\"font-size:13px;\">Justi\u00e7a dos EUA suspende veto de Trump a estudante...<\/span>\n\t\t\t\t\t\t\t  \n\t\t\t\t\t\t\t  \n\t\t\t\t\t\t\t  <\/a>\n\n\t\t\t\t\t\t  <\/div>\n\t\t\t\t\t\t  <div class=\"relatedthumb \" style=\"width:125px;float:left;overflow:hidden;\">  \n\t\t\t\t\t\t\t  \n\t\t\t\t\t\t\t  <a  href=\"https:\/\/redept.com.br\/blogosfera\/deputada-dartora-pede-inclusao-do-parana-nos-debates-do-fundo-de-reparacao-racial\/\"  >\n\t\t\t\t\t\t\t\t\t  <div class=\"yuzo-img-wrap \" style=\"width: 125px;height:90px;\">\n\t\t\t\t\t\t\t\t\t\t\n\t\t\t\t\t\t\t\t\t\t<div class=\"yuzo-img\" style=\"background:url('https:\/\/redept.org\/blogosfera\/wp-content\/plugins\/yuzo-related-post\/assets\/images\/default.png') 50% 50% no-repeat;width: 125px;height:90px;margin-bottom: 5px;background-size: cover; \"><\/div>\n\t\t\t\t\t\t\t\t\t  <\/div>\n\t\t\t\t\t\t\t\t\t  \n\t\t\t\t\t\t\t\t   <span class=\"yuzo__text--title\" style=\"font-size:13px;\">Deputada Dartora pede inclus\u00e3o do Paran\u00e1 nos debat...<\/span>\n\t\t\t\t\t\t\t  \n\t\t\t\t\t\t\t  \n\t\t\t\t\t\t\t  <\/a>\n\n\t\t\t\t\t\t  <\/div>\n<\/div> <script>\n\t\t\t\t\t\t  jQuery(document).ready(function( $ ){\n\t\t\t\t\t\t\t\/\/jQuery('.yuzo_related_post').equalizer({ overflow : 'relatedthumb' });\n\t\t\t\t\t\t\tjQuery('.yuzo_related_post .yuzo_wraps').equalizer({ columns : '> div' });\n\t\t\t\t\t\t   })\n\t\t\t\t\t\t  <\/script> <!-- End Yuzo :) -->","protected":false},"excerpt":{"rendered":"<p>Rejei\u00e7\u00e3o de Jorge Messias ao STF e vota\u00e7\u00e3o do veto ao PL da Dosimetria revelam articula\u00e7\u00e3o que pode reduzir penas de condenados pelo 8 de janeiro e blindar investiga\u00e7\u00f5es pol\u00edticas<\/p>\n<p>O post <a rel=\"nofollow\" href=\"https:\/\/urbsmagna.com\/congresso-vota-hoje-veto-pl-dosimetria-acordao-impunidade-lindbergh-farias-stf-alcolumbre\/\">\u201cDemocracia ou golpe?\u201d Lindbergh revela acord\u00e3o que pode livrar Bolsonaro HOJE (v\u00eddeos)<\/a> apareceu primeiro em <a rel=\"nofollow\" href=\"https:\/\/urbsmagna.com\/\">Urbs Magna<\/a>.<\/p>\n","protected":false},"author":2,"featured_media":0,"comment_status":"open","ping_status":"closed","sticky":false,"template":"","format":"standard","meta":{"fifu_image_url":"","fifu_image_alt":"","footnotes":""},"categories":[37884,45,388,53197,536,19247,53198,33217,53199,191,20752,132,5471,53200,260,12623,53201],"tags":[],"class_list":["post-85465","post","type-post","status-publish","format-standard","hentry","category-banco-master-investigacao","category-brasil","category-congresso-nacional","category-davi-alcolumbre-reeleicao","category-democracia","category-democracia-brasil","category-impunidade-golpistas","category-jorge-messias-stf","category-lindbergh-farias-acordao","category-noticias","category-pl-da-dosimetria","category-politica","category-politica-nacional","category-rejeicao-stf-2026","category-stf","category-supremo-tribunal-federal-stf","category-veto-lula-8-de-janeiro"],"_links":{"self":[{"href":"https:\/\/redept.com.br\/blogosfera\/wp-json\/wp\/v2\/posts\/85465","targetHints":{"allow":["GET"]}}],"collection":[{"href":"https:\/\/redept.com.br\/blogosfera\/wp-json\/wp\/v2\/posts"}],"about":[{"href":"https:\/\/redept.com.br\/blogosfera\/wp-json\/wp\/v2\/types\/post"}],"author":[{"embeddable":true,"href":"https:\/\/redept.com.br\/blogosfera\/wp-json\/wp\/v2\/users\/2"}],"replies":[{"embeddable":true,"href":"https:\/\/redept.com.br\/blogosfera\/wp-json\/wp\/v2\/comments?post=85465"}],"version-history":[{"count":0,"href":"https:\/\/redept.com.br\/blogosfera\/wp-json\/wp\/v2\/posts\/85465\/revisions"}],"wp:attachment":[{"href":"https:\/\/redept.com.br\/blogosfera\/wp-json\/wp\/v2\/media?parent=85465"}],"wp:term":[{"taxonomy":"category","embeddable":true,"href":"https:\/\/redept.com.br\/blogosfera\/wp-json\/wp\/v2\/categories?post=85465"},{"taxonomy":"post_tag","embeddable":true,"href":"https:\/\/redept.com.br\/blogosfera\/wp-json\/wp\/v2\/tags?post=85465"}],"curies":[{"name":"wp","href":"https:\/\/api.w.org\/{rel}","templated":true}]}}