{"id":85468,"date":"2026-04-30T09:00:00","date_gmt":"2026-04-30T12:00:00","guid":{"rendered":"https:\/\/redept.com.br\/blogosfera\/51o-aniversario-da-vitoria-do-vietna-por-que-o-povo-vietnamita-venceu\/"},"modified":"2026-04-30T09:00:00","modified_gmt":"2026-04-30T12:00:00","slug":"51o-aniversario-da-vitoria-do-vietna-por-que-o-povo-vietnamita-venceu","status":"publish","type":"post","link":"https:\/\/redept.com.br\/blogosfera\/51o-aniversario-da-vitoria-do-vietna-por-que-o-povo-vietnamita-venceu\/","title":{"rendered":"51\u00ba Anivers\u00e1rio da vit\u00f3ria do Vietn\u00e3 \u2013 Por que o povo vietnamita venceu?"},"content":{"rendered":"<figure><img fetchpriority=\"high\" fetchpriority=\"high\" decoding=\"async\" width=\"950\" height=\"631\"src=\"https:\/\/redept.com.br\/blogosfera\/wp-content\/uploads\/2026\/04\/image-25.jpg\" alt=\"\" srcset=\"https:\/\/redept.com.br\/blogosfera\/wp-content\/uploads\/2026\/04\/image-25.jpg 950w, https:\/\/mst.org.br\/wp-content\/uploads\/2026\/04\/image-25-300x199.jpg 300w, https:\/\/mst.org.br\/wp-content\/uploads\/2026\/04\/image-25-768x510.jpg 768w\" sizes=\"(max-width: 950px) 100vw, 950px\"><figcaption><em>Foto: Reprodu\u00e7\u00e3o<\/em><\/figcaption><\/figure>\n<p><em>Por Setor de Internacionalismo do MST<br \/>Da P\u00e1gina do MST<\/em><\/p>\n<p>No dia 30 de abril de 1975 um tanque do Ex\u00e9rcito Popular do Vietn\u00e3 (EPV) derrubava os port\u00f5es do Pal\u00e1cio Presidencial do Vietn\u00e3 do Sul, dando um fim simb\u00f3lico ao governo fantoche e a uma guerra que durava d\u00e9cadas. No dia seguinte, o desfile do 1\u00ba de Maio foi comemorado pela popula\u00e7\u00e3o na renomeada cidade de Ho Chi Minh (o novo nome da antiga capital, Saigon). Foi a maior derrota da hist\u00f3ria do imp\u00e9rio estadunidense \u2013 a fuga dos americanos foi t\u00e3o desesperada que deixaram para tr\u00e1s no pr\u00e9dio da embaixada milhares de arquivos com os nomes de seus espi\u00f5es e informantes nativos.<\/p>\n<p>Que li\u00e7\u00f5es os povos do mundo podem aprender da experi\u00eancia de luta dos vietnamitas? Como um pequeno pa\u00eds conseguiu vencer dois dos mais poderosos imp\u00e9rios do planeta? (Fran\u00e7a e EUA).<\/p>\n<p>Ho Chi Minh e sua equipe elaboraram uma estrat\u00e9gia revolucion\u00e1ria e uma forma organizacional in\u00e9dita e praticamente indestrut\u00edvel, contra a qual ambos os imp\u00e9rios tentaram todos os meios e formas de derrotar e n\u00e3o conseguiram.<\/p>\n<p>A estrat\u00e9gia visava realizar uma Revolu\u00e7\u00e3o Nacional Democr\u00e1tica Popular e conseguir a liberta\u00e7\u00e3o nacional e social (por isso o nome Frente Nacional de Liberta\u00e7\u00e3o do Vietn\u00e3 Sul (FNLVS), e n\u00e3o s\u00f3 Frente de Liberta\u00e7\u00e3o Nacional), combinando todas as formas de luta \u2013 luta pol\u00edtica, lutas pac\u00edficas, lutas sociais (greves, passeatas, manifesta\u00e7\u00f5es, protestos etc.) e luta armada, numa guerra popular revolucion\u00e1ria que culminaria na Rebeli\u00e3o Geral e na vit\u00f3ria do povo rebelde. A vit\u00f3ria contra inimigos t\u00e3o poderosos s\u00f3 poderia vir com a combina\u00e7\u00e3o de todas as formas de luta.<\/p>\n<p>Para travar essa luta foi criada a FNLVS, uma frente ampla, que reunia pessoas das mais variadas profiss\u00f5es e classes sociais, mulheres, jovens, oper\u00e1rios, camponeses, estudantes, religiosos etc. Essa frente tinha um programa m\u00ednimo de 10 pontos, de f\u00e1cil compreens\u00e3o para todo o povo, mesmo os analfabetos.<\/p>\n<p>A Frente era composta de dezenas de organiza\u00e7\u00f5es e associa\u00e7\u00f5es funcionais, que agrupavam seus militantes em milhares de c\u00e9lulas e grupos, respons\u00e1veis por travar as lutas. Entre suas associa\u00e7\u00f5es existiam:<\/p>\n<ul>\n<li>Associa\u00e7\u00e3o de Liberta\u00e7\u00e3o dos Camponeses (a maior delas, com centenas de milhares de membros)<\/li>\n<li>Associa\u00e7\u00e3o de Liberta\u00e7\u00e3o das Mulheres<\/li>\n<li>Associa\u00e7\u00e3o de Liberta\u00e7\u00e3o da Juventude<\/li>\n<li>E dezenas de outras organiza\u00e7\u00f5es funcionais (dos professores, dos jornalistas, dos estudantes etc.). Isso criava uma mir\u00edade de c\u00e9lulas que travavam um \u201cmovimento de luta\u201d em todos os lugares da na\u00e7\u00e3o, fazendo propaganda revolucion\u00e1ria, ganhando simpatizantes, recrutando novos militantes, ajudando os guerrilheiros com alimentos, ref\u00fagio e informa\u00e7\u00f5es.<\/li>\n<\/ul>\n<p>Al\u00e9m da Frente (FNLVS), foi criado tamb\u00e9m um Ex\u00e9rcito de Liberta\u00e7\u00e3o, para travar a luta armada, combinando a guerrilha rural, a guerrilha urbana e o terrorismo seletivo contra as tropas do governo e seus aliados estrangeiros, al\u00e9m de figuras detestadas pela popula\u00e7\u00e3o (torturadores, corruptos, criminosos, pol\u00edticos de extrema direita etc).<\/p>\n<p>Esse Ex\u00e9rcito de Liberta\u00e7\u00e3o era organizado em grupos de combate (principalmente nas cidades), pelot\u00f5es, companhias e batalh\u00f5es \u2013 nas \u00e1reas rurais, onde morava a maioria da popula\u00e7\u00e3o. Foi esse ex\u00e9rcito que criou as \u00e1reas libertadas, onde foi criada uma administra\u00e7\u00e3o paralela, realizada uma Reforma Agr\u00e1ria, aplicada uma justi\u00e7a revolucion\u00e1ria r\u00e1pida contra os criminosos e os contrarrevolucion\u00e1rios.<\/p>\n<p>Nas \u00e1reas libertadas foram implementadas v\u00e1rias outras medidas, como a educa\u00e7\u00e3o popular, eliminando o analfabetismo, o combate ao crime, a organiza\u00e7\u00e3o dos camponeses em sindicatos e cooperativas etc. Enfim, nas \u00e1reas libertadas estava sendo gerada uma nova forma de vida para o povo pobre!<\/p>\n<p>O Ex\u00e9rcito de Liberta\u00e7\u00e3o tinha um servi\u00e7o de intelig\u00eancia \u201cestupendo\u201d (nas palavras de um alto funcion\u00e1rio da CIA). Seus agentes infiltrados na administra\u00e7\u00e3o do governo e nas for\u00e7as armadas permitiam que o comando dos guerrilheiros ficasse a par das decis\u00f5es do inimigo quase que imediatamente fossem tomadas.<\/p>\n<p>O Ex\u00e9rcito de Liberta\u00e7\u00e3o era estruturado em dois n\u00edveis: os guerrilheiros de tempo integral e a Mil\u00edcia Popular, que reunia os combatentes de \u201cmeio per\u00edodo\u201d, que trabalhavam de dia e, \u00e0 noite, faziam a\u00e7\u00f5es armadas.<\/p>\n<p>A combina\u00e7\u00e3o da luta pol\u00edtica (travada pela FNLVS, com seus milh\u00f5es de membros e simpatizantes) e da luta armada do Ex\u00e9rcito de Liberta\u00e7\u00e3o (que em seu melhor momento chegou a contar com uns 270 mil guerrilheiros) foi a grande respons\u00e1vel pela vit\u00f3ria, a liberta\u00e7\u00e3o do povo, a liberta\u00e7\u00e3o nacional e a reunifica\u00e7\u00e3o do Sul com o Norte, criando a Rep\u00fablica Socialista do Vietn\u00e3.<\/p>\n<p>Durante todo o per\u00edodo da guerra nunca faltou o apoio do Vietn\u00e3 do Norte e de seu Ex\u00e9rcito Popular, da China, da Uni\u00e3o Sovi\u00e9tica e de todos os anti-imperialistas do mundo. Mas em \u00faltima inst\u00e2ncia, a revolu\u00e7\u00e3o s\u00f3 triunfou mesmo pela a\u00e7\u00e3o corajosa e heroica dos militantes da FNLVS e do Ex\u00e9rcito de Liberta\u00e7\u00e3o, mostrando que \u201cquem ganha o povo ganha a guerra\u201d!<\/p>\n<p><em>*Editado por Fernanda Alc\u00e2ntara<\/em><\/p>\n<\/p>\n<p>O post <a href=\"https:\/\/mst.org.br\/2026\/04\/30\/51o-aniversario-da-vitoria-do-vietna-por-que-o-povo-vietnamita-venceu\/\">51\u00ba Anivers\u00e1rio da vit\u00f3ria do Vietn\u00e3 \u2013 Por que o povo vietnamita venceu?<\/a> apareceu primeiro em <a href=\"https:\/\/mst.org.br\/\">MST<\/a>.<\/p>\n<!-- Begin Yuzo --><div class='yuzo_related_post style-1'  data-version='5.12.89'><!-- without result --><div class='yuzo_clearfixed yuzo__title yuzo__title'><h3>Related Post<\/h3><\/div>\n\t\t\t\t\t\t  <div class=\"relatedthumb \" style=\"width:125px;float:left;overflow:hidden;\">  \n\t\t\t\t\t\t\t  \n\t\t\t\t\t\t\t  <a  href=\"https:\/\/redept.com.br\/blogosfera\/rival-de-o-agente-secreto-no-oscar-simboliza-a-voz-de-criancas-palestinas-silenciadas-diz-milton-hatoum\/\"  >\n\t\t\t\t\t\t\t\t\t  <div class=\"yuzo-img-wrap \" style=\"width: 125px;height:90px;\">\n\t\t\t\t\t\t\t\t\t\t\n\t\t\t\t\t\t\t\t\t\t<div class=\"yuzo-img\" style=\"background:url('https:\/\/redept.org\/blogosfera\/wp-content\/plugins\/yuzo-related-post\/assets\/images\/default.png') 50% 50% no-repeat;width: 125px;height:90px;margin-bottom: 5px;background-size: cover; \"><\/div>\n\t\t\t\t\t\t\t\t\t  <\/div>\n\t\t\t\t\t\t\t\t\t  \n\t\t\t\t\t\t\t\t   <span class=\"yuzo__text--title\" style=\"font-size:13px;\">Rival de \u2018O Agente Secreto\u2019 no Oscar simboliza a v...<\/span>\n\t\t\t\t\t\t\t  \n\t\t\t\t\t\t\t  \n\t\t\t\t\t\t\t  <\/a>\n\n\t\t\t\t\t\t  <\/div>\n\t\t\t\t\t\t  <div class=\"relatedthumb \" style=\"width:125px;float:left;overflow:hidden;\">  \n\t\t\t\t\t\t\t  \n\t\t\t\t\t\t\t  <a  href=\"https:\/\/redept.com.br\/blogosfera\/estudantes-da-ufsj-lutam-por-criacao-de-hospital-universitario-em-sao-joao-del-rei-mg\/\"  >\n\t\t\t\t\t\t\t\t\t  <div class=\"yuzo-img-wrap \" style=\"width: 125px;height:90px;\">\n\t\t\t\t\t\t\t\t\t\t\n\t\t\t\t\t\t\t\t\t\t<div class=\"yuzo-img\" style=\"background:url('https:\/\/redept.com.br\/blogosfera\/wp-content\/uploads\/2026\/04\/image1-150x150.jpg') 50% 50% no-repeat;width: 125px;height:90px;margin-bottom: 5px;background-size: cover; \"><\/div>\n\t\t\t\t\t\t\t\t\t  <\/div>\n\t\t\t\t\t\t\t\t\t  \n\t\t\t\t\t\t\t\t   <span class=\"yuzo__text--title\" style=\"font-size:13px;\">Estudantes da UFSJ lutam por cria\u00e7\u00e3o de hospital u...<\/span>\n\t\t\t\t\t\t\t  \n\t\t\t\t\t\t\t  \n\t\t\t\t\t\t\t  <\/a>\n\n\t\t\t\t\t\t  <\/div>\n\t\t\t\t\t\t  <div class=\"relatedthumb \" style=\"width:125px;float:left;overflow:hidden;\">  \n\t\t\t\t\t\t\t  \n\t\t\t\t\t\t\t  <a  href=\"https:\/\/redept.com.br\/blogosfera\/entenda-em-16-pontos-o-desastre-da-megaoperacao-no-alemao-e-na-penha-por-jacqueline-muniz\/\"  >\n\t\t\t\t\t\t\t\t\t  <div class=\"yuzo-img-wrap \" style=\"width: 125px;height:90px;\">\n\t\t\t\t\t\t\t\t\t\t\n\t\t\t\t\t\t\t\t\t\t<div class=\"yuzo-img\" style=\"background:url('https:\/\/redept.com.br\/blogosfera\/wp-content\/uploads\/2025\/10\/image-30-150x150.jpg') 50% 50% no-repeat;width: 125px;height:90px;margin-bottom: 5px;background-size: cover; \"><\/div>\n\t\t\t\t\t\t\t\t\t  <\/div>\n\t\t\t\t\t\t\t\t\t  \n\t\t\t\t\t\t\t\t   <span class=\"yuzo__text--title\" style=\"font-size:13px;\">Entenda em 16 pontos o desastre da megaopera\u00e7\u00e3o no...<\/span>\n\t\t\t\t\t\t\t  \n\t\t\t\t\t\t\t  \n\t\t\t\t\t\t\t  <\/a>\n\n\t\t\t\t\t\t  <\/div>\n\t\t\t\t\t\t  <div class=\"relatedthumb \" style=\"width:125px;float:left;overflow:hidden;\">  \n\t\t\t\t\t\t\t  \n\t\t\t\t\t\t\t  <a  href=\"https:\/\/redept.com.br\/blogosfera\/siria-anuncia-fim-de-operacao-militar-contra-apoiadores-de-bashar-al-assad-mais-de-mil-morreram-diz-observatorio\/\"  >\n\t\t\t\t\t\t\t\t\t  <div class=\"yuzo-img-wrap \" style=\"width: 125px;height:90px;\">\n\t\t\t\t\t\t\t\t\t\t\n\t\t\t\t\t\t\t\t\t\t<div class=\"yuzo-img\" style=\"background:url('https:\/\/redept.com.br\/blogosfera\/wp-content\/uploads\/2025\/03\/9bc3b1d5-0429-46fb-8f74-9437646f0fed-sy6-150x150.webp') 50% 50% no-repeat;width: 125px;height:90px;margin-bottom: 5px;background-size: cover; \"><\/div>\n\t\t\t\t\t\t\t\t\t  <\/div>\n\t\t\t\t\t\t\t\t\t  \n\t\t\t\t\t\t\t\t   <span class=\"yuzo__text--title\" style=\"font-size:13px;\">S\u00edria anuncia fim de opera\u00e7\u00e3o militar contra apoia...<\/span>\n\t\t\t\t\t\t\t  \n\t\t\t\t\t\t\t  \n\t\t\t\t\t\t\t  <\/a>\n\n\t\t\t\t\t\t  <\/div>\n<\/div> <script>\n\t\t\t\t\t\t  jQuery(document).ready(function( $ ){\n\t\t\t\t\t\t\t\/\/jQuery('.yuzo_related_post').equalizer({ overflow : 'relatedthumb' });\n\t\t\t\t\t\t\tjQuery('.yuzo_related_post .yuzo_wraps').equalizer({ columns : '> div' });\n\t\t\t\t\t\t   })\n\t\t\t\t\t\t  <\/script> <!-- End Yuzo :) -->","protected":false},"excerpt":{"rendered":"<p>Foto: Reprodu\u00e7\u00e3o Por Setor de Internacionalismo do MSTDa P\u00e1gina do MST No dia 30 de abril de 1975 um tanque do Ex\u00e9rcito Popular do Vietn\u00e3 (EPV) derrubava os port\u00f5es do Pal\u00e1cio Presidencial do Vietn\u00e3 do Sul, dando um fim simb\u00f3lico ao governo fantoche e a uma guerra que durava d\u00e9cadas. No dia seguinte, o desfile [&hellip;]<\/p>\n","protected":false},"author":2,"featured_media":0,"comment_status":"open","ping_status":"closed","sticky":false,"template":"","format":"standard","meta":{"fifu_image_url":"","fifu_image_alt":"","footnotes":""},"categories":[244,461,572,45693,191,1485],"tags":[],"class_list":["post-85468","post","type-post","status-publish","format-standard","hentry","category-artigos","category-historia","category-internacionalismo","category-luta-anti-imperialista","category-noticias","category-vietna"],"_links":{"self":[{"href":"https:\/\/redept.com.br\/blogosfera\/wp-json\/wp\/v2\/posts\/85468","targetHints":{"allow":["GET"]}}],"collection":[{"href":"https:\/\/redept.com.br\/blogosfera\/wp-json\/wp\/v2\/posts"}],"about":[{"href":"https:\/\/redept.com.br\/blogosfera\/wp-json\/wp\/v2\/types\/post"}],"author":[{"embeddable":true,"href":"https:\/\/redept.com.br\/blogosfera\/wp-json\/wp\/v2\/users\/2"}],"replies":[{"embeddable":true,"href":"https:\/\/redept.com.br\/blogosfera\/wp-json\/wp\/v2\/comments?post=85468"}],"version-history":[{"count":0,"href":"https:\/\/redept.com.br\/blogosfera\/wp-json\/wp\/v2\/posts\/85468\/revisions"}],"wp:attachment":[{"href":"https:\/\/redept.com.br\/blogosfera\/wp-json\/wp\/v2\/media?parent=85468"}],"wp:term":[{"taxonomy":"category","embeddable":true,"href":"https:\/\/redept.com.br\/blogosfera\/wp-json\/wp\/v2\/categories?post=85468"},{"taxonomy":"post_tag","embeddable":true,"href":"https:\/\/redept.com.br\/blogosfera\/wp-json\/wp\/v2\/tags?post=85468"}],"curies":[{"name":"wp","href":"https:\/\/api.w.org\/{rel}","templated":true}]}}