{"id":85470,"date":"2026-04-30T09:23:33","date_gmt":"2026-04-30T12:23:33","guid":{"rendered":"https:\/\/redept.com.br\/blogosfera\/congresso-inimigo-do-povo-ressurge-apos-atuacao-contra-messias-vamos-renovar-e-votar-pt-de-cabo-a-rabo-ta-nas-redes\/"},"modified":"2026-04-30T09:23:33","modified_gmt":"2026-04-30T12:23:33","slug":"congresso-inimigo-do-povo-ressurge-apos-atuacao-contra-messias-vamos-renovar-e-votar-pt-de-cabo-a-rabo-ta-nas-redes","status":"publish","type":"post","link":"https:\/\/redept.com.br\/blogosfera\/congresso-inimigo-do-povo-ressurge-apos-atuacao-contra-messias-vamos-renovar-e-votar-pt-de-cabo-a-rabo-ta-nas-redes\/","title":{"rendered":"\u201cCongresso Inimigo do Povo\u201d ressurge ap\u00f3s atua\u00e7\u00e3o contra Messias: \u201cVamos renovar\u201d e \u201cvotar PT de cabo a rabo\u201d \u2013 T\u00e1 nas redes"},"content":{"rendered":"<p>Progressistas explodem contra articula\u00e7\u00e3o de Alcolumbre e clamam por restaura\u00e7\u00e3o do equil\u00edbrio entre poderes e defesa da democracia<\/p>\n<p>O post \u201cCongresso Inimigo do Povo\u201d ressurge ap\u00f3s atua\u00e7\u00e3o contra Messias: \u201cVamos renovar\u201d e \u201cvotar PT de cabo a rabo\u201d \u2013 T\u00e1 nas redes apareceu primeiro em Urbs Magna.<\/p>\n<!-- Begin Yuzo --><div class='yuzo_related_post style-1'  data-version='5.12.89'><!-- without result --><div class='yuzo_clearfixed yuzo__title yuzo__title'><h3>Related Post<\/h3><\/div>\n\t\t\t\t\t\t  <div class=\"relatedthumb \" style=\"width:125px;float:left;overflow:hidden;\">  \n\t\t\t\t\t\t\t  \n\t\t\t\t\t\t\t  <a  href=\"https:\/\/redept.com.br\/blogosfera\/40-anos-da-mir-da-inovacao-sovietica-a-corrida-espacial-do-seculo-21\/\"  >\n\t\t\t\t\t\t\t\t\t  <div class=\"yuzo-img-wrap \" style=\"width: 125px;height:90px;\">\n\t\t\t\t\t\t\t\t\t\t\n\t\t\t\t\t\t\t\t\t\t<div class=\"yuzo-img\" style=\"background:url('https:\/\/redept.com.br\/blogosfera\/wp-content\/uploads\/2026\/02\/mir-2-150x150.jpg') 50% 50% no-repeat;width: 125px;height:90px;margin-bottom: 5px;background-size: cover; \"><\/div>\n\t\t\t\t\t\t\t\t\t  <\/div>\n\t\t\t\t\t\t\t\t\t  \n\t\t\t\t\t\t\t\t   <span class=\"yuzo__text--title\" style=\"font-size:13px;\">40 anos da Mir: da inova\u00e7\u00e3o sovi\u00e9tica \u00e0 corrida es...<\/span>\n\t\t\t\t\t\t\t  \n\t\t\t\t\t\t\t  \n\t\t\t\t\t\t\t  <\/a>\n\n\t\t\t\t\t\t  <\/div>\n\t\t\t\t\t\t  <div class=\"relatedthumb \" style=\"width:125px;float:left;overflow:hidden;\">  \n\t\t\t\t\t\t\t  \n\t\t\t\t\t\t\t  <a  href=\"https:\/\/redept.com.br\/blogosfera\/base-de-lula-lidera-pesquisas-para-o-governo-de-pe-rj-e-rs-aponta-quaest\/\"  >\n\t\t\t\t\t\t\t\t\t  <div class=\"yuzo-img-wrap \" style=\"width: 125px;height:90px;\">\n\t\t\t\t\t\t\t\t\t\t\n\t\t\t\t\t\t\t\t\t\t<div class=\"yuzo-img\" style=\"background:url('https:\/\/redept.com.br\/blogosfera\/wp-content\/uploads\/2025\/02\/lula-campos-paes_stuckert-150x150.jpg') 50% 50% no-repeat;width: 125px;height:90px;margin-bottom: 5px;background-size: cover; \"><\/div>\n\t\t\t\t\t\t\t\t\t  <\/div>\n\t\t\t\t\t\t\t\t\t  \n\t\t\t\t\t\t\t\t   <span class=\"yuzo__text--title\" style=\"font-size:13px;\">Base de Lula lidera pesquisas para o governo de PE...<\/span>\n\t\t\t\t\t\t\t  \n\t\t\t\t\t\t\t  \n\t\t\t\t\t\t\t  <\/a>\n\n\t\t\t\t\t\t  <\/div>\n\t\t\t\t\t\t  <div class=\"relatedthumb \" style=\"width:125px;float:left;overflow:hidden;\">  \n\t\t\t\t\t\t\t  \n\t\t\t\t\t\t\t  <a  href=\"https:\/\/redept.com.br\/blogosfera\/a-classe-trabalhadora-esta-cansada-mas-nao-desatenta-avalia-presidente-da-cut-pernambuco\/\"  >\n\t\t\t\t\t\t\t\t\t  <div class=\"yuzo-img-wrap \" style=\"width: 125px;height:90px;\">\n\t\t\t\t\t\t\t\t\t\t\n\t\t\t\t\t\t\t\t\t\t<div class=\"yuzo-img\" style=\"background:url('https:\/\/redept.org\/blogosfera\/wp-content\/plugins\/yuzo-related-post\/assets\/images\/default.png') 50% 50% no-repeat;width: 125px;height:90px;margin-bottom: 5px;background-size: cover; \"><\/div>\n\t\t\t\t\t\t\t\t\t  <\/div>\n\t\t\t\t\t\t\t\t\t  \n\t\t\t\t\t\t\t\t   <span class=\"yuzo__text--title\" style=\"font-size:13px;\">\u2018A classe trabalhadora est\u00e1 cansada, mas n\u00e3o desat...<\/span>\n\t\t\t\t\t\t\t  \n\t\t\t\t\t\t\t  \n\t\t\t\t\t\t\t  <\/a>\n\n\t\t\t\t\t\t  <\/div>\n\t\t\t\t\t\t  <div class=\"relatedthumb \" style=\"width:125px;float:left;overflow:hidden;\">  \n\t\t\t\t\t\t\t  \n\t\t\t\t\t\t\t  <a  href=\"https:\/\/redept.com.br\/blogosfera\/na-onu-lula-enfatiza-que-soberania-e-democracia-brasileiras-sao-inegociaveis\/\"  >\n\t\t\t\t\t\t\t\t\t  <div class=\"yuzo-img-wrap \" style=\"width: 125px;height:90px;\">\n\t\t\t\t\t\t\t\t\t\t\n\t\t\t\t\t\t\t\t\t\t<div class=\"yuzo-img\" style=\"background:url('https:\/\/redept.org\/blogosfera\/wp-content\/plugins\/yuzo-related-post\/assets\/images\/default.png') 50% 50% no-repeat;width: 125px;height:90px;margin-bottom: 5px;background-size: cover; \"><\/div>\n\t\t\t\t\t\t\t\t\t  <\/div>\n\t\t\t\t\t\t\t\t\t  \n\t\t\t\t\t\t\t\t   <span class=\"yuzo__text--title\" style=\"font-size:13px;\">Na ONU, Lula enfatiza que soberania e democracia b...<\/span>\n\t\t\t\t\t\t\t  \n\t\t\t\t\t\t\t  \n\t\t\t\t\t\t\t  <\/a>\n\n\t\t\t\t\t\t  <\/div>\n<\/div> <script>\n\t\t\t\t\t\t  jQuery(document).ready(function( $ ){\n\t\t\t\t\t\t\t\/\/jQuery('.yuzo_related_post').equalizer({ overflow : 'relatedthumb' });\n\t\t\t\t\t\t\tjQuery('.yuzo_related_post .yuzo_wraps').equalizer({ columns : '> div' });\n\t\t\t\t\t\t   })\n\t\t\t\t\t\t  <\/script> <!-- End Yuzo :) -->","protected":false},"excerpt":{"rendered":"<p>Progressistas explodem contra articula\u00e7\u00e3o de Alcolumbre e clamam por restaura\u00e7\u00e3o do equil\u00edbrio entre poderes e defesa da democracia<\/p>\n<p>O post <a rel=\"nofollow\" href=\"https:\/\/urbsmagna.com\/congresso-inimigo-do-povo-ressurge-rejeicao-messias-stf-alcolumbre\/\">\u201cCongresso Inimigo do Povo\u201d ressurge ap\u00f3s atua\u00e7\u00e3o contra Messias: \u201cVamos renovar\u201d e \u201cvotar PT de cabo a rabo\u201d \u2013 T\u00e1 nas redes<\/a> apareceu primeiro em <a rel=\"nofollow\" href=\"https:\/\/urbsmagna.com\/\">Urbs Magna<\/a>.<\/p>\n","protected":false},"author":2,"featured_media":0,"comment_status":"open","ping_status":"closed","sticky":false,"template":"","format":"standard","meta":{"fifu_image_url":"","fifu_image_alt":"","footnotes":""},"categories":[45,9104,388,53226,3324,536,19247,1760,17,33217,112,191,13457,132,5471,53227,1059,11,53228,53229,4720,260,53230,12623,53231],"tags":[],"class_list":["post-85470","post","type-post","status-publish","format-standard","hentry","category-brasil","category-congresso-inimigo-do-povo","category-congresso-nacional","category-crise-poderes","category-davi-alcolumbre","category-democracia","category-democracia-brasil","category-eleicoes-2026","category-governo-lula","category-jorge-messias-stf","category-lula","category-noticias","category-partido-dos-trabalhadores-pt","category-politica","category-politica-nacional","category-prerrogativa-presidencial","category-pt","category-redes-sociais","category-rejeicao-messias-stf","category-renovacao-congresso","category-senado-federal","category-stf","category-stf-lula","category-supremo-tribunal-federal-stf","category-voto-pt-cabo-a-rabo"],"_links":{"self":[{"href":"https:\/\/redept.com.br\/blogosfera\/wp-json\/wp\/v2\/posts\/85470","targetHints":{"allow":["GET"]}}],"collection":[{"href":"https:\/\/redept.com.br\/blogosfera\/wp-json\/wp\/v2\/posts"}],"about":[{"href":"https:\/\/redept.com.br\/blogosfera\/wp-json\/wp\/v2\/types\/post"}],"author":[{"embeddable":true,"href":"https:\/\/redept.com.br\/blogosfera\/wp-json\/wp\/v2\/users\/2"}],"replies":[{"embeddable":true,"href":"https:\/\/redept.com.br\/blogosfera\/wp-json\/wp\/v2\/comments?post=85470"}],"version-history":[{"count":0,"href":"https:\/\/redept.com.br\/blogosfera\/wp-json\/wp\/v2\/posts\/85470\/revisions"}],"wp:attachment":[{"href":"https:\/\/redept.com.br\/blogosfera\/wp-json\/wp\/v2\/media?parent=85470"}],"wp:term":[{"taxonomy":"category","embeddable":true,"href":"https:\/\/redept.com.br\/blogosfera\/wp-json\/wp\/v2\/categories?post=85470"},{"taxonomy":"post_tag","embeddable":true,"href":"https:\/\/redept.com.br\/blogosfera\/wp-json\/wp\/v2\/tags?post=85470"}],"curies":[{"name":"wp","href":"https:\/\/api.w.org\/{rel}","templated":true}]}}