{"id":85472,"date":"2026-04-30T09:53:57","date_gmt":"2026-04-30T12:53:57","guid":{"rendered":"https:\/\/redept.com.br\/blogosfera\/aliado-de-donald-trump-daniel-noboa-tenta-interferir-nas-eleicoes-colombianas\/"},"modified":"2026-04-30T09:53:57","modified_gmt":"2026-04-30T12:53:57","slug":"aliado-de-donald-trump-daniel-noboa-tenta-interferir-nas-eleicoes-colombianas","status":"publish","type":"post","link":"https:\/\/redept.com.br\/blogosfera\/aliado-de-donald-trump-daniel-noboa-tenta-interferir-nas-eleicoes-colombianas\/","title":{"rendered":"Aliado de Donald Trump, Daniel Noboa tenta interferir nas elei\u00e7\u00f5es colombianas"},"content":{"rendered":"<p><img fetchpriority=\"high\" width=\"1024\" height=\"682\"src=\"https:\/\/redept.com.br\/blogosfera\/wp-content\/uploads\/2026\/04\/dfb96c1a-46e5-481d-b301-4d4756fd225e.jpeg\" alt=\"\" decoding=\"async\" srcset=\"https:\/\/vermelho.org.br\/wp-content\/uploads\/2026\/03\/dfb96c1a-46e5-481d-b301-4d4756fd225e-1024x682.jpeg 1024w, https:\/\/vermelho.org.br\/wp-content\/uploads\/2026\/03\/dfb96c1a-46e5-481d-b301-4d4756fd225e-300x200.jpeg 300w, https:\/\/vermelho.org.br\/wp-content\/uploads\/2026\/03\/dfb96c1a-46e5-481d-b301-4d4756fd225e-768x512.jpeg 768w, https:\/\/vermelho.org.br\/wp-content\/uploads\/2026\/03\/dfb96c1a-46e5-481d-b301-4d4756fd225e-1536x1023.jpeg 1536w, https:\/\/vermelho.org.br\/wp-content\/uploads\/2026\/03\/dfb96c1a-46e5-481d-b301-4d4756fd225e-272x182.jpeg 272w, https:\/\/redept.com.br\/blogosfera\/wp-content\/uploads\/2026\/04\/dfb96c1a-46e5-481d-b301-4d4756fd225e.jpeg 1600w\" sizes=\"(max-width: 1024px) 100vw, 1024px\"><\/p>\n<p>A um m\u00eas da elei\u00e7\u00e3o presidencial na Col\u00f4mbia, o presidente do Equador, Daniel Noboa, aliado de Donald Trump, tenta interferir no processo eleitoral colombiano ao acusar o governo de Gustavo Petro de liga\u00e7\u00e3o com guerrilheiros.\u00a0<\/p>\n<p>Nesta quarta-feira (29), Noboa afirmou, sem apresentar provas, que uma suposta \u201cincurs\u00e3o\u201d de guerrilheiros pela fronteira norte estaria sendo promovida pelo governo de Petro, o que levou o presidente colombiano a reagir, classificar as declara\u00e7\u00f5es como \u201cmentiras\u201d e desafi\u00e1-lo a um encontro na fronteira.<\/p>\n<p>\u201cV\u00e1rias fontes nos informaram de uma incurs\u00e3o pela fronteira norte de guerrilheiros colombianos, impulsionada pelo governo de Petro\u201d, acusou Noboa em uma publica\u00e7\u00e3o nas redes sociais.<\/p>\n<p>\u201cPresidente Petro, dedique-se a melhorar a vida do seu povo em vez de querer exportar problemas para pa\u00edses vizinhos\u201d, prosseguiu o aliado de Trump.<\/p>\n<p>A declara\u00e7\u00e3o foi feita sem detalhamento sobre local, data ou evid\u00eancias da suposta incurs\u00e3o, o que aprofundou a tens\u00e3o entre os dois pa\u00edses e a percep\u00e7\u00e3o de interfer\u00eancia no processo eleitoral em um momento de escalada pol\u00edtica, comercial e militar.<\/p>\n<p>A rea\u00e7\u00e3o de Gustavo Petro veio poucas horas depois, tamb\u00e9m pelas redes sociais.\u00a0<\/p>\n<p>O presidente colombiano negou as acusa\u00e7\u00f5es e respondeu diretamente ao mandat\u00e1rio equatoriano, afirmando: \u201cV\u00e1 at\u00e9 a fronteira norte e se encontre comigo, e construiremos a paz desses territ\u00f3rios; deixe de acreditar em mentiras\u201d.<\/p>\n<p>Nos \u00faltimos dias, o presidente equatoriano mentiu ao dizer que o mandat\u00e1rio colombiano teria mantido v\u00ednculos com o narcotraficante Jos\u00e9 Adolfo Mac\u00edas Villamar, conhecido como \u201cFito\u201d, apontado como chefe da organiza\u00e7\u00e3o criminosa Los Choneros, uma das principais estruturas do crime organizado no Equador.<\/p>\n<p>Segundo as falsas acusa\u00e7\u00f5es de Noboa, Petro teria se reunido com Fito durante uma visita \u00e0 cidade costeira de Manta, em 2025, ap\u00f3s participar da cerim\u00f4nia de posse presidencial em Quito. A acusa\u00e7\u00e3o, mais uma vez, n\u00e3o foi acompanhada de provas.<\/p>\n<p>Petro rejeitou a alega\u00e7\u00e3o e afirmou que ela se baseia em interpreta\u00e7\u00f5es fr\u00e1geis de relat\u00f3rios de intelig\u00eancia. \u201cAt\u00e9 o advogado de Fito desmente a vers\u00e3o est\u00fapida da intelig\u00eancia equatoriana que serve a Noboa para me caluniar\u201d, escreveu.<\/p>\n<p>O presidente colombiano detalhou que a narrativa apresentada por autoridades equatorianas se apoia em supostos \u201cmovimentos estranhos\u201d de sua equipe de seguran\u00e7a. \u201cSegundo a intelig\u00eancia equatoriana, movimentos \u2018estranhos\u2019 da minha escolta, que \u00e9 da Pol\u00edcia Nacional e da UNP, demonstrariam a conversa de \u2018Fito\u2019 comigo; essa \u00e9 a prova que apresentam\u201d, afirmou.<\/p>\n<p>Em tom cr\u00edtico, Petro acrescentou que os deslocamentos mencionados eram atividades rotineiras: \u201cOs movimentos estranhos s\u00e3o me levarem comida e a pessoa que me ajuda na reda\u00e7\u00e3o do meu livro\u201d.<\/p>\n<p>O epis\u00f3dio se soma a uma s\u00e9rie de confrontos recentes entre Bogot\u00e1 e Quito, que j\u00e1 vinham se deteriorando desde o in\u00edcio de 2026 com a imposi\u00e7\u00e3o de tarifas comerciais por parte do Equador.\u00a0<\/p>\n<p>Inicialmente fixadas em 30%, as taxas foram ampliadas progressivamente at\u00e9 atingir 100% sobre diversos produtos colombianos, com entrada em vigor prevista para 1\u00ba de maio.\u00a0<\/p>\n<p>A Col\u00f4mbia respondeu com medidas equivalentes, intensificando a disputa econ\u00f4mica entre os dois pa\u00edses.<\/p>\n<p>Em mar\u00e7o, o governo equatoriano admitiu a realiza\u00e7\u00e3o de bombardeios em \u00e1reas pr\u00f3ximas \u00e0 Col\u00f4mbia, em meio ao aprofundamento da coopera\u00e7\u00e3o militar com os Estados Unidos e a intensifica\u00e7\u00e3o das opera\u00e7\u00f5es contra grupos armados na regi\u00e3o.<\/p>\n<p>Outro ponto de atrito \u00e9 o caso do ex-vice-presidente equatoriano Jorge Glas, preso por corrup\u00e7\u00e3o. Petro o classificou como \u201cpreso pol\u00edtico\u201d, enquanto o governo equatoriano considerou a declara\u00e7\u00e3o uma inger\u00eancia em assuntos internos.<\/p>\n<p>O post <a href=\"https:\/\/vermelho.org.br\/2026\/04\/30\/aliado-de-donald-trump-daniel-noboa-tenta-interferir-nas-eleicoes-colombianas\/\">Aliado de Donald Trump, Daniel Noboa tenta interferir nas elei\u00e7\u00f5es colombianas<\/a> apareceu primeiro em <a href=\"https:\/\/vermelho.org.br\/\">Vermelho<\/a>.<\/p>\n<!-- Begin Yuzo --><div class='yuzo_related_post style-1'  data-version='5.12.89'><!-- without result --><div class='yuzo_clearfixed yuzo__title yuzo__title'><h3>Related Post<\/h3><\/div>\n\t\t\t\t\t\t  <div class=\"relatedthumb \" style=\"width:125px;float:left;overflow:hidden;\">  \n\t\t\t\t\t\t\t  \n\t\t\t\t\t\t\t  <a  href=\"https:\/\/redept.com.br\/blogosfera\/apos-ataques-israelenses-ao-ira-hezbollah-descarta-retaliar-israel\/\"  >\n\t\t\t\t\t\t\t\t\t  <div class=\"yuzo-img-wrap \" style=\"width: 125px;height:90px;\">\n\t\t\t\t\t\t\t\t\t\t\n\t\t\t\t\t\t\t\t\t\t<div class=\"yuzo-img\" style=\"background:url('https:\/\/redept.com.br\/blogosfera\/wp-content\/uploads\/2025\/06\/libanews-150x150.jpg') 50% 50% no-repeat;width: 125px;height:90px;margin-bottom: 5px;background-size: cover; \"><\/div>\n\t\t\t\t\t\t\t\t\t  <\/div>\n\t\t\t\t\t\t\t\t\t  \n\t\t\t\t\t\t\t\t   <span class=\"yuzo__text--title\" style=\"font-size:13px;\">Ap\u00f3s ataques israelenses ao Ir\u00e3, Hezbollah descart...<\/span>\n\t\t\t\t\t\t\t  \n\t\t\t\t\t\t\t  \n\t\t\t\t\t\t\t  <\/a>\n\n\t\t\t\t\t\t  <\/div>\n\t\t\t\t\t\t  <div class=\"relatedthumb \" style=\"width:125px;float:left;overflow:hidden;\">  \n\t\t\t\t\t\t\t  \n\t\t\t\t\t\t\t  <a  href=\"https:\/\/redept.com.br\/blogosfera\/tadeu-veneri-destaca-trabalho-em-defesa-dos-trabalhadores-e-do-governo-lula\/\"  >\n\t\t\t\t\t\t\t\t\t  <div class=\"yuzo-img-wrap \" style=\"width: 125px;height:90px;\">\n\t\t\t\t\t\t\t\t\t\t\n\t\t\t\t\t\t\t\t\t\t<div class=\"yuzo-img\" style=\"background:url('https:\/\/redept.org\/blogosfera\/wp-content\/plugins\/yuzo-related-post\/assets\/images\/default.png') 50% 50% no-repeat;width: 125px;height:90px;margin-bottom: 5px;background-size: cover; \"><\/div>\n\t\t\t\t\t\t\t\t\t  <\/div>\n\t\t\t\t\t\t\t\t\t  \n\t\t\t\t\t\t\t\t   <span class=\"yuzo__text--title\" style=\"font-size:13px;\">Tadeu Veneri destaca trabalho em defesa dos trabal...<\/span>\n\t\t\t\t\t\t\t  \n\t\t\t\t\t\t\t  \n\t\t\t\t\t\t\t  <\/a>\n\n\t\t\t\t\t\t  <\/div>\n\t\t\t\t\t\t  <div class=\"relatedthumb \" style=\"width:125px;float:left;overflow:hidden;\">  \n\t\t\t\t\t\t\t  \n\t\t\t\t\t\t\t  <a  href=\"https:\/\/redept.com.br\/blogosfera\/rosto-de-trump-no-passaporte-1a-vez-na-historia-dos-eua-voce-vai-viajar-com-ele\/\"  >\n\t\t\t\t\t\t\t\t\t  <div class=\"yuzo-img-wrap \" style=\"width: 125px;height:90px;\">\n\t\t\t\t\t\t\t\t\t\t\n\t\t\t\t\t\t\t\t\t\t<div class=\"yuzo-img\" style=\"background:url('https:\/\/redept.org\/blogosfera\/wp-content\/plugins\/yuzo-related-post\/assets\/images\/default.png') 50% 50% no-repeat;width: 125px;height:90px;margin-bottom: 5px;background-size: cover; \"><\/div>\n\t\t\t\t\t\t\t\t\t  <\/div>\n\t\t\t\t\t\t\t\t\t  \n\t\t\t\t\t\t\t\t   <span class=\"yuzo__text--title\" style=\"font-size:13px;\">Rosto de Trump no passaporte: 1\u00aa vez na hist\u00f3ria d...<\/span>\n\t\t\t\t\t\t\t  \n\t\t\t\t\t\t\t  \n\t\t\t\t\t\t\t  <\/a>\n\n\t\t\t\t\t\t  <\/div>\n\t\t\t\t\t\t  <div class=\"relatedthumb \" style=\"width:125px;float:left;overflow:hidden;\">  \n\t\t\t\t\t\t\t  \n\t\t\t\t\t\t\t  <a  href=\"https:\/\/redept.com.br\/blogosfera\/fundo-noruegues-para-de-investir-em-empresa-norte-americana-por-apoio-ao-genocidio-em-gaza\/\"  >\n\t\t\t\t\t\t\t\t\t  <div class=\"yuzo-img-wrap \" style=\"width: 125px;height:90px;\">\n\t\t\t\t\t\t\t\t\t\t\n\t\t\t\t\t\t\t\t\t\t<div class=\"yuzo-img\" style=\"background:url('https:\/\/redept.com.br\/blogosfera\/wp-content\/uploads\/2025\/08\/idf-d9l003-150x150.jpg') 50% 50% no-repeat;width: 125px;height:90px;margin-bottom: 5px;background-size: cover; \"><\/div>\n\t\t\t\t\t\t\t\t\t  <\/div>\n\t\t\t\t\t\t\t\t\t  \n\t\t\t\t\t\t\t\t   <span class=\"yuzo__text--title\" style=\"font-size:13px;\">Fundo noruegu\u00eas para de investir em empresa norte-...<\/span>\n\t\t\t\t\t\t\t  \n\t\t\t\t\t\t\t  \n\t\t\t\t\t\t\t  <\/a>\n\n\t\t\t\t\t\t  <\/div>\n<\/div> <script>\n\t\t\t\t\t\t  jQuery(document).ready(function( $ ){\n\t\t\t\t\t\t\t\/\/jQuery('.yuzo_related_post').equalizer({ overflow : 'relatedthumb' });\n\t\t\t\t\t\t\tjQuery('.yuzo_related_post .yuzo_wraps').equalizer({ columns : '> div' });\n\t\t\t\t\t\t   })\n\t\t\t\t\t\t  <\/script> <!-- End Yuzo :) -->","protected":false},"excerpt":{"rendered":"<p>A um m\u00eas da elei\u00e7\u00e3o presidencial na Col\u00f4mbia, o presidente do Equador, Daniel Noboa, aliado de Donald Trump, tenta interferir no processo eleitoral colombiano ao acusar o governo de Gustavo Petro de liga\u00e7\u00e3o com guerrilheiros.\u00a0 Nesta quarta-feira (29), Noboa afirmou, sem apresentar provas, que uma suposta \u201cincurs\u00e3o\u201d de guerrilheiros pela fronteira norte estaria sendo promovida [&hellip;]<\/p>\n","protected":false},"author":2,"featured_media":0,"comment_status":"open","ping_status":"closed","sticky":false,"template":"","format":"standard","meta":{"fifu_image_url":"","fifu_image_alt":"","footnotes":""},"categories":[347,1787,9943,3604,1023,53233,655,2953,50],"tags":[],"class_list":["post-85472","post","type-post","status-publish","format-standard","hentry","category-america-latina","category-colombia","category-crise-diplomatica","category-daniel-noboa","category-donald-trump","category-eleicoes-colombianas","category-equador","category-gustavo-petro","category-internacional"],"_links":{"self":[{"href":"https:\/\/redept.com.br\/blogosfera\/wp-json\/wp\/v2\/posts\/85472","targetHints":{"allow":["GET"]}}],"collection":[{"href":"https:\/\/redept.com.br\/blogosfera\/wp-json\/wp\/v2\/posts"}],"about":[{"href":"https:\/\/redept.com.br\/blogosfera\/wp-json\/wp\/v2\/types\/post"}],"author":[{"embeddable":true,"href":"https:\/\/redept.com.br\/blogosfera\/wp-json\/wp\/v2\/users\/2"}],"replies":[{"embeddable":true,"href":"https:\/\/redept.com.br\/blogosfera\/wp-json\/wp\/v2\/comments?post=85472"}],"version-history":[{"count":0,"href":"https:\/\/redept.com.br\/blogosfera\/wp-json\/wp\/v2\/posts\/85472\/revisions"}],"wp:attachment":[{"href":"https:\/\/redept.com.br\/blogosfera\/wp-json\/wp\/v2\/media?parent=85472"}],"wp:term":[{"taxonomy":"category","embeddable":true,"href":"https:\/\/redept.com.br\/blogosfera\/wp-json\/wp\/v2\/categories?post=85472"},{"taxonomy":"post_tag","embeddable":true,"href":"https:\/\/redept.com.br\/blogosfera\/wp-json\/wp\/v2\/tags?post=85472"}],"curies":[{"name":"wp","href":"https:\/\/api.w.org\/{rel}","templated":true}]}}