{"id":85475,"date":"2026-04-30T10:42:16","date_gmt":"2026-04-30T13:42:16","guid":{"rendered":"https:\/\/redept.com.br\/blogosfera\/escola-em-assentamento-do-mst-vence-premio-alfa-10-em-luzilandia-no-piaui\/"},"modified":"2026-04-30T10:42:16","modified_gmt":"2026-04-30T13:42:16","slug":"escola-em-assentamento-do-mst-vence-premio-alfa-10-em-luzilandia-no-piaui","status":"publish","type":"post","link":"https:\/\/redept.com.br\/blogosfera\/escola-em-assentamento-do-mst-vence-premio-alfa-10-em-luzilandia-no-piaui\/","title":{"rendered":"Escola em assentamento do MST vence Pr\u00eamio Alfa 10 em Luzil\u00e2ndia, no Piau\u00ed"},"content":{"rendered":"<figure><img fetchpriority=\"high\" fetchpriority=\"high\" decoding=\"async\" width=\"1024\" height=\"576\"src=\"https:\/\/redept.com.br\/blogosfera\/wp-content\/uploads\/2026\/04\/b4c45b76-3b4c-4918-b53b-94c63e15691f.jpeg\" alt=\"\" srcset=\"https:\/\/mst.org.br\/wp-content\/uploads\/2026\/04\/b4c45b76-3b4c-4918-b53b-94c63e15691f-1024x576.jpeg 1024w, https:\/\/mst.org.br\/wp-content\/uploads\/2026\/04\/b4c45b76-3b4c-4918-b53b-94c63e15691f-300x169.jpeg 300w, https:\/\/mst.org.br\/wp-content\/uploads\/2026\/04\/b4c45b76-3b4c-4918-b53b-94c63e15691f-768x432.jpeg 768w, https:\/\/mst.org.br\/wp-content\/uploads\/2026\/04\/b4c45b76-3b4c-4918-b53b-94c63e15691f-1536x864.jpeg 1536w, https:\/\/redept.com.br\/blogosfera\/wp-content\/uploads\/2026\/04\/b4c45b76-3b4c-4918-b53b-94c63e15691f.jpeg 1600w\" sizes=\"(max-width: 1024px) 100vw, 1024px\"><figcaption><em>Foto: MST no Piau\u00ed<\/em><\/figcaption><\/figure>\n<p><em>Da P\u00e1gina do MST<\/em><\/p>\n<p>A U.E. Bernardo Sabino, localizada no assentamento Palmares do MST em Luzil\u00e2ndia (PI), venceu o Pr\u00eamio Alfa 10 e figura entre as duas escolas premiadas no munic\u00edpio. Promovido pelo Governo do Estado do Piau\u00ed, o pr\u00eamio tem como objetivo elevar os \u00edndices de alfabetiza\u00e7\u00e3o e reconhecer pr\u00e1ticas eficazes em escolas p\u00fablicas estaduais e municipais.<\/p>\n<p>A edi\u00e7\u00e3o de 2026 selecionou cerca de 150 institui\u00e7\u00f5es; a Bernardo Sabino foi destacada pela avalia\u00e7\u00e3o t\u00e9cnica e pedag\u00f3gica por sua metodologia voltada \u00e0 educa\u00e7\u00e3o do campo. <\/p>\n<figure><img decoding=\"async\" width=\"1024\" height=\"592\"src=\"https:\/\/redept.com.br\/blogosfera\/wp-content\/uploads\/2026\/04\/d04bbf7f-7da3-4021-a36d-058e6633aa2d.jpeg\" alt=\"\" srcset=\"https:\/\/mst.org.br\/wp-content\/uploads\/2026\/04\/d04bbf7f-7da3-4021-a36d-058e6633aa2d-1024x592.jpeg 1024w, https:\/\/mst.org.br\/wp-content\/uploads\/2026\/04\/d04bbf7f-7da3-4021-a36d-058e6633aa2d-300x173.jpeg 300w, https:\/\/mst.org.br\/wp-content\/uploads\/2026\/04\/d04bbf7f-7da3-4021-a36d-058e6633aa2d-768x444.jpeg 768w, https:\/\/redept.com.br\/blogosfera\/wp-content\/uploads\/2026\/04\/d04bbf7f-7da3-4021-a36d-058e6633aa2d.jpeg 1080w\" sizes=\"(max-width: 1024px) 100vw, 1024px\"><figcaption><em>Foto: MST no Piau\u00ed<\/em><\/figcaption><\/figure>\n<p>\u00c9 importante destacar que o quadro profissional de educadores da escola do campo Bernardo Sabino \u00e9, em sua maioria, formado por profissionais egressos da institui\u00e7\u00e3o, profissionais que fizeram sua gradua\u00e7\u00e3o em n\u00edvel superior e, hoje, retornaram para exercer sua profiss\u00e3o no campo e fortalecer a educa\u00e7\u00e3o no assentamento.<\/p>\n<p>\u201c\u00c9 uma conquista muito importante para nossa escola, comunidade, para a educa\u00e7\u00e3o do campo e, principalmente, para nossa luta.\u201d diz Ildener Carvalho, coordenadora da escola.<\/p>\n<figure><img decoding=\"async\" width=\"1008\" height=\"1024\"src=\"https:\/\/redept.com.br\/blogosfera\/wp-content\/uploads\/2026\/04\/e053e5c9-9c58-44a9-824f-72cab9ca0020.jpeg\" alt=\"\" srcset=\"https:\/\/mst.org.br\/wp-content\/uploads\/2026\/04\/e053e5c9-9c58-44a9-824f-72cab9ca0020-1008x1024.jpeg 1008w, https:\/\/mst.org.br\/wp-content\/uploads\/2026\/04\/e053e5c9-9c58-44a9-824f-72cab9ca0020-295x300.jpeg 295w, https:\/\/mst.org.br\/wp-content\/uploads\/2026\/04\/e053e5c9-9c58-44a9-824f-72cab9ca0020-768x780.jpeg 768w, https:\/\/redept.com.br\/blogosfera\/wp-content\/uploads\/2026\/04\/e053e5c9-9c58-44a9-824f-72cab9ca0020.jpeg 1086w\" sizes=\"(max-width: 1008px) 100vw, 1008px\"><figcaption><em>Foto: MST no Piau\u00ed<\/em><\/figcaption><\/figure>\n<p>A escola Bernardo Sabino se destaca tamb\u00e9m por fazer uma boa integra\u00e7\u00e3o entre a escola e a comunidade, fortalecendo a participa\u00e7\u00e3o das fam\u00edlias que vivem na comunidade, o que contribui para a melhora da vida educacional dos estudantes.<\/p>\n<p>\u201cA nossa metodologia \u00e9 voltada para a educa\u00e7\u00e3o do campo, que nesse momento encontra-se em evid\u00eancia como uma educa\u00e7\u00e3o de qualidade, e essa metodologia, vinculada \u00e0 valoriza\u00e7\u00e3o da terra, permite que as crian\u00e7as sejam alfabetizadas com efic\u00e1cia, pois conseguimos fazer a rela\u00e7\u00e3o entre teoria e pr\u00e1tica, trazendo a viv\u00eancia das fam\u00edlias do assentamento para dentro da sala de aula\u201d, fala Deusiane, professora do ensino fundamental I.<\/p>\n<figure><img decoding=\"async\" width=\"1024\" height=\"576\"src=\"https:\/\/redept.com.br\/blogosfera\/wp-content\/uploads\/2026\/04\/2858c8e4-4b81-4392-9620-f88bee93e962.jpeg\" alt=\"\" srcset=\"https:\/\/mst.org.br\/wp-content\/uploads\/2026\/04\/2858c8e4-4b81-4392-9620-f88bee93e962-1024x576.jpeg 1024w, https:\/\/mst.org.br\/wp-content\/uploads\/2026\/04\/2858c8e4-4b81-4392-9620-f88bee93e962-300x169.jpeg 300w, https:\/\/mst.org.br\/wp-content\/uploads\/2026\/04\/2858c8e4-4b81-4392-9620-f88bee93e962-768x432.jpeg 768w, https:\/\/mst.org.br\/wp-content\/uploads\/2026\/04\/2858c8e4-4b81-4392-9620-f88bee93e962-1536x864.jpeg 1536w, https:\/\/redept.com.br\/blogosfera\/wp-content\/uploads\/2026\/04\/2858c8e4-4b81-4392-9620-f88bee93e962.jpeg 1600w\" sizes=\"(max-width: 1024px) 100vw, 1024px\"><figcaption><em>Foto: MST no Piau\u00ed<\/em><\/figcaption><\/figure>\n<p><em>*Editado por Fernanda Alc\u00e2ntara<\/em><\/p>\n<p>O post <a href=\"https:\/\/mst.org.br\/2026\/04\/30\/escola-em-assentamento-do-mst-vence-premio-alfa-10-em-luzilandia-no-piaui\/\">Escola em assentamento do MST vence Pr\u00eamio Alfa 10 em Luzil\u00e2ndia, no Piau\u00ed<\/a> apareceu primeiro em <a href=\"https:\/\/mst.org.br\/\">MST<\/a>.<\/p>\n<!-- Begin Yuzo --><div class='yuzo_related_post style-1'  data-version='5.12.89'><!-- without result --><div class='yuzo_clearfixed yuzo__title yuzo__title'><h3>Related Post<\/h3><\/div>\n\t\t\t\t\t\t  <div class=\"relatedthumb \" style=\"width:125px;float:left;overflow:hidden;\">  \n\t\t\t\t\t\t\t  \n\t\t\t\t\t\t\t  <a  href=\"https:\/\/redept.com.br\/blogosfera\/retomar-a-petrobras-para-o-brasil\/\"  >\n\t\t\t\t\t\t\t\t\t  <div class=\"yuzo-img-wrap \" style=\"width: 125px;height:90px;\">\n\t\t\t\t\t\t\t\t\t\t\n\t\t\t\t\t\t\t\t\t\t<div class=\"yuzo-img\" style=\"background:url('https:\/\/redept.com.br\/blogosfera\/wp-content\/uploads\/2026\/03\/petroleo-150x150.jpg') 50% 50% no-repeat;width: 125px;height:90px;margin-bottom: 5px;background-size: cover; \"><\/div>\n\t\t\t\t\t\t\t\t\t  <\/div>\n\t\t\t\t\t\t\t\t\t  \n\t\t\t\t\t\t\t\t   <span class=\"yuzo__text--title\" style=\"font-size:13px;\">Retomar a Petrobras para o Brasil<\/span>\n\t\t\t\t\t\t\t  \n\t\t\t\t\t\t\t  \n\t\t\t\t\t\t\t  <\/a>\n\n\t\t\t\t\t\t  <\/div>\n\t\t\t\t\t\t  <div class=\"relatedthumb \" style=\"width:125px;float:left;overflow:hidden;\">  \n\t\t\t\t\t\t\t  \n\t\t\t\t\t\t\t  <a  href=\"https:\/\/redept.com.br\/blogosfera\/margareth-menezes-destaca-nacionalizacao-das-oportunidades-na-cultura\/\"  >\n\t\t\t\t\t\t\t\t\t  <div class=\"yuzo-img-wrap \" style=\"width: 125px;height:90px;\">\n\t\t\t\t\t\t\t\t\t\t\n\t\t\t\t\t\t\t\t\t\t<div class=\"yuzo-img\" style=\"background:url('https:\/\/redept.com.br\/blogosfera\/wp-content\/uploads\/2025\/02\/54325231830_aa69738e39_c-150x150.jpg') 50% 50% no-repeat;width: 125px;height:90px;margin-bottom: 5px;background-size: cover; \"><\/div>\n\t\t\t\t\t\t\t\t\t  <\/div>\n\t\t\t\t\t\t\t\t\t  \n\t\t\t\t\t\t\t\t   <span class=\"yuzo__text--title\" style=\"font-size:13px;\">Margareth Menezes destaca \u201cnacionaliza\u00e7\u00e3o das opor...<\/span>\n\t\t\t\t\t\t\t  \n\t\t\t\t\t\t\t  \n\t\t\t\t\t\t\t  <\/a>\n\n\t\t\t\t\t\t  <\/div>\n\t\t\t\t\t\t  <div class=\"relatedthumb \" style=\"width:125px;float:left;overflow:hidden;\">  \n\t\t\t\t\t\t\t  \n\t\t\t\t\t\t\t  <a  href=\"https:\/\/redept.com.br\/blogosfera\/senadores-do-pt-desejam-forca-e-recuperacao-rapida-ao-presidente-lula-apos-cirurgia\/\"  >\n\t\t\t\t\t\t\t\t\t  <div class=\"yuzo-img-wrap \" style=\"width: 125px;height:90px;\">\n\t\t\t\t\t\t\t\t\t\t\n\t\t\t\t\t\t\t\t\t\t<div class=\"yuzo-img\" style=\"background:url('https:\/\/redept.org\/blogosfera\/wp-content\/plugins\/yuzo-related-post\/assets\/images\/default.png') 50% 50% no-repeat;width: 125px;height:90px;margin-bottom: 5px;background-size: cover; \"><\/div>\n\t\t\t\t\t\t\t\t\t  <\/div>\n\t\t\t\t\t\t\t\t\t  \n\t\t\t\t\t\t\t\t   <span class=\"yuzo__text--title\" style=\"font-size:13px;\">Senadores do PT desejam for\u00e7a e recupera\u00e7\u00e3o r\u00e1pida...<\/span>\n\t\t\t\t\t\t\t  \n\t\t\t\t\t\t\t  \n\t\t\t\t\t\t\t  <\/a>\n\n\t\t\t\t\t\t  <\/div>\n\t\t\t\t\t\t  <div class=\"relatedthumb \" style=\"width:125px;float:left;overflow:hidden;\">  \n\t\t\t\t\t\t\t  \n\t\t\t\t\t\t\t  <a  href=\"https:\/\/redept.com.br\/blogosfera\/pepe-vargas-assume-interinamente-o-governo-do-rio-grande-do-sul-ate-o-dia-5-de-janeiro\/\"  >\n\t\t\t\t\t\t\t\t\t  <div class=\"yuzo-img-wrap \" style=\"width: 125px;height:90px;\">\n\t\t\t\t\t\t\t\t\t\t\n\t\t\t\t\t\t\t\t\t\t<div class=\"yuzo-img\" style=\"background:url('https:\/\/redept.org\/blogosfera\/wp-content\/plugins\/yuzo-related-post\/assets\/images\/default.png') 50% 50% no-repeat;width: 125px;height:90px;margin-bottom: 5px;background-size: cover; \"><\/div>\n\t\t\t\t\t\t\t\t\t  <\/div>\n\t\t\t\t\t\t\t\t\t  \n\t\t\t\t\t\t\t\t   <span class=\"yuzo__text--title\" style=\"font-size:13px;\">Pepe Vargas assume interinamente o governo do Rio ...<\/span>\n\t\t\t\t\t\t\t  \n\t\t\t\t\t\t\t  \n\t\t\t\t\t\t\t  <\/a>\n\n\t\t\t\t\t\t  <\/div>\n<\/div> <script>\n\t\t\t\t\t\t  jQuery(document).ready(function( $ ){\n\t\t\t\t\t\t\t\/\/jQuery('.yuzo_related_post').equalizer({ overflow : 'relatedthumb' });\n\t\t\t\t\t\t\tjQuery('.yuzo_related_post .yuzo_wraps').equalizer({ columns : '> div' });\n\t\t\t\t\t\t   })\n\t\t\t\t\t\t  <\/script> <!-- End Yuzo :) -->","protected":false},"excerpt":{"rendered":"<p>Foto: MST no Piau\u00ed Da P\u00e1gina do MST A U.E. Bernardo Sabino, localizada no assentamento Palmares do MST em Luzil\u00e2ndia (PI), venceu o Pr\u00eamio Alfa 10 e figura entre as duas escolas premiadas no munic\u00edpio. Promovido pelo Governo do Estado do Piau\u00ed, o pr\u00eamio tem como objetivo elevar os \u00edndices de alfabetiza\u00e7\u00e3o e reconhecer pr\u00e1ticas [&hellip;]<\/p>\n","protected":false},"author":2,"featured_media":0,"comment_status":"open","ping_status":"closed","sticky":false,"template":"","format":"standard","meta":{"fifu_image_url":"","fifu_image_alt":"","footnotes":""},"categories":[95,407,2299,191,937],"tags":[],"class_list":["post-85475","post","type-post","status-publish","format-standard","hentry","category-educacao","category-educacao-do-campo","category-escola-do-campo","category-noticias","category-piaui"],"_links":{"self":[{"href":"https:\/\/redept.com.br\/blogosfera\/wp-json\/wp\/v2\/posts\/85475","targetHints":{"allow":["GET"]}}],"collection":[{"href":"https:\/\/redept.com.br\/blogosfera\/wp-json\/wp\/v2\/posts"}],"about":[{"href":"https:\/\/redept.com.br\/blogosfera\/wp-json\/wp\/v2\/types\/post"}],"author":[{"embeddable":true,"href":"https:\/\/redept.com.br\/blogosfera\/wp-json\/wp\/v2\/users\/2"}],"replies":[{"embeddable":true,"href":"https:\/\/redept.com.br\/blogosfera\/wp-json\/wp\/v2\/comments?post=85475"}],"version-history":[{"count":0,"href":"https:\/\/redept.com.br\/blogosfera\/wp-json\/wp\/v2\/posts\/85475\/revisions"}],"wp:attachment":[{"href":"https:\/\/redept.com.br\/blogosfera\/wp-json\/wp\/v2\/media?parent=85475"}],"wp:term":[{"taxonomy":"category","embeddable":true,"href":"https:\/\/redept.com.br\/blogosfera\/wp-json\/wp\/v2\/categories?post=85475"},{"taxonomy":"post_tag","embeddable":true,"href":"https:\/\/redept.com.br\/blogosfera\/wp-json\/wp\/v2\/tags?post=85475"}],"curies":[{"name":"wp","href":"https:\/\/api.w.org\/{rel}","templated":true}]}}