{"id":85480,"date":"2026-04-30T10:40:55","date_gmt":"2026-04-30T13:40:55","guid":{"rendered":"https:\/\/redept.com.br\/blogosfera\/motta-e-alcolumbre-tem-piores-notas-diz-atlas-intel-perfis-os-rejeitam-ate-para-sindicos-de-condominio\/"},"modified":"2026-04-30T10:40:55","modified_gmt":"2026-04-30T13:40:55","slug":"motta-e-alcolumbre-tem-piores-notas-diz-atlas-intel-perfis-os-rejeitam-ate-para-sindicos-de-condominio","status":"publish","type":"post","link":"https:\/\/redept.com.br\/blogosfera\/motta-e-alcolumbre-tem-piores-notas-diz-atlas-intel-perfis-os-rejeitam-ate-para-sindicos-de-condominio\/","title":{"rendered":"Motta e Alcolumbre t\u00eam piores notas, diz Atlas\/Intel; perfis os rejeitam at\u00e9 para s\u00edndicos de condom\u00ednio"},"content":{"rendered":"<p>Enterrados pelo povo com rejei\u00e7\u00e3o acima de 80% segundo pesquisa, os dois l\u00edderes das casas legislativas exp\u00f5em a crise no Congresso levantando questionamentos sobre representatividade frente ao governo Lula<\/p>\n<p>O post Motta e Alcolumbre t\u00eam piores notas, diz Atlas\/Intel; perfis os rejeitam at\u00e9 para s\u00edndicos de condom\u00ednio apareceu primeiro em Urbs Magna.<\/p>\n<!-- Begin Yuzo --><div class='yuzo_related_post style-1'  data-version='5.12.89'><!-- without result --><div class='yuzo_clearfixed yuzo__title yuzo__title'><h3>Related Post<\/h3><\/div>\n\t\t\t\t\t\t  <div class=\"relatedthumb \" style=\"width:125px;float:left;overflow:hidden;\">  \n\t\t\t\t\t\t\t  \n\t\t\t\t\t\t\t  <a  href=\"https:\/\/redept.com.br\/blogosfera\/um-ano-apos-vitoria-de-maduro-direita-aposta-em-estrategia-falida-e-esquerda-amplia-poder-na-venezuela\/\"  >\n\t\t\t\t\t\t\t\t\t  <div class=\"yuzo-img-wrap \" style=\"width: 125px;height:90px;\">\n\t\t\t\t\t\t\t\t\t\t\n\t\t\t\t\t\t\t\t\t\t<div class=\"yuzo-img\" style=\"background:url('https:\/\/redept.org\/blogosfera\/wp-content\/plugins\/yuzo-related-post\/assets\/images\/default.png') 50% 50% no-repeat;width: 125px;height:90px;margin-bottom: 5px;background-size: cover; \"><\/div>\n\t\t\t\t\t\t\t\t\t  <\/div>\n\t\t\t\t\t\t\t\t\t  \n\t\t\t\t\t\t\t\t   <span class=\"yuzo__text--title\" style=\"font-size:13px;\">Um ano ap\u00f3s vit\u00f3ria de Maduro, direita aposta em e...<\/span>\n\t\t\t\t\t\t\t  \n\t\t\t\t\t\t\t  \n\t\t\t\t\t\t\t  <\/a>\n\n\t\t\t\t\t\t  <\/div>\n\t\t\t\t\t\t  <div class=\"relatedthumb \" style=\"width:125px;float:left;overflow:hidden;\">  \n\t\t\t\t\t\t\t  \n\t\t\t\t\t\t\t  <a  href=\"https:\/\/redept.com.br\/blogosfera\/gilmar-mendes-stf-prepara-ataque-aos-trabalhadores\/\"  >\n\t\t\t\t\t\t\t\t\t  <div class=\"yuzo-img-wrap \" style=\"width: 125px;height:90px;\">\n\t\t\t\t\t\t\t\t\t\t\n\t\t\t\t\t\t\t\t\t\t<div class=\"yuzo-img\" style=\"background:url('https:\/\/redept.com.br\/blogosfera\/wp-content\/uploads\/2025\/06\/Gilmar-Mendes-150x150.webp') 50% 50% no-repeat;width: 125px;height:90px;margin-bottom: 5px;background-size: cover; \"><\/div>\n\t\t\t\t\t\t\t\t\t  <\/div>\n\t\t\t\t\t\t\t\t\t  \n\t\t\t\t\t\t\t\t   <span class=\"yuzo__text--title\" style=\"font-size:13px;\">Gilmar Mendes (STF) prepara ataque aos trabalhador...<\/span>\n\t\t\t\t\t\t\t  \n\t\t\t\t\t\t\t  \n\t\t\t\t\t\t\t  <\/a>\n\n\t\t\t\t\t\t  <\/div>\n\t\t\t\t\t\t  <div class=\"relatedthumb \" style=\"width:125px;float:left;overflow:hidden;\">  \n\t\t\t\t\t\t\t  \n\t\t\t\t\t\t\t  <a  href=\"https:\/\/redept.com.br\/blogosfera\/pgr-definira-proximos-passos-de-acao-contra-bolsonaro-e-eduardo\/\"  >\n\t\t\t\t\t\t\t\t\t  <div class=\"yuzo-img-wrap \" style=\"width: 125px;height:90px;\">\n\t\t\t\t\t\t\t\t\t\t\n\t\t\t\t\t\t\t\t\t\t<div class=\"yuzo-img\" style=\"background:url('https:\/\/redept.com.br\/blogosfera\/wp-content\/uploads\/2025\/08\/deduardo-e-jair_Foto-Fabio-Rodrigues-Pozzebom_Ag-Brasil-150x150.jpg') 50% 50% no-repeat;width: 125px;height:90px;margin-bottom: 5px;background-size: cover; \"><\/div>\n\t\t\t\t\t\t\t\t\t  <\/div>\n\t\t\t\t\t\t\t\t\t  \n\t\t\t\t\t\t\t\t   <span class=\"yuzo__text--title\" style=\"font-size:13px;\">PGR definir\u00e1 pr\u00f3ximos passos de a\u00e7\u00e3o contra Bolson...<\/span>\n\t\t\t\t\t\t\t  \n\t\t\t\t\t\t\t  \n\t\t\t\t\t\t\t  <\/a>\n\n\t\t\t\t\t\t  <\/div>\n\t\t\t\t\t\t  <div class=\"relatedthumb \" style=\"width:125px;float:left;overflow:hidden;\">  \n\t\t\t\t\t\t\t  \n\t\t\t\t\t\t\t  <a  href=\"https:\/\/redept.com.br\/blogosfera\/esposa-de-jose-mujica-diz-que-ex-presidente-uruguaio-enfrenta-fase-terminal-do-cancer\/\"  >\n\t\t\t\t\t\t\t\t\t  <div class=\"yuzo-img-wrap \" style=\"width: 125px;height:90px;\">\n\t\t\t\t\t\t\t\t\t\t\n\t\t\t\t\t\t\t\t\t\t<div class=\"yuzo-img\" style=\"background:url('https:\/\/redept.org\/blogosfera\/wp-content\/plugins\/yuzo-related-post\/assets\/images\/default.png') 50% 50% no-repeat;width: 125px;height:90px;margin-bottom: 5px;background-size: cover; \"><\/div>\n\t\t\t\t\t\t\t\t\t  <\/div>\n\t\t\t\t\t\t\t\t\t  \n\t\t\t\t\t\t\t\t   <span class=\"yuzo__text--title\" style=\"font-size:13px;\">Esposa de Jos\u00e9 Mujica diz que ex-presidente urugua...<\/span>\n\t\t\t\t\t\t\t  \n\t\t\t\t\t\t\t  \n\t\t\t\t\t\t\t  <\/a>\n\n\t\t\t\t\t\t  <\/div>\n<\/div> <script>\n\t\t\t\t\t\t  jQuery(document).ready(function( $ ){\n\t\t\t\t\t\t\t\/\/jQuery('.yuzo_related_post').equalizer({ overflow : 'relatedthumb' });\n\t\t\t\t\t\t\tjQuery('.yuzo_related_post .yuzo_wraps').equalizer({ columns : '> div' });\n\t\t\t\t\t\t   })\n\t\t\t\t\t\t  <\/script> <!-- End Yuzo :) -->","protected":false},"excerpt":{"rendered":"<p>Enterrados pelo povo com rejei\u00e7\u00e3o acima de 80% segundo pesquisa, os dois l\u00edderes das casas legislativas exp\u00f5em a crise no Congresso levantando questionamentos sobre representatividade frente ao governo Lula<\/p>\n<p>O post <a rel=\"nofollow\" href=\"https:\/\/urbsmagna.com\/atlasintel-revela-rejeicao-recorde-alcolumbre-hugo-motta-congresso\/\">Motta e Alcolumbre t\u00eam piores notas, diz Atlas\/Intel; perfis os rejeitam at\u00e9 para s\u00edndicos de condom\u00ednio<\/a> apareceu primeiro em <a rel=\"nofollow\" href=\"https:\/\/urbsmagna.com\/\">Urbs Magna<\/a>.<\/p>\n","protected":false},"author":2,"featured_media":0,"comment_status":"open","ping_status":"closed","sticky":false,"template":"","format":"standard","meta":{"fifu_image_url":"","fifu_image_alt":"","footnotes":""},"categories":[2562,45,395,388,3324,536,19247,1760,17,3325,53234,53235,112,191,53236,18474,132,5471,53237,53238,11,53239],"tags":[],"class_list":["post-85480","post","type-post","status-publish","format-standard","hentry","category-atlasintel","category-brasil","category-centrao","category-congresso-nacional","category-davi-alcolumbre","category-democracia","category-democracia-brasil","category-eleicoes-2026","category-governo-lula","category-hugo-motta","category-imagem-negativa-lideres","category-legitimidade-politica","category-lula","category-noticias","category-pesquisa-politica-2026","category-pesquisas-de-opiniao","category-politica","category-politica-nacional","category-presidente-camara","category-presidente-senado","category-redes-sociais","category-rejeicao-congresso"],"_links":{"self":[{"href":"https:\/\/redept.com.br\/blogosfera\/wp-json\/wp\/v2\/posts\/85480","targetHints":{"allow":["GET"]}}],"collection":[{"href":"https:\/\/redept.com.br\/blogosfera\/wp-json\/wp\/v2\/posts"}],"about":[{"href":"https:\/\/redept.com.br\/blogosfera\/wp-json\/wp\/v2\/types\/post"}],"author":[{"embeddable":true,"href":"https:\/\/redept.com.br\/blogosfera\/wp-json\/wp\/v2\/users\/2"}],"replies":[{"embeddable":true,"href":"https:\/\/redept.com.br\/blogosfera\/wp-json\/wp\/v2\/comments?post=85480"}],"version-history":[{"count":0,"href":"https:\/\/redept.com.br\/blogosfera\/wp-json\/wp\/v2\/posts\/85480\/revisions"}],"wp:attachment":[{"href":"https:\/\/redept.com.br\/blogosfera\/wp-json\/wp\/v2\/media?parent=85480"}],"wp:term":[{"taxonomy":"category","embeddable":true,"href":"https:\/\/redept.com.br\/blogosfera\/wp-json\/wp\/v2\/categories?post=85480"},{"taxonomy":"post_tag","embeddable":true,"href":"https:\/\/redept.com.br\/blogosfera\/wp-json\/wp\/v2\/tags?post=85480"}],"curies":[{"name":"wp","href":"https:\/\/api.w.org\/{rel}","templated":true}]}}