{"id":85486,"date":"2026-04-30T11:51:08","date_gmt":"2026-04-30T14:51:08","guid":{"rendered":"https:\/\/redept.com.br\/blogosfera\/a-reforma-do-judiciario-vai-sair-mesmo\/"},"modified":"2026-04-30T11:51:08","modified_gmt":"2026-04-30T14:51:08","slug":"a-reforma-do-judiciario-vai-sair-mesmo","status":"publish","type":"post","link":"https:\/\/redept.com.br\/blogosfera\/a-reforma-do-judiciario-vai-sair-mesmo\/","title":{"rendered":"A reforma do Judici\u00e1rio vai sair mesmo?"},"content":{"rendered":"<p>Desde que o Ministro Edson Fachin, presidente do Supremo Tribunal Federal (STF), manifestou sua inten\u00e7\u00e3o de submeter \u00e0 considera\u00e7\u00e3o dos demais ministros um c\u00f3digo de conduta, sob um modelo parecido com o da Alemanha, tantas vozes se acenderam pr\u00f3 e contra, que a pol\u00eamica se instalou. De um lado, pelo aproveitamento que a ideia do [\u2026]<\/p>\n<p><a href=\"https:\/\/www.brasildefato.com.br\/colunista\/jacques-tavora-alfonsin\/2026\/04\/30\/a-reforma-do-judiciario-vai-sair-mesmo\/\" rel=\"nofollow\">Fonte<\/a><\/p>\n<!-- Begin Yuzo --><div class='yuzo_related_post style-1'  data-version='5.12.89'><!-- without result --><div class='yuzo_clearfixed yuzo__title yuzo__title'><h3>Related Post<\/h3><\/div>\n\t\t\t\t\t\t  <div class=\"relatedthumb \" style=\"width:125px;float:left;overflow:hidden;\">  \n\t\t\t\t\t\t\t  \n\t\t\t\t\t\t\t  <a  href=\"https:\/\/redept.com.br\/blogosfera\/eleicoes-para-que-as-ias-poderiam-ser-uteis\/\"  >\n\t\t\t\t\t\t\t\t\t  <div class=\"yuzo-img-wrap \" style=\"width: 125px;height:90px;\">\n\t\t\t\t\t\t\t\t\t\t\n\t\t\t\t\t\t\t\t\t\t<div class=\"yuzo-img\" style=\"background:url('https:\/\/redept.com.br\/blogosfera\/wp-content\/uploads\/2026\/04\/2018_40_digital_democracy-2048x1419-150x150.jpg') 50% 50% no-repeat;width: 125px;height:90px;margin-bottom: 5px;background-size: cover; \"><\/div>\n\t\t\t\t\t\t\t\t\t  <\/div>\n\t\t\t\t\t\t\t\t\t  \n\t\t\t\t\t\t\t\t   <span class=\"yuzo__text--title\" style=\"font-size:13px;\">Elei\u00e7\u00f5es: Para qu\u00ea as IAs poderiam ser \u00fateis<\/span>\n\t\t\t\t\t\t\t  \n\t\t\t\t\t\t\t  \n\t\t\t\t\t\t\t  <\/a>\n\n\t\t\t\t\t\t  <\/div>\n\t\t\t\t\t\t  <div class=\"relatedthumb \" style=\"width:125px;float:left;overflow:hidden;\">  \n\t\t\t\t\t\t\t  \n\t\t\t\t\t\t\t  <a  href=\"https:\/\/redept.com.br\/blogosfera\/40-artistas-receberam-r-3-bilhoes-de-prefeituras-e-governos-estaduais-entre-2024-e-2026-aponta-levantamento\/\"  >\n\t\t\t\t\t\t\t\t\t  <div class=\"yuzo-img-wrap \" style=\"width: 125px;height:90px;\">\n\t\t\t\t\t\t\t\t\t\t\n\t\t\t\t\t\t\t\t\t\t<div class=\"yuzo-img\" style=\"background:url('https:\/\/redept.org\/blogosfera\/wp-content\/plugins\/yuzo-related-post\/assets\/images\/default.png') 50% 50% no-repeat;width: 125px;height:90px;margin-bottom: 5px;background-size: cover; \"><\/div>\n\t\t\t\t\t\t\t\t\t  <\/div>\n\t\t\t\t\t\t\t\t\t  \n\t\t\t\t\t\t\t\t   <span class=\"yuzo__text--title\" style=\"font-size:13px;\">40 artistas receberam R$ 3 bilh\u00f5es de prefeituras ...<\/span>\n\t\t\t\t\t\t\t  \n\t\t\t\t\t\t\t  \n\t\t\t\t\t\t\t  <\/a>\n\n\t\t\t\t\t\t  <\/div>\n\t\t\t\t\t\t  <div class=\"relatedthumb \" style=\"width:125px;float:left;overflow:hidden;\">  \n\t\t\t\t\t\t\t  \n\t\t\t\t\t\t\t  <a  href=\"https:\/\/redept.com.br\/blogosfera\/alesp-organiza-ato-solene-pelo-dia-da-solidariedade-ao-povo-palestino\/\"  >\n\t\t\t\t\t\t\t\t\t  <div class=\"yuzo-img-wrap \" style=\"width: 125px;height:90px;\">\n\t\t\t\t\t\t\t\t\t\t\n\t\t\t\t\t\t\t\t\t\t<div class=\"yuzo-img\" style=\"background:url('https:\/\/redept.com.br\/blogosfera\/wp-content\/uploads\/2025\/12\/palestina-150x150.jpg') 50% 50% no-repeat;width: 125px;height:90px;margin-bottom: 5px;background-size: cover; \"><\/div>\n\t\t\t\t\t\t\t\t\t  <\/div>\n\t\t\t\t\t\t\t\t\t  \n\t\t\t\t\t\t\t\t   <span class=\"yuzo__text--title\" style=\"font-size:13px;\">Alesp organiza ato solene pelo Dia da Solidariedad...<\/span>\n\t\t\t\t\t\t\t  \n\t\t\t\t\t\t\t  \n\t\t\t\t\t\t\t  <\/a>\n\n\t\t\t\t\t\t  <\/div>\n\t\t\t\t\t\t  <div class=\"relatedthumb \" style=\"width:125px;float:left;overflow:hidden;\">  \n\t\t\t\t\t\t\t  \n\t\t\t\t\t\t\t  <a  href=\"https:\/\/redept.com.br\/blogosfera\/alckmin-diz-que-ressarcimentos-comecam-no-proximo-pagamento-do-inss\/\"  >\n\t\t\t\t\t\t\t\t\t  <div class=\"yuzo-img-wrap \" style=\"width: 125px;height:90px;\">\n\t\t\t\t\t\t\t\t\t\t\n\t\t\t\t\t\t\t\t\t\t<div class=\"yuzo-img\" style=\"background:url('https:\/\/redept.com.br\/blogosfera\/wp-content\/uploads\/2025\/05\/54511726314_0af269e909_k-150x150.jpg') 50% 50% no-repeat;width: 125px;height:90px;margin-bottom: 5px;background-size: cover; \"><\/div>\n\t\t\t\t\t\t\t\t\t  <\/div>\n\t\t\t\t\t\t\t\t\t  \n\t\t\t\t\t\t\t\t   <span class=\"yuzo__text--title\" style=\"font-size:13px;\">Alckmin diz que ressarcimentos come\u00e7am no pr\u00f3ximo ...<\/span>\n\t\t\t\t\t\t\t  \n\t\t\t\t\t\t\t  \n\t\t\t\t\t\t\t  <\/a>\n\n\t\t\t\t\t\t  <\/div>\n<\/div> <script>\n\t\t\t\t\t\t  jQuery(document).ready(function( $ ){\n\t\t\t\t\t\t\t\/\/jQuery('.yuzo_related_post').equalizer({ overflow : 'relatedthumb' });\n\t\t\t\t\t\t\tjQuery('.yuzo_related_post .yuzo_wraps').equalizer({ columns : '> div' });\n\t\t\t\t\t\t   })\n\t\t\t\t\t\t  <\/script> <!-- End Yuzo :) -->","protected":false},"excerpt":{"rendered":"<p>Desde que o Ministro Edson Fachin, presidente do Supremo Tribunal Federal (STF), manifestou sua inten\u00e7\u00e3o de submeter \u00e0 considera\u00e7\u00e3o dos demais ministros um c\u00f3digo de conduta, sob um modelo parecido com o da Alemanha, tantas vozes se acenderam pr\u00f3 e contra, que a pol\u00eamica se instalou. De um lado, pelo aproveitamento que a ideia do [&hellip;]<\/p>\n","protected":false},"author":2,"featured_media":0,"comment_status":"open","ping_status":"closed","sticky":false,"template":"","format":"standard","meta":{"fifu_image_url":"","fifu_image_alt":"","footnotes":""},"categories":[4384,7616,637,521,53260,53261,264,34521,49235,536,307,5732,53262,53263,1657,16884,1036,1998,5892,11549,53264,876,269,592,39968,260,7236,1256,34929],"tags":[],"class_list":["post-85486","post","type-post","status-publish","format-standard","hentry","category-advocacia","category-aposentadoria-compulsoria","category-bolsa-familia","category-carmen-lucia","category-celeridade-processual","category-celso-de-mello","category-cidadania","category-codigo-de-conduta","category-corrupcao-no-judiciario","category-democracia","category-direitos-humanos","category-edson-fachin","category-efetividade-tecnica","category-eficacia-social","category-emendas-parlamentares","category-estado-de-direito","category-flavio-dino","category-fundeb","category-improbidade-administrativa","category-independencia-judicial","category-inteligencia-artificial-na-justica","category-justica-eleitoral","category-ministerio-publico","category-precatorios","category-reforma-do-judiciario","category-stf","category-supremo-tribunal-federal","category-sus","category-transparencia-judicial"],"_links":{"self":[{"href":"https:\/\/redept.com.br\/blogosfera\/wp-json\/wp\/v2\/posts\/85486","targetHints":{"allow":["GET"]}}],"collection":[{"href":"https:\/\/redept.com.br\/blogosfera\/wp-json\/wp\/v2\/posts"}],"about":[{"href":"https:\/\/redept.com.br\/blogosfera\/wp-json\/wp\/v2\/types\/post"}],"author":[{"embeddable":true,"href":"https:\/\/redept.com.br\/blogosfera\/wp-json\/wp\/v2\/users\/2"}],"replies":[{"embeddable":true,"href":"https:\/\/redept.com.br\/blogosfera\/wp-json\/wp\/v2\/comments?post=85486"}],"version-history":[{"count":0,"href":"https:\/\/redept.com.br\/blogosfera\/wp-json\/wp\/v2\/posts\/85486\/revisions"}],"wp:attachment":[{"href":"https:\/\/redept.com.br\/blogosfera\/wp-json\/wp\/v2\/media?parent=85486"}],"wp:term":[{"taxonomy":"category","embeddable":true,"href":"https:\/\/redept.com.br\/blogosfera\/wp-json\/wp\/v2\/categories?post=85486"},{"taxonomy":"post_tag","embeddable":true,"href":"https:\/\/redept.com.br\/blogosfera\/wp-json\/wp\/v2\/tags?post=85486"}],"curies":[{"name":"wp","href":"https:\/\/api.w.org\/{rel}","templated":true}]}}