{"id":85491,"date":"2026-04-30T11:55:38","date_gmt":"2026-04-30T14:55:38","guid":{"rendered":"https:\/\/redept.com.br\/blogosfera\/reducao-da-jornada-na-europa-nao-afetou-pib-nem-nivel-de-emprego\/"},"modified":"2026-04-30T11:55:38","modified_gmt":"2026-04-30T14:55:38","slug":"reducao-da-jornada-na-europa-nao-afetou-pib-nem-nivel-de-emprego","status":"publish","type":"post","link":"https:\/\/redept.com.br\/blogosfera\/reducao-da-jornada-na-europa-nao-afetou-pib-nem-nivel-de-emprego\/","title":{"rendered":"Redu\u00e7\u00e3o da jornada na Europa n\u00e3o afetou PIB nem n\u00edvel de emprego"},"content":{"rendered":"<p><img fetchpriority=\"high\" width=\"1024\" height=\"576\"src=\"https:\/\/redept.com.br\/blogosfera\/wp-content\/uploads\/2026\/04\/01-1-1-1.jpg\" alt=\"\" decoding=\"async\" srcset=\"https:\/\/vermelho.org.br\/wp-content\/uploads\/2026\/04\/01-1-1-1024x576.jpg 1024w, https:\/\/vermelho.org.br\/wp-content\/uploads\/2026\/04\/01-1-1-300x169.jpg 300w, https:\/\/vermelho.org.br\/wp-content\/uploads\/2026\/04\/01-1-1-768x432.jpg 768w, https:\/\/redept.com.br\/blogosfera\/wp-content\/uploads\/2026\/04\/01-1-1-1.jpg 1366w\" sizes=\"(max-width: 1024px) 100vw, 1024px\"><\/p>\n<p>Um estudo publicado pelo IZA@LISER Network (antigo Institute of Labor Economics) traz evid\u00eancias s\u00f3lidas para o debate global sobre a jornada de trabalho. A pesquisa analisou reformas de redu\u00e7\u00e3o de horas semanais em cinco pa\u00edses europeus entre os anos de 1995 e 2007, concluindo que a diminui\u00e7\u00e3o do tempo de servi\u00e7o n\u00e3o gerou queda significativa no Produto Interno Bruto (PIB) nem afetou negativamente o n\u00edvel de emprego nas na\u00e7\u00f5es observadas.<\/p>\n<p>Intitulado \u201cThe Employment Effects of Working Time Reductions: Sector-Level Evidence from European Reforms\u201d, o artigo cient\u00edfico \u00e9 assinado pelos pesquisadores Cyprien Batut, da Paris School of Economics; Andrea Garnero, ligado \u00e0 OCDE e ao IZA; e Alessandro Tondini, do FBK-IRVAPP. O levantamento utilizou dados setoriais do EU KLEMS e da European Labour Force Survey para medir os impactos reais das mudan\u00e7as legislativas.<\/p>\n<p>Impacto setorial\u00a0<\/p>\n<p>Os autores examinaram reformas nacionais que reduziram a jornada padr\u00e3o em diferentes contextos: na Fran\u00e7a, de 39h para 35h; em Portugal, de 44h para 40h; na It\u00e1lia, de 48h para 40h; na B\u00e9lgica, de 40h para 38h; e na Eslov\u00eania, de 42h para 40h. A metodologia comparou setores com maior propor\u00e7\u00e3o de trabalhadores acima do novo limite de horas com aqueles menos afetados pelas novas regras.<\/p>\n<p>Os resultados mostram que o n\u00famero de horas trabalhadas caiu significativamente nos setores mais expostos, variando entre 1,3% e 6%. No entanto, ao contr\u00e1rio do que argumentam setores conservadores, n\u00e3o houve perda de postos de trabalho. O documento afirma que os resultados n\u00e3o apoiam a vis\u00e3o de que reformas na jornada padr\u00e3o, que mant\u00eam os sal\u00e1rios mensais e semanais, tenham efeito negativo sobre o emprego.<\/p>\n<p>Produto Interno Bruto<\/p>\n<p>\u00a0Quanto ao PIB e ao valor adicionado setorial, o estudo aponta que o impacto foi insignificante do ponto de vista estat\u00edstico. Durante o per\u00edodo analisado, os pa\u00edses registraram crescimento econ\u00f4mico robusto, e a economia foi capaz de absorver a redu\u00e7\u00e3o do tempo de trabalho. Segundo o texto, o coeficiente sobre o output, medido como valor adicionado em cada setor, manteve-se est\u00e1vel.<\/p>\n<p>Outro dado relevante refere-se ao sal\u00e1rio-hora e \u00e0 produtividade. Com a manuten\u00e7\u00e3o do poder de compra mensal dos trabalhadores e a redu\u00e7\u00e3o das horas, o valor recebido por hora trabalhada subiu. Os pesquisadores indicam que o valor adicionado por hora mostrou tend\u00eancia positiva, sugerindo que a efici\u00eancia do trabalho pode ser otimizada em jornadas menores.<\/p>\n<p>Debate necess\u00e1rio\u00a0<\/p>\n<p>Os autores resumem que, embora o emprego n\u00e3o tenha aumentado por meio da redistribui\u00e7\u00e3o de vagas \u2014 a chamada \u201cpartilha do trabalho\u201d \u2014, a economia absorveu o aumento do custo do trabalho por hora sem efeitos colaterais consider\u00e1veis. \u201c\u00c9 poss\u00edvel que a redu\u00e7\u00e3o do tempo de trabalho tenha sido rapidamente absorvida\u201d, concluem.<\/p>\n<p>No cen\u00e1rio brasileiro, onde o Congresso Nacional discute propostas como o fim da escala 6\u00d71 e a redu\u00e7\u00e3o da jornada constitucional, o estudo do IZA serve como subs\u00eddio t\u00e9cnico fundamentado. Os dados refutam a tese de que a redu\u00e7\u00e3o de jornada levaria automaticamente ao fechamento de vagas ou ao colapso da produ\u00e7\u00e3o econ\u00f4mica.<\/p>\n<p>O IZA@LISER Network \u00e9 uma refer\u00eancia global em economia do trabalho, contando com uma rede de mais de 2 mil pesquisadores. O estudo completo, com todos os dados e tabelas estat\u00edsticas, permanece dispon\u00edvel para consulta p\u00fablica na plataforma da institui\u00e7\u00e3o alem\u00e3.<\/p>\n<p>O post <a href=\"https:\/\/vermelho.org.br\/2026\/04\/30\/reducao-da-jornada-na-europa-nao-afetou-pib-nem-nivel-de-emprego\/\">Redu\u00e7\u00e3o da jornada na Europa n\u00e3o afetou PIB nem n\u00edvel de emprego<\/a> apareceu primeiro em <a href=\"https:\/\/vermelho.org.br\/\">Vermelho<\/a>.<\/p>\n<!-- Begin Yuzo --><div class='yuzo_related_post style-1'  data-version='5.12.89'><!-- without result --><div class='yuzo_clearfixed yuzo__title yuzo__title'><h3>Related Post<\/h3><\/div>\n\t\t\t\t\t\t  <div class=\"relatedthumb \" style=\"width:125px;float:left;overflow:hidden;\">  \n\t\t\t\t\t\t\t  \n\t\t\t\t\t\t\t  <a  href=\"https:\/\/redept.com.br\/blogosfera\/movimentos-populares-do-brasil-prestam-solidariedade-a-venezuela-contra-ameacas-dos-eua\/\"  >\n\t\t\t\t\t\t\t\t\t  <div class=\"yuzo-img-wrap \" style=\"width: 125px;height:90px;\">\n\t\t\t\t\t\t\t\t\t\t\n\t\t\t\t\t\t\t\t\t\t<div class=\"yuzo-img\" style=\"background:url('https:\/\/redept.org\/blogosfera\/wp-content\/plugins\/yuzo-related-post\/assets\/images\/default.png') 50% 50% no-repeat;width: 125px;height:90px;margin-bottom: 5px;background-size: cover; \"><\/div>\n\t\t\t\t\t\t\t\t\t  <\/div>\n\t\t\t\t\t\t\t\t\t  \n\t\t\t\t\t\t\t\t   <span class=\"yuzo__text--title\" style=\"font-size:13px;\">Movimentos populares do Brasil prestam solidarieda...<\/span>\n\t\t\t\t\t\t\t  \n\t\t\t\t\t\t\t  \n\t\t\t\t\t\t\t  <\/a>\n\n\t\t\t\t\t\t  <\/div>\n\t\t\t\t\t\t  <div class=\"relatedthumb \" style=\"width:125px;float:left;overflow:hidden;\">  \n\t\t\t\t\t\t\t  \n\t\t\t\t\t\t\t  <a  href=\"https:\/\/redept.com.br\/blogosfera\/uberizacao-o-projeto-ardiloso-do-centrao\/\"  >\n\t\t\t\t\t\t\t\t\t  <div class=\"yuzo-img-wrap \" style=\"width: 125px;height:90px;\">\n\t\t\t\t\t\t\t\t\t\t\n\t\t\t\t\t\t\t\t\t\t<div class=\"yuzo-img\" style=\"background:url('https:\/\/redept.com.br\/blogosfera\/wp-content\/uploads\/2025\/12\/foto-capa-150x150.png') 50% 50% no-repeat;width: 125px;height:90px;margin-bottom: 5px;background-size: cover; \"><\/div>\n\t\t\t\t\t\t\t\t\t  <\/div>\n\t\t\t\t\t\t\t\t\t  \n\t\t\t\t\t\t\t\t   <span class=\"yuzo__text--title\" style=\"font-size:13px;\">Uberiza\u00e7\u00e3o: O projeto ardiloso do Centr\u00e3o<\/span>\n\t\t\t\t\t\t\t  \n\t\t\t\t\t\t\t  \n\t\t\t\t\t\t\t  <\/a>\n\n\t\t\t\t\t\t  <\/div>\n\t\t\t\t\t\t  <div class=\"relatedthumb \" style=\"width:125px;float:left;overflow:hidden;\">  \n\t\t\t\t\t\t\t  \n\t\t\t\t\t\t\t  <a  href=\"https:\/\/redept.com.br\/blogosfera\/acordo-extrajudicial-do-pao-de-acucar-reflete-alta-de-juros\/\"  >\n\t\t\t\t\t\t\t\t\t  <div class=\"yuzo-img-wrap \" style=\"width: 125px;height:90px;\">\n\t\t\t\t\t\t\t\t\t\t\n\t\t\t\t\t\t\t\t\t\t<div class=\"yuzo-img\" style=\"background:url('https:\/\/redept.com.br\/blogosfera\/wp-content\/uploads\/2026\/03\/Pao-de-acucar-1-150x150.jpg') 50% 50% no-repeat;width: 125px;height:90px;margin-bottom: 5px;background-size: cover; \"><\/div>\n\t\t\t\t\t\t\t\t\t  <\/div>\n\t\t\t\t\t\t\t\t\t  \n\t\t\t\t\t\t\t\t   <span class=\"yuzo__text--title\" style=\"font-size:13px;\">Acordo extrajudicial do P\u00e3o de A\u00e7\u00facar reflete alta...<\/span>\n\t\t\t\t\t\t\t  \n\t\t\t\t\t\t\t  \n\t\t\t\t\t\t\t  <\/a>\n\n\t\t\t\t\t\t  <\/div>\n\t\t\t\t\t\t  <div class=\"relatedthumb \" style=\"width:125px;float:left;overflow:hidden;\">  \n\t\t\t\t\t\t\t  \n\t\t\t\t\t\t\t  <a  href=\"https:\/\/redept.com.br\/blogosfera\/primeiro-contato-entre-lula-e-trump-deve-ocorrer-no-pior-momento-das-relacoes-bilaterais-diz-el-pais\/\"  >\n\t\t\t\t\t\t\t\t\t  <div class=\"yuzo-img-wrap \" style=\"width: 125px;height:90px;\">\n\t\t\t\t\t\t\t\t\t\t\n\t\t\t\t\t\t\t\t\t\t<div class=\"yuzo-img\" style=\"background:url('https:\/\/redept.com.br\/blogosfera\/wp-content\/uploads\/2025\/09\/captura-de-tela-2025-09-23-133414-150x150.png') 50% 50% no-repeat;width: 125px;height:90px;margin-bottom: 5px;background-size: cover; \"><\/div>\n\t\t\t\t\t\t\t\t\t  <\/div>\n\t\t\t\t\t\t\t\t\t  \n\t\t\t\t\t\t\t\t   <span class=\"yuzo__text--title\" style=\"font-size:13px;\">Primeiro contato entre Lula e Trump deve ocorrer \u2018...<\/span>\n\t\t\t\t\t\t\t  \n\t\t\t\t\t\t\t  \n\t\t\t\t\t\t\t  <\/a>\n\n\t\t\t\t\t\t  <\/div>\n<\/div> <script>\n\t\t\t\t\t\t  jQuery(document).ready(function( $ ){\n\t\t\t\t\t\t\t\/\/jQuery('.yuzo_related_post').equalizer({ overflow : 'relatedthumb' });\n\t\t\t\t\t\t\tjQuery('.yuzo_related_post .yuzo_wraps').equalizer({ columns : '> div' });\n\t\t\t\t\t\t   })\n\t\t\t\t\t\t  <\/script> <!-- End Yuzo :) -->","protected":false},"excerpt":{"rendered":"<p>Um estudo publicado pelo IZA@LISER Network (antigo Institute of Labor Economics) traz evid\u00eancias s\u00f3lidas para o debate global sobre a jornada de trabalho. A pesquisa analisou reformas de redu\u00e7\u00e3o de horas semanais em cinco pa\u00edses europeus entre os anos de 1995 e 2007, concluindo que a diminui\u00e7\u00e3o do tempo de servi\u00e7o n\u00e3o gerou queda significativa [&hellip;]<\/p>\n","protected":false},"author":2,"featured_media":0,"comment_status":"open","ping_status":"closed","sticky":false,"template":"","format":"standard","meta":{"fifu_image_url":"","fifu_image_alt":"","footnotes":""},"categories":[1679,221,1030,40,53265,53266,578,1970,377],"tags":[],"class_list":["post-85491","post","type-post","status-publish","format-standard","hentry","category-direitos-trabalhistas","category-economia","category-emprego","category-europa","category-instituto-de-economia-do-trabalho","category-iza","category-pib","category-reducao-da-jornada-de-trabalho","category-trabalho"],"_links":{"self":[{"href":"https:\/\/redept.com.br\/blogosfera\/wp-json\/wp\/v2\/posts\/85491","targetHints":{"allow":["GET"]}}],"collection":[{"href":"https:\/\/redept.com.br\/blogosfera\/wp-json\/wp\/v2\/posts"}],"about":[{"href":"https:\/\/redept.com.br\/blogosfera\/wp-json\/wp\/v2\/types\/post"}],"author":[{"embeddable":true,"href":"https:\/\/redept.com.br\/blogosfera\/wp-json\/wp\/v2\/users\/2"}],"replies":[{"embeddable":true,"href":"https:\/\/redept.com.br\/blogosfera\/wp-json\/wp\/v2\/comments?post=85491"}],"version-history":[{"count":0,"href":"https:\/\/redept.com.br\/blogosfera\/wp-json\/wp\/v2\/posts\/85491\/revisions"}],"wp:attachment":[{"href":"https:\/\/redept.com.br\/blogosfera\/wp-json\/wp\/v2\/media?parent=85491"}],"wp:term":[{"taxonomy":"category","embeddable":true,"href":"https:\/\/redept.com.br\/blogosfera\/wp-json\/wp\/v2\/categories?post=85491"},{"taxonomy":"post_tag","embeddable":true,"href":"https:\/\/redept.com.br\/blogosfera\/wp-json\/wp\/v2\/tags?post=85491"}],"curies":[{"name":"wp","href":"https:\/\/api.w.org\/{rel}","templated":true}]}}