{"id":85497,"date":"2026-04-30T12:46:47","date_gmt":"2026-04-30T15:46:47","guid":{"rendered":"https:\/\/redept.com.br\/blogosfera\/projeto-amplia-recuperacao-ambiental-em-territorios-indigenas-no-rio-grande-do-sul\/"},"modified":"2026-04-30T12:46:47","modified_gmt":"2026-04-30T15:46:47","slug":"projeto-amplia-recuperacao-ambiental-em-territorios-indigenas-no-rio-grande-do-sul","status":"publish","type":"post","link":"https:\/\/redept.com.br\/blogosfera\/projeto-amplia-recuperacao-ambiental-em-territorios-indigenas-no-rio-grande-do-sul\/","title":{"rendered":"Projeto amplia recupera\u00e7\u00e3o ambiental em territ\u00f3rios ind\u00edgenas no Rio Grande do Sul"},"content":{"rendered":"<p>A atua\u00e7\u00e3o do Projeto Ar, \u00c1gua e Terra junto a comunidades Guarani no Rio Grande do Sul ampliou, nos \u00faltimos anos, os indicadores de recupera\u00e7\u00e3o ambiental e conserva\u00e7\u00e3o territorial em dez aldeias participantes. Dados atualizados do Instituto de Estudos Culturais e Ambientais (Iecam), respons\u00e1vel pela execu\u00e7\u00e3o da iniciativa com patroc\u00ednio da Petrobras por meio do [\u2026]<\/p>\n<p><a href=\"https:\/\/www.brasildefato.com.br\/2026\/04\/30\/projeto-amplia-recuperacao-ambiental-em-territorios-indigenas-no-rio-grande-do-sul\/\" rel=\"nofollow\">Fonte<\/a><\/p>\n<!-- Begin Yuzo --><div class='yuzo_related_post style-1'  data-version='5.12.89'><!-- without result --><div class='yuzo_clearfixed yuzo__title yuzo__title'><h3>Related Post<\/h3><\/div>\n\t\t\t\t\t\t  <div class=\"relatedthumb \" style=\"width:125px;float:left;overflow:hidden;\">  \n\t\t\t\t\t\t\t  \n\t\t\t\t\t\t\t  <a  href=\"https:\/\/redept.com.br\/blogosfera\/denuncia-de-nikolas-contra-duda-salabert-se-baseou-em-grupo-investigado-pela-pf\/\"  >\n\t\t\t\t\t\t\t\t\t  <div class=\"yuzo-img-wrap \" style=\"width: 125px;height:90px;\">\n\t\t\t\t\t\t\t\t\t\t\n\t\t\t\t\t\t\t\t\t\t<div class=\"yuzo-img\" style=\"background:url('https:\/\/redept.com.br\/blogosfera\/wp-content\/uploads\/2025\/09\/ZAP-150x150.jpeg') 50% 50% no-repeat;width: 125px;height:90px;margin-bottom: 5px;background-size: cover; \"><\/div>\n\t\t\t\t\t\t\t\t\t  <\/div>\n\t\t\t\t\t\t\t\t\t  \n\t\t\t\t\t\t\t\t   <span class=\"yuzo__text--title\" style=\"font-size:13px;\">Den\u00fancia de Nikolas contra Duda Salabert se baseou...<\/span>\n\t\t\t\t\t\t\t  \n\t\t\t\t\t\t\t  \n\t\t\t\t\t\t\t  <\/a>\n\n\t\t\t\t\t\t  <\/div>\n\t\t\t\t\t\t  <div class=\"relatedthumb \" style=\"width:125px;float:left;overflow:hidden;\">  \n\t\t\t\t\t\t\t  \n\t\t\t\t\t\t\t  <a  href=\"https:\/\/redept.com.br\/blogosfera\/plataforma-unifica-lutas-por-democracia-transporte-e-direitos-no-barreiro-em-bh\/\"  >\n\t\t\t\t\t\t\t\t\t  <div class=\"yuzo-img-wrap \" style=\"width: 125px;height:90px;\">\n\t\t\t\t\t\t\t\t\t\t\n\t\t\t\t\t\t\t\t\t\t<div class=\"yuzo-img\" style=\"background:url('https:\/\/redept.org\/blogosfera\/wp-content\/plugins\/yuzo-related-post\/assets\/images\/default.png') 50% 50% no-repeat;width: 125px;height:90px;margin-bottom: 5px;background-size: cover; \"><\/div>\n\t\t\t\t\t\t\t\t\t  <\/div>\n\t\t\t\t\t\t\t\t\t  \n\t\t\t\t\t\t\t\t   <span class=\"yuzo__text--title\" style=\"font-size:13px;\">Plataforma unifica lutas por democracia, transport...<\/span>\n\t\t\t\t\t\t\t  \n\t\t\t\t\t\t\t  \n\t\t\t\t\t\t\t  <\/a>\n\n\t\t\t\t\t\t  <\/div>\n\t\t\t\t\t\t  <div class=\"relatedthumb \" style=\"width:125px;float:left;overflow:hidden;\">  \n\t\t\t\t\t\t\t  \n\t\t\t\t\t\t\t  <a  href=\"https:\/\/redept.com.br\/blogosfera\/manifestacoes-para-reportagem-sobre-plantio-sobreposta-a-area-embargada-no-pi\/\"  >\n\t\t\t\t\t\t\t\t\t  <div class=\"yuzo-img-wrap \" style=\"width: 125px;height:90px;\">\n\t\t\t\t\t\t\t\t\t\t\n\t\t\t\t\t\t\t\t\t\t<div class=\"yuzo-img\" style=\"background:url('https:\/\/redept.com.br\/blogosfera\/wp-content\/uploads\/2026\/02\/resposta-slc-serra-do-ovo-150x150.jpg') 50% 50% no-repeat;width: 125px;height:90px;margin-bottom: 5px;background-size: cover; \"><\/div>\n\t\t\t\t\t\t\t\t\t  <\/div>\n\t\t\t\t\t\t\t\t\t  \n\t\t\t\t\t\t\t\t   <span class=\"yuzo__text--title\" style=\"font-size:13px;\">Manifesta\u00e7\u00f5es para reportagem sobre plantio sobrep...<\/span>\n\t\t\t\t\t\t\t  \n\t\t\t\t\t\t\t  \n\t\t\t\t\t\t\t  <\/a>\n\n\t\t\t\t\t\t  <\/div>\n\t\t\t\t\t\t  <div class=\"relatedthumb \" style=\"width:125px;float:left;overflow:hidden;\">  \n\t\t\t\t\t\t\t  \n\t\t\t\t\t\t\t  <a  href=\"https:\/\/redept.com.br\/blogosfera\/8-de-janeiro-nao-pode-ser-esquecido-diz-lula-que-confirma-veto-a-anistia\/\"  >\n\t\t\t\t\t\t\t\t\t  <div class=\"yuzo-img-wrap \" style=\"width: 125px;height:90px;\">\n\t\t\t\t\t\t\t\t\t\t\n\t\t\t\t\t\t\t\t\t\t<div class=\"yuzo-img\" style=\"background:url('https:\/\/redept.org\/blogosfera\/wp-content\/plugins\/yuzo-related-post\/assets\/images\/default.png') 50% 50% no-repeat;width: 125px;height:90px;margin-bottom: 5px;background-size: cover; \"><\/div>\n\t\t\t\t\t\t\t\t\t  <\/div>\n\t\t\t\t\t\t\t\t\t  \n\t\t\t\t\t\t\t\t   <span class=\"yuzo__text--title\" style=\"font-size:13px;\">\u20188 de janeiro n\u00e3o pode ser esquecido\u2019, diz Lula, q...<\/span>\n\t\t\t\t\t\t\t  \n\t\t\t\t\t\t\t  \n\t\t\t\t\t\t\t  <\/a>\n\n\t\t\t\t\t\t  <\/div>\n<\/div> <script>\n\t\t\t\t\t\t  jQuery(document).ready(function( $ ){\n\t\t\t\t\t\t\t\/\/jQuery('.yuzo_related_post').equalizer({ overflow : 'relatedthumb' });\n\t\t\t\t\t\t\tjQuery('.yuzo_related_post .yuzo_wraps').equalizer({ columns : '> div' });\n\t\t\t\t\t\t   })\n\t\t\t\t\t\t  <\/script> <!-- End Yuzo :) -->","protected":false},"excerpt":{"rendered":"<p>A atua\u00e7\u00e3o do Projeto Ar, \u00c1gua e Terra junto a comunidades Guarani no Rio Grande do Sul ampliou, nos \u00faltimos anos, os indicadores de recupera\u00e7\u00e3o ambiental e conserva\u00e7\u00e3o territorial em dez aldeias participantes. Dados atualizados do Instituto de Estudos Culturais e Ambientais (Iecam), respons\u00e1vel pela execu\u00e7\u00e3o da iniciativa com patroc\u00ednio da Petrobras por meio do [&hellip;]<\/p>\n","protected":false},"author":2,"featured_media":0,"comment_status":"open","ping_status":"closed","sticky":false,"template":"","format":"standard","meta":{"fifu_image_url":"","fifu_image_alt":"","footnotes":""},"categories":[53303,53304,53305,53306,41531,53307,543,53308,6923,53309,53310,5969,53311,1647,38,19421,7516,53312,53313,28878,53314,434,53315,43335,19,1300,3310,4711,53316,44282,53317],"tags":[],"class_list":["post-85497","post","type-post","status-publish","format-standard","hentry","category-aldeias-guarani","category-areas-conservadas","category-bioma-pampa","category-cacique-jose-cirilo-pires-morinico","category-conservacao-ambiental","category-crescimento-da-vegetacao","category-desmatamento","category-educacao-etnoambiental","category-guarani","category-iecam","category-manejo-tradicional","category-mata-atlantica","category-mudas-nativas","category-petrobras","category-porto-alegre","category-povos-tradicionais","category-preservacao-ambiental","category-programa-petrobras-socioambiental","category-projeto-ar-agua-e-terra","category-protagonismo-indigena","category-reconversao-produtiva","category-recuperacao-ambiental","category-regeneracao-de-ecossistemas","category-restauracao-ecologica","category-rio-grande-do-sul","category-seguranca-alimentar","category-sistemas-agroflorestais","category-socioambiental","category-tekoa-anhetengua","category-territorios-indigenas","category-viveiros-comunitarios"],"_links":{"self":[{"href":"https:\/\/redept.com.br\/blogosfera\/wp-json\/wp\/v2\/posts\/85497","targetHints":{"allow":["GET"]}}],"collection":[{"href":"https:\/\/redept.com.br\/blogosfera\/wp-json\/wp\/v2\/posts"}],"about":[{"href":"https:\/\/redept.com.br\/blogosfera\/wp-json\/wp\/v2\/types\/post"}],"author":[{"embeddable":true,"href":"https:\/\/redept.com.br\/blogosfera\/wp-json\/wp\/v2\/users\/2"}],"replies":[{"embeddable":true,"href":"https:\/\/redept.com.br\/blogosfera\/wp-json\/wp\/v2\/comments?post=85497"}],"version-history":[{"count":0,"href":"https:\/\/redept.com.br\/blogosfera\/wp-json\/wp\/v2\/posts\/85497\/revisions"}],"wp:attachment":[{"href":"https:\/\/redept.com.br\/blogosfera\/wp-json\/wp\/v2\/media?parent=85497"}],"wp:term":[{"taxonomy":"category","embeddable":true,"href":"https:\/\/redept.com.br\/blogosfera\/wp-json\/wp\/v2\/categories?post=85497"},{"taxonomy":"post_tag","embeddable":true,"href":"https:\/\/redept.com.br\/blogosfera\/wp-json\/wp\/v2\/tags?post=85497"}],"curies":[{"name":"wp","href":"https:\/\/api.w.org\/{rel}","templated":true}]}}