{"id":85498,"date":"2026-04-30T13:01:51","date_gmt":"2026-04-30T16:01:51","guid":{"rendered":"https:\/\/redept.com.br\/blogosfera\/as-vesperas-do-1o-de-maio-trabalho-domestico-segue-marcado-por-informalidade-e-baixos-salarios\/"},"modified":"2026-04-30T13:01:51","modified_gmt":"2026-04-30T16:01:51","slug":"as-vesperas-do-1o-de-maio-trabalho-domestico-segue-marcado-por-informalidade-e-baixos-salarios","status":"publish","type":"post","link":"https:\/\/redept.com.br\/blogosfera\/as-vesperas-do-1o-de-maio-trabalho-domestico-segue-marcado-por-informalidade-e-baixos-salarios\/","title":{"rendered":"\u00c0s v\u00e9speras do 1\u00ba de Maio, trabalho dom\u00e9stico segue marcado por informalidade e baixos sal\u00e1rios"},"content":{"rendered":"<p><img fetchpriority=\"high\" width=\"1024\" height=\"613\"src=\"https:\/\/redept.com.br\/blogosfera\/wp-content\/uploads\/2026\/04\/trabalho-domestico-segue-marcado-por-informalidade.webp\" alt=\"\" decoding=\"async\" srcset=\"https:\/\/vermelho.org.br\/wp-content\/uploads\/2026\/04\/trabalho-domestico-segue-marcado-por-informalidade-1024x613.webp 1024w, https:\/\/vermelho.org.br\/wp-content\/uploads\/2026\/04\/trabalho-domestico-segue-marcado-por-informalidade-300x179.webp 300w, https:\/\/vermelho.org.br\/wp-content\/uploads\/2026\/04\/trabalho-domestico-segue-marcado-por-informalidade-768x459.webp 768w, https:\/\/redept.com.br\/blogosfera\/wp-content\/uploads\/2026\/04\/trabalho-domestico-segue-marcado-por-informalidade.webp 1170w\" sizes=\"(max-width: 1024px) 100vw, 1024px\"><\/p>\n<p>\u00c0s v\u00e9speras do Dia do Trabalhador, dados recentes reacendem o debate sobre a precariza\u00e7\u00e3o hist\u00f3rica do trabalho dom\u00e9stico no pa\u00eds. Levantamento da Pesquisa Nacional por Amostra de Domic\u00edlios (Pnad Cont\u00ednua), do <a href=\"https:\/\/www.ibge.gov.br\/\" type=\"link\">IBGE<\/a>, divulgado no 4\u00ba trimestre de 2025 e repercutido nas redes sociais no Dia Nacional da Trabalhadora Dom\u00e9stica (27 de abril) pelo<a href=\"https:\/\/www.alziras.org.br\/instituto\" type=\"link\"> Instituto Alziras <\/a>, revela que 76% das trabalhadoras dom\u00e9sticas est\u00e3o sem carteira assinada e 65% n\u00e3o contribuem para a Previd\u00eancia Social.<\/p>\n<p>O cen\u00e1rio exp\u00f5e a persist\u00eancia da informalidade em um dos setores mais marcados por desigualdades estruturais no Brasil e coloca em evid\u00eancia os desafios para garantir direitos b\u00e1sicos a milh\u00f5es de mulheres.<\/p>\n<p><strong>Informalidade estrutural e persistente<\/strong><\/p>\n<p>Segundo o Minist\u00e9rio do Trabalho e Emprego, o Brasil possui cerca de 5,57 milh\u00f5es de trabalhadores dom\u00e9sticos, dos quais aproximadamente 4,2 milh\u00f5es atuam na informalidade, o equivalente a mais de 75% da categoria .<\/p>\n<p>O pr\u00f3prio governo reconhece que se trata de um problema estrutural, disseminado em todo o pa\u00eds e que, em alguns estados, ultrapassa 80%. Mesmo ap\u00f3s avan\u00e7os legais importantes, como a<a href=\"https:\/\/vermelho.org.br\/2015\/05\/21\/pec-das-domesticas-luta-conquista-a-lei-mas-ainda-ha-muitos-desafios\/\" type=\"link\"> PEC das Dom\u00e9sticas <\/a>e a amplia\u00e7\u00e3o de direitos trabalhistas na \u00faltima d\u00e9cada, a formaliza\u00e7\u00e3o segue sendo exce\u00e7\u00e3o, n\u00e3o regra.<\/p>\n<p><strong>Sal\u00e1rios menores e desigualdade racial<\/strong><\/p>\n<p>Al\u00e9m da falta de direitos, os dados tamb\u00e9m escancaram a desigualdade de renda. Trabalhadoras dom\u00e9sticas recebem, em m\u00e9dia, 59% a menos do que mulheres em outras ocupa\u00e7\u00f5es, o que representa cerca de R$ 23 mil a menos por ano, como foi destacado pelo Instituto Alziras nas redes sociais. <\/p>\n<p>A desigualdade se aprofunda quando se observa o recorte racial: mulheres negras, maioria na categoria, recebem ainda menos e enfrentam condi\u00e7\u00f5es mais prec\u00e1rias de inser\u00e7\u00e3o no mercado de trabalho.<\/p>\n<p>Esse quadro reflete uma heran\u00e7a hist\u00f3rica ligada ao per\u00edodo escravocrata e \u00e0 naturaliza\u00e7\u00e3o do trabalho dom\u00e9stico como atividade desvalorizada, feminina e racializada.<\/p>\n<p><strong>Dentro das casas, fora da prote\u00e7\u00e3o<\/strong><\/p>\n<p>Especialistas apontam que o local onde o trabalho ocorre ( ambiente privado das resid\u00eancias) tamb\u00e9m dificulta a fiscaliza\u00e7\u00e3o e contribui para a informalidade.<\/p>\n<p>Sem contrato formal, milh\u00f5es de trabalhadoras ficam sem acesso a direitos b\u00e1sicos como:<\/p>\n<ul>\n<li>f\u00e9rias remuneradas <\/li>\n<li>13\u00ba sal\u00e1rio<\/li>\n<li>licen\u00e7a m\u00e9dica<\/li>\n<li>aposentadoria<\/li>\n<\/ul>\n<p>A aus\u00eancia de contribui\u00e7\u00e3o previdenci\u00e1ria, por exemplo, compromete a seguran\u00e7a futura dessas mulheres, perpetuando ciclos de vulnerabilidade.<\/p>\n<p><strong>Mobiliza\u00e7\u00e3o e pol\u00edticas p\u00fablicas<\/strong><\/p>\n<p>Diante desse cen\u00e1rio, o Minist\u00e9rio do Trabalho refor\u00e7ou, no \u00faltimo 27 de abril, a Campanha Nacional pelo Trabalho Dom\u00e9stico Decente, criada em 2022, com a\u00e7\u00f5es de conscientiza\u00e7\u00e3o, qualifica\u00e7\u00e3o e acesso a servi\u00e7os .<\/p>\n<p>A iniciativa envolve \u00f3rg\u00e3os p\u00fablicos, entidades da sociedade civil e organiza\u00e7\u00f5es internacionais, com foco na promo\u00e7\u00e3o de direitos, sa\u00fade e seguran\u00e7a no trabalho dom\u00e9stico.<\/p>\n<p><strong>Reconhecimento e valoriza\u00e7\u00e3o<\/strong><\/p>\n<p>Para al\u00e9m dos n\u00fameros, o debate envolve reconhecer o papel central dessas trabalhadoras na sustenta\u00e7\u00e3o do cuidado cotidiano \u2014 uma atividade invisibilizada, mas fundamental para o funcionamento da sociedade.<\/p>\n<p><strong>Um debate urgente no 1\u00ba de Maio<\/strong><\/p>\n<p>\u00c0s v\u00e9speras do Dia do Trabalhador, os dados refor\u00e7am que a luta por direitos no Brasil ainda passa, necessariamente, pelo reconhecimento do trabalho dom\u00e9stico.<\/p>\n<p>Reduzir a informalidade no setor n\u00e3o \u00e9 apenas uma quest\u00e3o trabalhista, \u00e9 um passo decisivo no enfrentamento das desigualdades hist\u00f3ricas que atravessam g\u00eanero, ra\u00e7a e classe no pa\u00eds.<\/p>\n<\/p>\n<p>O post <a href=\"https:\/\/vermelho.org.br\/2026\/04\/30\/as-vesperas-do-1o-de-maio-trabalho-domestico-segue-marcado-por-informalidade-e-baixos-salarios\/\">\u00c0s v\u00e9speras do 1\u00ba de Maio, trabalho dom\u00e9stico segue marcado por informalidade e baixos sal\u00e1rios<\/a> apareceu primeiro em <a href=\"https:\/\/vermelho.org.br\/\">Vermelho<\/a>.<\/p>\n<!-- Begin Yuzo --><div class='yuzo_related_post style-1'  data-version='5.12.89'><!-- without result --><div class='yuzo_clearfixed yuzo__title yuzo__title'><h3>Related Post<\/h3><\/div>\n\t\t\t\t\t\t  <div class=\"relatedthumb \" style=\"width:125px;float:left;overflow:hidden;\">  \n\t\t\t\t\t\t\t  \n\t\t\t\t\t\t\t  <a  href=\"https:\/\/redept.com.br\/blogosfera\/novos-ataques-de-israel-deixam-25-mortos-em-gaza\/\"  >\n\t\t\t\t\t\t\t\t\t  <div class=\"yuzo-img-wrap \" style=\"width: 125px;height:90px;\">\n\t\t\t\t\t\t\t\t\t\t\n\t\t\t\t\t\t\t\t\t\t<div class=\"yuzo-img\" style=\"background:url('https:\/\/redept.com.br\/blogosfera\/wp-content\/uploads\/2025\/04\/damage_in_gaza_strip_during_the_october_2023_-_13-150x150.jpg') 50% 50% no-repeat;width: 125px;height:90px;margin-bottom: 5px;background-size: cover; \"><\/div>\n\t\t\t\t\t\t\t\t\t  <\/div>\n\t\t\t\t\t\t\t\t\t  \n\t\t\t\t\t\t\t\t   <span class=\"yuzo__text--title\" style=\"font-size:13px;\">Novos ataques de Israel deixam 25 mortos em Gaza<\/span>\n\t\t\t\t\t\t\t  \n\t\t\t\t\t\t\t  \n\t\t\t\t\t\t\t  <\/a>\n\n\t\t\t\t\t\t  <\/div>\n\t\t\t\t\t\t  <div class=\"relatedthumb \" style=\"width:125px;float:left;overflow:hidden;\">  \n\t\t\t\t\t\t\t  \n\t\t\t\t\t\t\t  <a  href=\"https:\/\/redept.com.br\/blogosfera\/confira-24-questoes-importantes-para-entender-o-pensando-de-jose-marti\/\"  >\n\t\t\t\t\t\t\t\t\t  <div class=\"yuzo-img-wrap \" style=\"width: 125px;height:90px;\">\n\t\t\t\t\t\t\t\t\t\t\n\t\t\t\t\t\t\t\t\t\t<div class=\"yuzo-img\" style=\"background:url('https:\/\/redept.com.br\/blogosfera\/wp-content\/uploads\/2025\/05\/JoseMarti-150x150.png') 50% 50% no-repeat;width: 125px;height:90px;margin-bottom: 5px;background-size: cover; \"><\/div>\n\t\t\t\t\t\t\t\t\t  <\/div>\n\t\t\t\t\t\t\t\t\t  \n\t\t\t\t\t\t\t\t   <span class=\"yuzo__text--title\" style=\"font-size:13px;\">Confira 24 quest\u00f5es importantes para entender o pe...<\/span>\n\t\t\t\t\t\t\t  \n\t\t\t\t\t\t\t  \n\t\t\t\t\t\t\t  <\/a>\n\n\t\t\t\t\t\t  <\/div>\n\t\t\t\t\t\t  <div class=\"relatedthumb \" style=\"width:125px;float:left;overflow:hidden;\">  \n\t\t\t\t\t\t\t  \n\t\t\t\t\t\t\t  <a  href=\"https:\/\/redept.com.br\/blogosfera\/e-importante-que-o-brasil-reconstrua-a-relacao-com-a-venezuela-diz-pesquisadora-da-usp\/\"  >\n\t\t\t\t\t\t\t\t\t  <div class=\"yuzo-img-wrap \" style=\"width: 125px;height:90px;\">\n\t\t\t\t\t\t\t\t\t\t\n\t\t\t\t\t\t\t\t\t\t<div class=\"yuzo-img\" style=\"background:url('https:\/\/redept.org\/blogosfera\/wp-content\/plugins\/yuzo-related-post\/assets\/images\/default.png') 50% 50% no-repeat;width: 125px;height:90px;margin-bottom: 5px;background-size: cover; \"><\/div>\n\t\t\t\t\t\t\t\t\t  <\/div>\n\t\t\t\t\t\t\t\t\t  \n\t\t\t\t\t\t\t\t   <span class=\"yuzo__text--title\" style=\"font-size:13px;\">\u00c9 importante que o Brasil reconstrua a rela\u00e7\u00e3o com...<\/span>\n\t\t\t\t\t\t\t  \n\t\t\t\t\t\t\t  \n\t\t\t\t\t\t\t  <\/a>\n\n\t\t\t\t\t\t  <\/div>\n\t\t\t\t\t\t  <div class=\"relatedthumb \" style=\"width:125px;float:left;overflow:hidden;\">  \n\t\t\t\t\t\t\t  \n\t\t\t\t\t\t\t  <a  href=\"https:\/\/redept.com.br\/blogosfera\/governo-abre-processo-que-pode-levar-a-adocao-da-lei-da-reciprocidade-contra-os-eua\/\"  >\n\t\t\t\t\t\t\t\t\t  <div class=\"yuzo-img-wrap \" style=\"width: 125px;height:90px;\">\n\t\t\t\t\t\t\t\t\t\t\n\t\t\t\t\t\t\t\t\t\t<div class=\"yuzo-img\" style=\"background:url('https:\/\/redept.org\/blogosfera\/wp-content\/plugins\/yuzo-related-post\/assets\/images\/default.png') 50% 50% no-repeat;width: 125px;height:90px;margin-bottom: 5px;background-size: cover; \"><\/div>\n\t\t\t\t\t\t\t\t\t  <\/div>\n\t\t\t\t\t\t\t\t\t  \n\t\t\t\t\t\t\t\t   <span class=\"yuzo__text--title\" style=\"font-size:13px;\">Governo abre processo que pode levar \u00e0 ado\u00e7\u00e3o da L...<\/span>\n\t\t\t\t\t\t\t  \n\t\t\t\t\t\t\t  \n\t\t\t\t\t\t\t  <\/a>\n\n\t\t\t\t\t\t  <\/div>\n<\/div> <script>\n\t\t\t\t\t\t  jQuery(document).ready(function( $ ){\n\t\t\t\t\t\t\t\/\/jQuery('.yuzo_related_post').equalizer({ overflow : 'relatedthumb' });\n\t\t\t\t\t\t\tjQuery('.yuzo_related_post .yuzo_wraps').equalizer({ columns : '> div' });\n\t\t\t\t\t\t   })\n\t\t\t\t\t\t  <\/script> <!-- End Yuzo :) -->","protected":false},"excerpt":{"rendered":"<p>\u00c0s v\u00e9speras do Dia do Trabalhador, dados recentes reacendem o debate sobre a precariza\u00e7\u00e3o hist\u00f3rica do trabalho dom\u00e9stico no pa\u00eds. Levantamento da Pesquisa Nacional por Amostra de Domic\u00edlios (Pnad Cont\u00ednua), do IBGE, divulgado no 4\u00ba trimestre de 2025 e repercutido nas redes sociais no Dia Nacional da Trabalhadora Dom\u00e9stica (27 de abril) pelo Instituto Alziras [&hellip;]<\/p>\n","protected":false},"author":2,"featured_media":0,"comment_status":"open","ping_status":"closed","sticky":false,"template":"","format":"standard","meta":{"fifu_image_url":"","fifu_image_alt":"","footnotes":""},"categories":[377],"tags":[],"class_list":["post-85498","post","type-post","status-publish","format-standard","hentry","category-trabalho"],"_links":{"self":[{"href":"https:\/\/redept.com.br\/blogosfera\/wp-json\/wp\/v2\/posts\/85498","targetHints":{"allow":["GET"]}}],"collection":[{"href":"https:\/\/redept.com.br\/blogosfera\/wp-json\/wp\/v2\/posts"}],"about":[{"href":"https:\/\/redept.com.br\/blogosfera\/wp-json\/wp\/v2\/types\/post"}],"author":[{"embeddable":true,"href":"https:\/\/redept.com.br\/blogosfera\/wp-json\/wp\/v2\/users\/2"}],"replies":[{"embeddable":true,"href":"https:\/\/redept.com.br\/blogosfera\/wp-json\/wp\/v2\/comments?post=85498"}],"version-history":[{"count":0,"href":"https:\/\/redept.com.br\/blogosfera\/wp-json\/wp\/v2\/posts\/85498\/revisions"}],"wp:attachment":[{"href":"https:\/\/redept.com.br\/blogosfera\/wp-json\/wp\/v2\/media?parent=85498"}],"wp:term":[{"taxonomy":"category","embeddable":true,"href":"https:\/\/redept.com.br\/blogosfera\/wp-json\/wp\/v2\/categories?post=85498"},{"taxonomy":"post_tag","embeddable":true,"href":"https:\/\/redept.com.br\/blogosfera\/wp-json\/wp\/v2\/tags?post=85498"}],"curies":[{"name":"wp","href":"https:\/\/api.w.org\/{rel}","templated":true}]}}