{"id":85504,"date":"2026-04-30T13:50:13","date_gmt":"2026-04-30T16:50:13","guid":{"rendered":"https:\/\/redept.com.br\/blogosfera\/sem-luta-nao-ha-vitoria-o-grito-dos-motociclistas-que-pedem-por-direitos\/"},"modified":"2026-04-30T13:50:13","modified_gmt":"2026-04-30T16:50:13","slug":"sem-luta-nao-ha-vitoria-o-grito-dos-motociclistas-que-pedem-por-direitos","status":"publish","type":"post","link":"https:\/\/redept.com.br\/blogosfera\/sem-luta-nao-ha-vitoria-o-grito-dos-motociclistas-que-pedem-por-direitos\/","title":{"rendered":"\u2018Sem luta n\u00e3o h\u00e1 vit\u00f3ria\u2019: o grito dos motociclistas que pedem por direitos"},"content":{"rendered":"<p>Motociclistas fazem protesto em SP contra PLP que regulamenta o setorCerca de 100 ve\u00edculos de aplicativo protestam por avenidas da capital contra mudan\u00e7as no projeto de lei que retira direitos e altera as taxas de corrida. \u2013 S\u00e3o Paulo (CNN), 14\/04\/26Motociclistas e entregadores de aplicativos realizam, nesta ter\u00e7a-feira (14), uma manifesta\u00e7\u00e3o na Grande S\u00e3o Paulo [\u2026]<\/p>\n<p><a href=\"https:\/\/www.brasildefato.com.br\/2026\/04\/30\/sem-luta-nao-ha-vitoria-o-grito-dos-motociclistas-que-pedem-por-direitos\/\" rel=\"nofollow\">Fonte<\/a><\/p>\n<!-- Begin Yuzo --><div class='yuzo_related_post style-1'  data-version='5.12.89'><!-- without result --><div class='yuzo_clearfixed yuzo__title yuzo__title'><h3>Related Post<\/h3><\/div>\n\t\t\t\t\t\t  <div class=\"relatedthumb \" style=\"width:125px;float:left;overflow:hidden;\">  \n\t\t\t\t\t\t\t  \n\t\t\t\t\t\t\t  <a  href=\"https:\/\/redept.com.br\/blogosfera\/estudantes-convocam-enet-2025-e-jornada-de-lutas-em-defesa-do-ensino-publico-e-tecnico\/\"  >\n\t\t\t\t\t\t\t\t\t  <div class=\"yuzo-img-wrap \" style=\"width: 125px;height:90px;\">\n\t\t\t\t\t\t\t\t\t\t\n\t\t\t\t\t\t\t\t\t\t<div class=\"yuzo-img\" style=\"background:url('https:\/\/redept.com.br\/blogosfera\/wp-content\/uploads\/2025\/05\/20250405_124541-1-150x150.jpg') 50% 50% no-repeat;width: 125px;height:90px;margin-bottom: 5px;background-size: cover; \"><\/div>\n\t\t\t\t\t\t\t\t\t  <\/div>\n\t\t\t\t\t\t\t\t\t  \n\t\t\t\t\t\t\t\t   <span class=\"yuzo__text--title\" style=\"font-size:13px;\">Estudantes convocam ENET 2025 e jornada de lutas e...<\/span>\n\t\t\t\t\t\t\t  \n\t\t\t\t\t\t\t  \n\t\t\t\t\t\t\t  <\/a>\n\n\t\t\t\t\t\t  <\/div>\n\t\t\t\t\t\t  <div class=\"relatedthumb \" style=\"width:125px;float:left;overflow:hidden;\">  \n\t\t\t\t\t\t\t  \n\t\t\t\t\t\t\t  <a  href=\"https:\/\/redept.com.br\/blogosfera\/em-ny-lula-cobra-reforma-da-onu-e-propoe-cop-30-como-marco-climatico\/\"  >\n\t\t\t\t\t\t\t\t\t  <div class=\"yuzo-img-wrap \" style=\"width: 125px;height:90px;\">\n\t\t\t\t\t\t\t\t\t\t\n\t\t\t\t\t\t\t\t\t\t<div class=\"yuzo-img\" style=\"background:url('https:\/\/redept.org\/blogosfera\/wp-content\/plugins\/yuzo-related-post\/assets\/images\/default.png') 50% 50% no-repeat;width: 125px;height:90px;margin-bottom: 5px;background-size: cover; \"><\/div>\n\t\t\t\t\t\t\t\t\t  <\/div>\n\t\t\t\t\t\t\t\t\t  \n\t\t\t\t\t\t\t\t   <span class=\"yuzo__text--title\" style=\"font-size:13px;\">Em NY, Lula cobra reforma da ONU e prop\u00f5e COP 30 c...<\/span>\n\t\t\t\t\t\t\t  \n\t\t\t\t\t\t\t  \n\t\t\t\t\t\t\t  <\/a>\n\n\t\t\t\t\t\t  <\/div>\n\t\t\t\t\t\t  <div class=\"relatedthumb \" style=\"width:125px;float:left;overflow:hidden;\">  \n\t\t\t\t\t\t\t  \n\t\t\t\t\t\t\t  <a  href=\"https:\/\/redept.com.br\/blogosfera\/webserie-andorinha-revela-bastidores-do-legado-de-abdias-nascimento\/\"  >\n\t\t\t\t\t\t\t\t\t  <div class=\"yuzo-img-wrap \" style=\"width: 125px;height:90px;\">\n\t\t\t\t\t\t\t\t\t\t\n\t\t\t\t\t\t\t\t\t\t<div class=\"yuzo-img\" style=\"background:url('https:\/\/redept.com.br\/blogosfera\/wp-content\/uploads\/2025\/06\/Oxum-em-extase-150x150.webp') 50% 50% no-repeat;width: 125px;height:90px;margin-bottom: 5px;background-size: cover; \"><\/div>\n\t\t\t\t\t\t\t\t\t  <\/div>\n\t\t\t\t\t\t\t\t\t  \n\t\t\t\t\t\t\t\t   <span class=\"yuzo__text--title\" style=\"font-size:13px;\">Webs\u00e9rie \u201cAndorinha\u201d revela bastidores do legado d...<\/span>\n\t\t\t\t\t\t\t  \n\t\t\t\t\t\t\t  \n\t\t\t\t\t\t\t  <\/a>\n\n\t\t\t\t\t\t  <\/div>\n\t\t\t\t\t\t  <div class=\"relatedthumb \" style=\"width:125px;float:left;overflow:hidden;\">  \n\t\t\t\t\t\t\t  \n\t\t\t\t\t\t\t  <a  href=\"https:\/\/redept.com.br\/blogosfera\/enem-2025-saiba-as-datas-de-inscricoes-e-das-provas-deste-ano\/\"  >\n\t\t\t\t\t\t\t\t\t  <div class=\"yuzo-img-wrap \" style=\"width: 125px;height:90px;\">\n\t\t\t\t\t\t\t\t\t\t\n\t\t\t\t\t\t\t\t\t\t<div class=\"yuzo-img\" style=\"background:url('https:\/\/redept.org\/blogosfera\/wp-content\/plugins\/yuzo-related-post\/assets\/images\/default.png') 50% 50% no-repeat;width: 125px;height:90px;margin-bottom: 5px;background-size: cover; \"><\/div>\n\t\t\t\t\t\t\t\t\t  <\/div>\n\t\t\t\t\t\t\t\t\t  \n\t\t\t\t\t\t\t\t   <span class=\"yuzo__text--title\" style=\"font-size:13px;\">Enem 2025: saiba as datas de inscri\u00e7\u00f5es e das prov...<\/span>\n\t\t\t\t\t\t\t  \n\t\t\t\t\t\t\t  \n\t\t\t\t\t\t\t  <\/a>\n\n\t\t\t\t\t\t  <\/div>\n<\/div> <script>\n\t\t\t\t\t\t  jQuery(document).ready(function( $ ){\n\t\t\t\t\t\t\t\/\/jQuery('.yuzo_related_post').equalizer({ overflow : 'relatedthumb' });\n\t\t\t\t\t\t\tjQuery('.yuzo_related_post .yuzo_wraps').equalizer({ columns : '> div' });\n\t\t\t\t\t\t   })\n\t\t\t\t\t\t  <\/script> <!-- End Yuzo :) -->","protected":false},"excerpt":{"rendered":"<p>Motociclistas fazem protesto em SP contra PLP que regulamenta o setorCerca de 100 ve\u00edculos de aplicativo protestam por avenidas da capital contra mudan\u00e7as no projeto de lei que retira direitos e altera as taxas de corrida. \u2013 S\u00e3o Paulo (CNN), 14\/04\/26Motociclistas e entregadores de aplicativos realizam, nesta ter\u00e7a-feira (14), uma manifesta\u00e7\u00e3o na Grande S\u00e3o Paulo [&hellip;]<\/p>\n","protected":false},"author":2,"featured_media":0,"comment_status":"open","ping_status":"closed","sticky":false,"template":"","format":"standard","meta":{"fifu_image_url":"","fifu_image_alt":"","footnotes":""},"categories":[3391,53334,18538,4306,9046,53335,53336,18539,1428,1679,5421,4612,1217,756,4722,53337,187,2551,24144,53338,153,40160,1865,189,304,29,53339,4851,3395,506],"tags":[],"class_list":["post-85504","post","type-post","status-publish","format-standard","hentry","category-3391","category-acidentes-de-transito","category-aplicativos","category-assembleia-legislativa","category-bicicleta","category-bloqueios","category-categoria","category-condicoes-de-trabalho","category-crime-organizado","category-direitos-trabalhistas","category-discriminacao","category-entregadores","category-genero","category-greve","category-ifood","category-jornada-excessiva","category-manifestacao","category-mobilizacao","category-motoboy","category-motociclistas","category-opiniao","category-plp-152","category-precarizacao","category-protesto","category-regulamentacao","category-sao-paulo","category-sem-luta-nao-ha-vitoria","category-trabalho-informal","category-uber","category-violencia-policial"],"_links":{"self":[{"href":"https:\/\/redept.com.br\/blogosfera\/wp-json\/wp\/v2\/posts\/85504","targetHints":{"allow":["GET"]}}],"collection":[{"href":"https:\/\/redept.com.br\/blogosfera\/wp-json\/wp\/v2\/posts"}],"about":[{"href":"https:\/\/redept.com.br\/blogosfera\/wp-json\/wp\/v2\/types\/post"}],"author":[{"embeddable":true,"href":"https:\/\/redept.com.br\/blogosfera\/wp-json\/wp\/v2\/users\/2"}],"replies":[{"embeddable":true,"href":"https:\/\/redept.com.br\/blogosfera\/wp-json\/wp\/v2\/comments?post=85504"}],"version-history":[{"count":0,"href":"https:\/\/redept.com.br\/blogosfera\/wp-json\/wp\/v2\/posts\/85504\/revisions"}],"wp:attachment":[{"href":"https:\/\/redept.com.br\/blogosfera\/wp-json\/wp\/v2\/media?parent=85504"}],"wp:term":[{"taxonomy":"category","embeddable":true,"href":"https:\/\/redept.com.br\/blogosfera\/wp-json\/wp\/v2\/categories?post=85504"},{"taxonomy":"post_tag","embeddable":true,"href":"https:\/\/redept.com.br\/blogosfera\/wp-json\/wp\/v2\/tags?post=85504"}],"curies":[{"name":"wp","href":"https:\/\/api.w.org\/{rel}","templated":true}]}}