{"id":85505,"date":"2026-04-30T13:50:51","date_gmt":"2026-04-30T16:50:51","guid":{"rendered":"https:\/\/redept.com.br\/blogosfera\/mercado-em-conexao-uma-vitrine-da-burguesia-em-plena-ufmg\/"},"modified":"2026-04-30T13:50:51","modified_gmt":"2026-04-30T16:50:51","slug":"mercado-em-conexao-uma-vitrine-da-burguesia-em-plena-ufmg","status":"publish","type":"post","link":"https:\/\/redept.com.br\/blogosfera\/mercado-em-conexao-uma-vitrine-da-burguesia-em-plena-ufmg\/","title":{"rendered":"\u201cMercado em Conex\u00e3o\u201d: uma vitrine da burguesia em plena UFMG"},"content":{"rendered":"<p><img fetchpriority=\"high\" width=\"797\" height=\"613\"src=\"https:\/\/redept.com.br\/blogosfera\/wp-content\/uploads\/2026\/04\/mercado_em_conexao.jpg\" alt=\"Fotografia da entrada do evento \u201cMercado em Conex\u00e3o\u201d na Escola de Engenharia da UFMG. A estrutura conta com um p\u00f3rtico central exibindo o nome do evento e, na lateral, um painel branco com logomarcas de diversas empresas patrocinadoras, entre elas Ita\u00fa, Ambev e Embraer. \u00c0 direita, um estudante de mochila caminha em frente \u00e0 entrada.\" link_thumbnail=\"\" decoding=\"async\" srcset=\"https:\/\/redept.com.br\/blogosfera\/wp-content\/uploads\/2026\/04\/mercado_em_conexao.jpg 797w, https:\/\/averdade.org.br\/wp-content\/uploads\/2026\/04\/mercado_em_conexao-350x269.jpg 350w, https:\/\/averdade.org.br\/wp-content\/uploads\/2026\/04\/mercado_em_conexao-250x192.jpg 250w, https:\/\/averdade.org.br\/wp-content\/uploads\/2026\/04\/mercado_em_conexao-768x591.jpg 768w, https:\/\/averdade.org.br\/wp-content\/uploads\/2026\/04\/mercado_em_conexao-150x115.jpg 150w, https:\/\/averdade.org.br\/wp-content\/uploads\/2026\/04\/mercado_em_conexao-300x231.jpg 300w, https:\/\/averdade.org.br\/wp-content\/uploads\/2026\/04\/mercado_em_conexao-696x535.jpg 696w\" sizes=\"(max-width: 797px) 100vw, 797px\"><\/p>\n<p><strong><span><span>O evento \u201cMercado em Conex\u00e3o\u201d na UFMG re\u00fane empresas da burguesia que buscam privatizar a educa\u00e7\u00e3o p\u00fablica e colocar a ci\u00eancia a servi\u00e7o do lucro. Realizada na Escola de Engenharia, a feira funciona como vitrine para setores interessados em capturar a produ\u00e7\u00e3o acad\u00eamica nacional e subordinar a universidade aos interesses do grande capital.<\/span><\/span><\/strong><\/p>\n<p><strong>Pablo Daniel \u2013 Ribeir\u00e3o das Neves (MG)<\/strong><\/p>\n<hr>\n<p>\u00a0<\/p>\n<p><span>Nos dias 14 a 16 de abril, a UFMG realizou na Escola de Engenharia o \u201cMercado em Conex\u00e3o\u201d, evento realizado em parceria com algumas das principais empresas da burguesia nacional. Oficialmente, o evento \u00e9 descrito como uma \u201cfeira de carreiras e inova\u00e7\u00e3o, capaz de interligar estudantes a grandes l\u00edderes do mercado\u201d, de acordo com o portal de not\u00edcias da universidade e o site do evento.<\/span><\/p>\n<p><span>Mas, na pr\u00e1tica, o evento serve como vitrine dos interesses da burguesia e tamb\u00e9m como uma apresenta\u00e7\u00e3o das \u201cmaravilhas\u201d da inova\u00e7\u00e3o capitalista, um conto de fadas amado pelos defensores desse sistema podre. E isso no centro da maior universidade p\u00fablica do pa\u00eds, tratado com naturalidade at\u00e9 mesmo pela atual gest\u00e3o do DCE, que divulgou o evento nas suas redes.<\/span><\/p>\n<h4><strong><span>Quem \u00e9 que participa dessa vitrine (<span>e quem a banca<\/span>)?<\/span><\/strong><\/h4>\n<p><span>Pois bem, as empresas que participam desse evento s\u00e3o\u2026 no m\u00ednimo curiosas. Vamos pelas mais not\u00e1veis.<\/span><\/p>\n<ul>\n<li><span>Localiza &amp; Co, empresa pertencente a Salim Mattar, o maior doador da campanha da reelei\u00e7\u00e3o do governador fascista Romeu Zema (Novo-MG), com uma contribui\u00e7\u00e3o de R<\/span>$5 milh\u00f5es. Para retribuir o presente, Zema (tamb\u00e9m empres\u00e1rio) garantiu que a Localiza tivesse uma grande isen\u00e7\u00e3o fiscal que faria com que R$ 460 milh\u00f5es n\u00e3o fossem aos cofres p\u00fablicos.<\/li>\n<li><span>Nubank, banco digital cuja cofundadora, Cristina Junqueira, \u00e9 pr\u00f3xima da produtora fascista Brasil Paralelo (essa mesmo, que produziu \u201cdocument\u00e1rios\u201d antivacina e mis\u00f3ginos). Al\u00e9m disso, tem como Chefe Global de Pol\u00edticas P\u00fablicas o ex-presidente do Banco Central, Roberto Campos Neto, capacho do presidi\u00e1rio Bolsonaro. Campos Neto n\u00e3o apenas ignorou as quest\u00f5es relacionadas ao Banco Master durante seu mandato, como tamb\u00e9m garantiu a manuten\u00e7\u00e3o do lucro dos rentistas sanguessugas ao manter a taxa de juros em 13,75%.<\/span><\/li>\n<li><span>Ita\u00fa Unibanco S.A., banco pertencente \u00e0 fam\u00edlia Moreira Salles (que possui R$ 128 bilh\u00f5es de patrim\u00f4nio acumulado). A fam\u00edlia foi uma das principais financiadoras da Ditadura Militar fascista no Brasil. Al\u00e9m disso, o banco financia o grupo \u201cTodos pela Educa\u00e7\u00e3o\u201d, uma fachada para um projeto de destrui\u00e7\u00e3o da educa\u00e7\u00e3o p\u00fablica e abertura para os burgueses interessados em abocanhar dinheiro atrav\u00e9s do ensino privado.<\/span><\/li>\n<li><span>Vale S.A.\/Samarco Minera\u00e7\u00e3o, empresas respons\u00e1veis por dois dos maiores crimes ambientais da hist\u00f3ria recente do nosso estado e do pa\u00eds: os rompimentos das barragens de Mariana e Brumadinho, que causaram danos ambientais imensos e varreram cidades do mapa.<\/span><\/li>\n<\/ul>\n<h4><strong><span>Qual a inten\u00e7\u00e3o dessas empresas dentro do contexto universit\u00e1rio, a ponto de ter um evento como esse?<\/span><\/strong><\/h4>\n<p><span>As universidades p\u00fablicas s\u00e3o os maiores polos de produ\u00e7\u00e3o cient\u00edfica do nosso pa\u00eds e produzem para atender aos interesses nacionais, com um forte investimento p\u00fablico. Com isso, as empresas burguesas multinacionais s\u00e3o as maiores interessadas em botar as m\u00e3os nessa produ\u00e7\u00e3o para lucrar com o que deveria servir \u00e0s demandas da popula\u00e7\u00e3o.<\/span><\/p>\n<p><span><span>Um evento como este visa sequestrar o potencial criativo e t\u00e9cnico de estudantes que deveriam servir \u00e0 classe trabalhadora, entregando-os \u00e0 gan\u00e2ncia de empresas que lucram com a explora\u00e7\u00e3o e o entreguismo. \u00c9 inadmiss\u00edvel que uma institui\u00e7\u00e3o p\u00fablica como a UFMG abra suas portas para que a burguesia propague seus interesses e coopte mentes a servi\u00e7o do capital. Frente ao acirramento da luta de classes, \u00e0 manuten\u00e7\u00e3o da escravista escala 6\u00d71 e \u00e0 entrega de nossa soberania ao imperialismo, a juventude e a comunidade acad\u00eamica devem se organizar para recha\u00e7ar essa afronta. \u00c9 urgente retomar a universidade para os trabalhadores e lutar por uma ci\u00eancia que, em vez de gerar lucros para poucos, atenda \u00e0s reais necessidades do povo brasileiro.<\/span><\/span><\/p><\/p>\n<!-- Begin Yuzo --><div class='yuzo_related_post style-1'  data-version='5.12.89'><!-- without result --><div class='yuzo_clearfixed yuzo__title yuzo__title'><h3>Related Post<\/h3><\/div>\n\t\t\t\t\t\t  <div class=\"relatedthumb \" style=\"width:125px;float:left;overflow:hidden;\">  \n\t\t\t\t\t\t\t  \n\t\t\t\t\t\t\t  <a  href=\"https:\/\/sul21.com.br\/noticias\/geral\/2025\/08\/servidores-preparam-ato-do-dia-15-pra-enfrentar-o-eduardo-leite-precisamos-de-milhares-nas-ruas\/\"  >\n\t\t\t\t\t\t\t\t\t  <div class=\"yuzo-img-wrap \" style=\"width: 125px;height:90px;\">\n\t\t\t\t\t\t\t\t\t\t\n\t\t\t\t\t\t\t\t\t\t<div class=\"yuzo-img\" style=\"background:url('https:\/\/redept.org\/blogosfera\/wp-content\/plugins\/yuzo-related-post\/assets\/images\/default.png') 50% 50% no-repeat;width: 125px;height:90px;margin-bottom: 5px;background-size: cover; \"><\/div>\n\t\t\t\t\t\t\t\t\t  <\/div>\n\t\t\t\t\t\t\t\t\t  \n\t\t\t\t\t\t\t\t   <span class=\"yuzo__text--title\" style=\"font-size:13px;\">Servidores preparam ato do dia 15: \u2018Pra enfrentar ...<\/span>\n\t\t\t\t\t\t\t  \n\t\t\t\t\t\t\t  \n\t\t\t\t\t\t\t  <\/a>\n\n\t\t\t\t\t\t  <\/div>\n\t\t\t\t\t\t  <div class=\"relatedthumb \" style=\"width:125px;float:left;overflow:hidden;\">  \n\t\t\t\t\t\t\t  \n\t\t\t\t\t\t\t  <a  href=\"https:\/\/redept.com.br\/blogosfera\/30-anos-do-massacre-de-eldorado-dos-carajas-violencia-no-campo-segue-em-alta-no-brasil\/\"  >\n\t\t\t\t\t\t\t\t\t  <div class=\"yuzo-img-wrap \" style=\"width: 125px;height:90px;\">\n\t\t\t\t\t\t\t\t\t\t\n\t\t\t\t\t\t\t\t\t\t<div class=\"yuzo-img\" style=\"background:url('https:\/\/redept.com.br\/blogosfera\/wp-content\/uploads\/2026\/04\/MC008-150x150.jpg') 50% 50% no-repeat;width: 125px;height:90px;margin-bottom: 5px;background-size: cover; \"><\/div>\n\t\t\t\t\t\t\t\t\t  <\/div>\n\t\t\t\t\t\t\t\t\t  \n\t\t\t\t\t\t\t\t   <span class=\"yuzo__text--title\" style=\"font-size:13px;\">30 anos do Massacre de Eldorado dos Caraj\u00e1s: viol\u00ea...<\/span>\n\t\t\t\t\t\t\t  \n\t\t\t\t\t\t\t  \n\t\t\t\t\t\t\t  <\/a>\n\n\t\t\t\t\t\t  <\/div>\n\t\t\t\t\t\t  <div class=\"relatedthumb \" style=\"width:125px;float:left;overflow:hidden;\">  \n\t\t\t\t\t\t\t  \n\t\t\t\t\t\t\t  <a  href=\"https:\/\/redept.com.br\/blogosfera\/proposta-de-recapitalizacao-do-brb-e-aprovada-na-cldf\/\"  >\n\t\t\t\t\t\t\t\t\t  <div class=\"yuzo-img-wrap \" style=\"width: 125px;height:90px;\">\n\t\t\t\t\t\t\t\t\t\t\n\t\t\t\t\t\t\t\t\t\t<div class=\"yuzo-img\" style=\"background:url('https:\/\/redept.org\/blogosfera\/wp-content\/plugins\/yuzo-related-post\/assets\/images\/default.png') 50% 50% no-repeat;width: 125px;height:90px;margin-bottom: 5px;background-size: cover; \"><\/div>\n\t\t\t\t\t\t\t\t\t  <\/div>\n\t\t\t\t\t\t\t\t\t  \n\t\t\t\t\t\t\t\t   <span class=\"yuzo__text--title\" style=\"font-size:13px;\">Proposta de recapitaliza\u00e7\u00e3o do BRB \u00e9 aprovada na C...<\/span>\n\t\t\t\t\t\t\t  \n\t\t\t\t\t\t\t  \n\t\t\t\t\t\t\t  <\/a>\n\n\t\t\t\t\t\t  <\/div>\n\t\t\t\t\t\t  <div class=\"relatedthumb \" style=\"width:125px;float:left;overflow:hidden;\">  \n\t\t\t\t\t\t\t  \n\t\t\t\t\t\t\t  <a  href=\"https:\/\/redept.com.br\/blogosfera\/brasil-se-une-a-marcha-global-para-gaza-em-grande-ato-neste-domingo-15-em-sao-paulo\/\"  >\n\t\t\t\t\t\t\t\t\t  <div class=\"yuzo-img-wrap \" style=\"width: 125px;height:90px;\">\n\t\t\t\t\t\t\t\t\t\t\n\t\t\t\t\t\t\t\t\t\t<div class=\"yuzo-img\" style=\"background:url('https:\/\/redept.com.br\/blogosfera\/wp-content\/uploads\/2025\/06\/481e0081d0e47556d4b1_990x500_0_0_1_1-150x150.jpg') 50% 50% no-repeat;width: 125px;height:90px;margin-bottom: 5px;background-size: cover; \"><\/div>\n\t\t\t\t\t\t\t\t\t  <\/div>\n\t\t\t\t\t\t\t\t\t  \n\t\t\t\t\t\t\t\t   <span class=\"yuzo__text--title\" style=\"font-size:13px;\">Brasil se une \u00e0 Marcha Global para Gaza em grande ...<\/span>\n\t\t\t\t\t\t\t  \n\t\t\t\t\t\t\t  \n\t\t\t\t\t\t\t  <\/a>\n\n\t\t\t\t\t\t  <\/div>\n<\/div> <script>\n\t\t\t\t\t\t  jQuery(document).ready(function( $ ){\n\t\t\t\t\t\t\t\/\/jQuery('.yuzo_related_post').equalizer({ overflow : 'relatedthumb' });\n\t\t\t\t\t\t\tjQuery('.yuzo_related_post .yuzo_wraps').equalizer({ columns : '> div' });\n\t\t\t\t\t\t   })\n\t\t\t\t\t\t  <\/script> <!-- End Yuzo :) -->","protected":false},"excerpt":{"rendered":"<p><img decoding=\"async\" width=\"797\" height=\"613\" src=\"https:\/\/averdade.org.br\/wp-content\/uploads\/2026\/04\/mercado_em_conexao.jpg\" alt=\"Fotografia da entrada do evento \u201cMercado em Conex\u00e3o\u201d na Escola de Engenharia da UFMG. A estrutura conta com um p\u00f3rtico central exibindo o nome do evento e, na lateral, um painel branco com logomarcas de diversas empresas patrocinadoras, entre elas Ita\u00fa, Ambev e Embraer. \u00c0 direita, um estudante de mochila caminha em frente \u00e0 entrada.\">O evento \u201cMercado em Conex\u00e3o\u201d na UFMG re\u00fane empresas da burguesia que buscam privatizar a educa\u00e7\u00e3o p\u00fablica e colocar a ci\u00eancia a servi\u00e7o do lucro. Realizada na Escola de Engenharia, a feira funciona como vitrine para setores interessados em capturar a produ\u00e7\u00e3o acad\u00eamica nacional e subordinar a universidade aos interesses do grande capital. Pablo Daniel [\u2026]<\/p>\n","protected":false},"author":2,"featured_media":85506,"comment_status":"open","ping_status":"closed","sticky":false,"template":"","format":"standard","meta":{"fifu_image_url":"","fifu_image_alt":"","footnotes":""},"categories":[17614,978,95,4368,26516,67,1368,53340,316,362,21266,153,501,3006,53341,2047,17756,872],"tags":[],"class_list":["post-85505","post","type-post","status-publish","format-standard","has-post-thumbnail","hentry","category-burguesia","category-capitalismo","category-educacao","category-educacao-publica","category-itau","category-juventude","category-luta-de-classes","category-mercado-em-conexao","category-minas-gerais","category-movimento-estudantil","category-nubank","category-opiniao","category-privatizacao","category-romeu-zema","category-salim-mattar","category-samarco","category-ufmg","category-vale"],"_links":{"self":[{"href":"https:\/\/redept.com.br\/blogosfera\/wp-json\/wp\/v2\/posts\/85505","targetHints":{"allow":["GET"]}}],"collection":[{"href":"https:\/\/redept.com.br\/blogosfera\/wp-json\/wp\/v2\/posts"}],"about":[{"href":"https:\/\/redept.com.br\/blogosfera\/wp-json\/wp\/v2\/types\/post"}],"author":[{"embeddable":true,"href":"https:\/\/redept.com.br\/blogosfera\/wp-json\/wp\/v2\/users\/2"}],"replies":[{"embeddable":true,"href":"https:\/\/redept.com.br\/blogosfera\/wp-json\/wp\/v2\/comments?post=85505"}],"version-history":[{"count":0,"href":"https:\/\/redept.com.br\/blogosfera\/wp-json\/wp\/v2\/posts\/85505\/revisions"}],"wp:featuredmedia":[{"embeddable":true,"href":"https:\/\/redept.com.br\/blogosfera\/wp-json\/wp\/v2\/media\/85506"}],"wp:attachment":[{"href":"https:\/\/redept.com.br\/blogosfera\/wp-json\/wp\/v2\/media?parent=85505"}],"wp:term":[{"taxonomy":"category","embeddable":true,"href":"https:\/\/redept.com.br\/blogosfera\/wp-json\/wp\/v2\/categories?post=85505"},{"taxonomy":"post_tag","embeddable":true,"href":"https:\/\/redept.com.br\/blogosfera\/wp-json\/wp\/v2\/tags?post=85505"}],"curies":[{"name":"wp","href":"https:\/\/api.w.org\/{rel}","templated":true}]}}