{"id":85526,"date":"2026-04-30T15:37:32","date_gmt":"2026-04-30T18:37:32","guid":{"rendered":"https:\/\/redept.com.br\/blogosfera\/familia-aponta-execucao-e-cobra-respostas-sobre-morte-de-jovem-pela-pm-no-interior-de-sp\/"},"modified":"2026-04-30T15:37:32","modified_gmt":"2026-04-30T18:37:32","slug":"familia-aponta-execucao-e-cobra-respostas-sobre-morte-de-jovem-pela-pm-no-interior-de-sp","status":"publish","type":"post","link":"https:\/\/redept.com.br\/blogosfera\/familia-aponta-execucao-e-cobra-respostas-sobre-morte-de-jovem-pela-pm-no-interior-de-sp\/","title":{"rendered":"Fam\u00edlia aponta execu\u00e7\u00e3o e cobra respostas sobre morte de jovem pela PM no interior de SP"},"content":{"rendered":"<p>Quem acessa o perfil do Instagram de Emanuelle Lima, de 19 anos, se depara com uma imagem que beira o imposs\u00edvel \u2014 ou o paranormal. A foto mostra Caio Mateus Justino, 21, abra\u00e7ando a esposa e os filhos. O estranhamento n\u00e3o est\u00e1 no gesto de carinho, mas na presen\u00e7a de Caio, morto seis meses antes [\u2026]<\/p>\n<p><a href=\"https:\/\/www.brasildefato.com.br\/2026\/04\/30\/familia-aponta-execucao-e-cobra-respostas-sobre-morte-de-jovem-pela-pm-no-interior-de-sp\/\" rel=\"nofollow\">Fonte<\/a><\/p>\n<!-- Begin Yuzo --><div class='yuzo_related_post style-1'  data-version='5.12.89'><!-- without result --><div class='yuzo_clearfixed yuzo__title yuzo__title'><h3>Related Post<\/h3><\/div>\n\t\t\t\t\t\t  <div class=\"relatedthumb \" style=\"width:125px;float:left;overflow:hidden;\">  \n\t\t\t\t\t\t\t  \n\t\t\t\t\t\t\t  <a  href=\"https:\/\/redept.com.br\/blogosfera\/wladimir-pomar-90-anos-presente-hoje-e-sempre\/\"  >\n\t\t\t\t\t\t\t\t\t  <div class=\"yuzo-img-wrap \" style=\"width: 125px;height:90px;\">\n\t\t\t\t\t\t\t\t\t\t\n\t\t\t\t\t\t\t\t\t\t<div class=\"yuzo-img\" style=\"background:url('https:\/\/redept.com.br\/blogosfera\/wp-content\/uploads\/2026\/07\/2-51572370715_6c06d384b9_k-150x150.jpg') 50% 50% no-repeat;width: 125px;height:90px;margin-bottom: 5px;background-size: cover; \"><\/div>\n\t\t\t\t\t\t\t\t\t  <\/div>\n\t\t\t\t\t\t\t\t\t  \n\t\t\t\t\t\t\t\t   <span class=\"yuzo__text--title\" style=\"font-size:13px;\">Wladimir Pomar, 90 anos, presente hoje e sempre!<\/span>\n\t\t\t\t\t\t\t  \n\t\t\t\t\t\t\t  \n\t\t\t\t\t\t\t  <\/a>\n\n\t\t\t\t\t\t  <\/div>\n\t\t\t\t\t\t  <div class=\"relatedthumb \" style=\"width:125px;float:left;overflow:hidden;\">  \n\t\t\t\t\t\t\t  \n\t\t\t\t\t\t\t  <a  href=\"https:\/\/redept.com.br\/blogosfera\/governo-lula-garante-piso-minimo-do-frete-e-caminhoneiros-descartam-greve\/\"  >\n\t\t\t\t\t\t\t\t\t  <div class=\"yuzo-img-wrap \" style=\"width: 125px;height:90px;\">\n\t\t\t\t\t\t\t\t\t\t\n\t\t\t\t\t\t\t\t\t\t<div class=\"yuzo-img\" style=\"background:url('https:\/\/redept.com.br\/blogosfera\/wp-content\/uploads\/2026\/03\/Design-sem-nome-55-150x150.jpg') 50% 50% no-repeat;width: 125px;height:90px;margin-bottom: 5px;background-size: cover; \"><\/div>\n\t\t\t\t\t\t\t\t\t  <\/div>\n\t\t\t\t\t\t\t\t\t  \n\t\t\t\t\t\t\t\t   <span class=\"yuzo__text--title\" style=\"font-size:13px;\">Governo Lula garante piso m\u00ednimo do frete e caminh...<\/span>\n\t\t\t\t\t\t\t  \n\t\t\t\t\t\t\t  \n\t\t\t\t\t\t\t  <\/a>\n\n\t\t\t\t\t\t  <\/div>\n\t\t\t\t\t\t  <div class=\"relatedthumb \" style=\"width:125px;float:left;overflow:hidden;\">  \n\t\t\t\t\t\t\t  \n\t\t\t\t\t\t\t  <a  href=\"https:\/\/sul21.com.br\/noticias\/geral\/2025\/09\/prefeitura-promete-revitalizacao-de-praca-no-bairro-floresta\/\"  >\n\t\t\t\t\t\t\t\t\t  <div class=\"yuzo-img-wrap \" style=\"width: 125px;height:90px;\">\n\t\t\t\t\t\t\t\t\t\t\n\t\t\t\t\t\t\t\t\t\t<div class=\"yuzo-img\" style=\"background:url('https:\/\/redept.org\/blogosfera\/wp-content\/plugins\/yuzo-related-post\/assets\/images\/default.png') 50% 50% no-repeat;width: 125px;height:90px;margin-bottom: 5px;background-size: cover; \"><\/div>\n\t\t\t\t\t\t\t\t\t  <\/div>\n\t\t\t\t\t\t\t\t\t  \n\t\t\t\t\t\t\t\t   <span class=\"yuzo__text--title\" style=\"font-size:13px;\">Prefeitura promete revitaliza\u00e7\u00e3o de pra\u00e7a no bairr...<\/span>\n\t\t\t\t\t\t\t  \n\t\t\t\t\t\t\t  \n\t\t\t\t\t\t\t  <\/a>\n\n\t\t\t\t\t\t  <\/div>\n\t\t\t\t\t\t  <div class=\"relatedthumb \" style=\"width:125px;float:left;overflow:hidden;\">  \n\t\t\t\t\t\t\t  \n\t\t\t\t\t\t\t  <a  href=\"https:\/\/redept.com.br\/blogosfera\/lula-chega-a-alemanha-para-assinar-parcerias-comerciais-e-de-inovacao\/\"  >\n\t\t\t\t\t\t\t\t\t  <div class=\"yuzo-img-wrap \" style=\"width: 125px;height:90px;\">\n\t\t\t\t\t\t\t\t\t\t\n\t\t\t\t\t\t\t\t\t\t<div class=\"yuzo-img\" style=\"background:url('https:\/\/redept.com.br\/blogosfera\/wp-content\/uploads\/2026\/04\/55217305293_6341289b92_k-150x150.jpg') 50% 50% no-repeat;width: 125px;height:90px;margin-bottom: 5px;background-size: cover; \"><\/div>\n\t\t\t\t\t\t\t\t\t  <\/div>\n\t\t\t\t\t\t\t\t\t  \n\t\t\t\t\t\t\t\t   <span class=\"yuzo__text--title\" style=\"font-size:13px;\">Lula chega \u00e0 Alemanha para assinar parcerias comer...<\/span>\n\t\t\t\t\t\t\t  \n\t\t\t\t\t\t\t  \n\t\t\t\t\t\t\t  <\/a>\n\n\t\t\t\t\t\t  <\/div>\n<\/div> <script>\n\t\t\t\t\t\t  jQuery(document).ready(function( $ ){\n\t\t\t\t\t\t\t\/\/jQuery('.yuzo_related_post').equalizer({ overflow : 'relatedthumb' });\n\t\t\t\t\t\t\tjQuery('.yuzo_related_post .yuzo_wraps').equalizer({ columns : '> div' });\n\t\t\t\t\t\t   })\n\t\t\t\t\t\t  <\/script> <!-- End Yuzo :) -->","protected":false},"excerpt":{"rendered":"<p>Quem acessa o perfil do Instagram de Emanuelle Lima, de 19 anos, se depara com uma imagem que beira o imposs\u00edvel \u2014 ou o paranormal. A foto mostra Caio Mateus Justino, 21, abra\u00e7ando a esposa e os filhos. O estranhamento n\u00e3o est\u00e1 no gesto de carinho, mas na presen\u00e7a de Caio, morto seis meses antes [&hellip;]<\/p>\n","protected":false},"author":2,"featured_media":0,"comment_status":"open","ping_status":"closed","sticky":false,"template":"","format":"standard","meta":{"fifu_image_url":"","fifu_image_alt":"","footnotes":""},"categories":[53364,8595,5204,53365,53366,307,53367,53368,3247,4083,43366,3251,3037,53369,40354,53370,13868,53371,28530,9840,50032,12154,53372,42982,3276,53373,506],"tags":[],"class_list":["post-85526","post","type-post","status-publish","format-standard","hentry","category-acao-de-paternidade-post-mortem","category-ameacas","category-burocracia","category-caio-mateus-justino","category-defensoria-publica-de-sao-paulo","category-direitos-humanos","category-disparos-de-cima-para-baixo","category-excesso-de-legitima-defesa","category-execucao","category-familia","category-inquerito-policial-militar","category-inss","category-justica-militar","category-laudo-de-necropsia","category-legitima-defesa","category-mercia-gracieli-de-souza","category-ministerio-publico-de-sao-paulo","category-morte-por-intervencao-policial","category-pensao-por-morte","category-pericia","category-pmesp","category-prisao-preventiva","category-rede-apoia","category-segredo-de-justica","category-trafico-de-drogas","category-tupa","category-violencia-policial"],"_links":{"self":[{"href":"https:\/\/redept.com.br\/blogosfera\/wp-json\/wp\/v2\/posts\/85526","targetHints":{"allow":["GET"]}}],"collection":[{"href":"https:\/\/redept.com.br\/blogosfera\/wp-json\/wp\/v2\/posts"}],"about":[{"href":"https:\/\/redept.com.br\/blogosfera\/wp-json\/wp\/v2\/types\/post"}],"author":[{"embeddable":true,"href":"https:\/\/redept.com.br\/blogosfera\/wp-json\/wp\/v2\/users\/2"}],"replies":[{"embeddable":true,"href":"https:\/\/redept.com.br\/blogosfera\/wp-json\/wp\/v2\/comments?post=85526"}],"version-history":[{"count":0,"href":"https:\/\/redept.com.br\/blogosfera\/wp-json\/wp\/v2\/posts\/85526\/revisions"}],"wp:attachment":[{"href":"https:\/\/redept.com.br\/blogosfera\/wp-json\/wp\/v2\/media?parent=85526"}],"wp:term":[{"taxonomy":"category","embeddable":true,"href":"https:\/\/redept.com.br\/blogosfera\/wp-json\/wp\/v2\/categories?post=85526"},{"taxonomy":"post_tag","embeddable":true,"href":"https:\/\/redept.com.br\/blogosfera\/wp-json\/wp\/v2\/tags?post=85526"}],"curies":[{"name":"wp","href":"https:\/\/api.w.org\/{rel}","templated":true}]}}