{"id":85539,"date":"2026-04-30T16:48:11","date_gmt":"2026-04-30T19:48:11","guid":{"rendered":"https:\/\/redept.com.br\/blogosfera\/governistas-convocam-para-protestos-no-dia-do-trabalhador-apos-derrubada-do-veto-de-lula-ao-pl-da-dosimetria\/"},"modified":"2026-04-30T16:48:11","modified_gmt":"2026-04-30T19:48:11","slug":"governistas-convocam-para-protestos-no-dia-do-trabalhador-apos-derrubada-do-veto-de-lula-ao-pl-da-dosimetria","status":"publish","type":"post","link":"https:\/\/redept.com.br\/blogosfera\/governistas-convocam-para-protestos-no-dia-do-trabalhador-apos-derrubada-do-veto-de-lula-ao-pl-da-dosimetria\/","title":{"rendered":"Governistas convocam para protestos no Dia do Trabalhador ap\u00f3s derrubada do veto de Lula ao PL da Dosimetria"},"content":{"rendered":"<p>&#8220;Congresso Inimigo do Povo&#8221;, dizem parlamentares sobre a aprova\u00e7\u00e3o de redu\u00e7\u00e3o de penas para condenados por atos contra a democracia; debates sobre judicializa\u00e7\u00e3o no STF s\u00e3o iniciados<\/p>\n<p>O post Governistas convocam para protestos no Dia do Trabalhador ap\u00f3s derrubada do veto de Lula ao PL da Dosimetria apareceu primeiro em Urbs Magna.<\/p>\n<!-- Begin Yuzo --><div class='yuzo_related_post style-1'  data-version='5.12.89'><!-- without result --><div class='yuzo_clearfixed yuzo__title yuzo__title'><h3>Related Post<\/h3><\/div>\n\t\t\t\t\t\t  <div class=\"relatedthumb \" style=\"width:125px;float:left;overflow:hidden;\">  \n\t\t\t\t\t\t\t  \n\t\t\t\t\t\t\t  <a  href=\"https:\/\/redept.com.br\/blogosfera\/em-goias-policia-prende-vereador-de-goiania-e-coordenador-do-mst-durante-ato-em-memoria-por-eldorado-dos-carajas\/\"  >\n\t\t\t\t\t\t\t\t\t  <div class=\"yuzo-img-wrap \" style=\"width: 125px;height:90px;\">\n\t\t\t\t\t\t\t\t\t\t\n\t\t\t\t\t\t\t\t\t\t<div class=\"yuzo-img\" style=\"background:url('https:\/\/redept.org\/blogosfera\/wp-content\/plugins\/yuzo-related-post\/assets\/images\/default.png') 50% 50% no-repeat;width: 125px;height:90px;margin-bottom: 5px;background-size: cover; \"><\/div>\n\t\t\t\t\t\t\t\t\t  <\/div>\n\t\t\t\t\t\t\t\t\t  \n\t\t\t\t\t\t\t\t   <span class=\"yuzo__text--title\" style=\"font-size:13px;\">Em Goi\u00e1s, pol\u00edcia prende vereador de Goi\u00e2nia e coo...<\/span>\n\t\t\t\t\t\t\t  \n\t\t\t\t\t\t\t  \n\t\t\t\t\t\t\t  <\/a>\n\n\t\t\t\t\t\t  <\/div>\n\t\t\t\t\t\t  <div class=\"relatedthumb \" style=\"width:125px;float:left;overflow:hidden;\">  \n\t\t\t\t\t\t\t  \n\t\t\t\t\t\t\t  <a  href=\"https:\/\/redept.com.br\/blogosfera\/mec-faz-primeiras-entregas-da-carteira-nacional-docente-a-professores-do-rs-em-porto-alegre\/\"  >\n\t\t\t\t\t\t\t\t\t  <div class=\"yuzo-img-wrap \" style=\"width: 125px;height:90px;\">\n\t\t\t\t\t\t\t\t\t\t\n\t\t\t\t\t\t\t\t\t\t<div class=\"yuzo-img\" style=\"background:url('https:\/\/redept.org\/blogosfera\/wp-content\/plugins\/yuzo-related-post\/assets\/images\/default.png') 50% 50% no-repeat;width: 125px;height:90px;margin-bottom: 5px;background-size: cover; \"><\/div>\n\t\t\t\t\t\t\t\t\t  <\/div>\n\t\t\t\t\t\t\t\t\t  \n\t\t\t\t\t\t\t\t   <span class=\"yuzo__text--title\" style=\"font-size:13px;\">MEC faz primeiras entregas da Carteira Nacional Do...<\/span>\n\t\t\t\t\t\t\t  \n\t\t\t\t\t\t\t  \n\t\t\t\t\t\t\t  <\/a>\n\n\t\t\t\t\t\t  <\/div>\n\t\t\t\t\t\t  <div class=\"relatedthumb \" style=\"width:125px;float:left;overflow:hidden;\">  \n\t\t\t\t\t\t\t  \n\t\t\t\t\t\t\t  <a  href=\"https:\/\/redept.com.br\/blogosfera\/parlamentares-e-sociedade-civil-lancam-relatorio-para-politica-eficaz-na-cracolandia\/\"  >\n\t\t\t\t\t\t\t\t\t  <div class=\"yuzo-img-wrap \" style=\"width: 125px;height:90px;\">\n\t\t\t\t\t\t\t\t\t\t\n\t\t\t\t\t\t\t\t\t\t<div class=\"yuzo-img\" style=\"background:url('https:\/\/redept.org\/blogosfera\/wp-content\/plugins\/yuzo-related-post\/assets\/images\/default.png') 50% 50% no-repeat;width: 125px;height:90px;margin-bottom: 5px;background-size: cover; \"><\/div>\n\t\t\t\t\t\t\t\t\t  <\/div>\n\t\t\t\t\t\t\t\t\t  \n\t\t\t\t\t\t\t\t   <span class=\"yuzo__text--title\" style=\"font-size:13px;\">Parlamentares e sociedade civil lan\u00e7am relat\u00f3rio p...<\/span>\n\t\t\t\t\t\t\t  \n\t\t\t\t\t\t\t  \n\t\t\t\t\t\t\t  <\/a>\n\n\t\t\t\t\t\t  <\/div>\n\t\t\t\t\t\t  <div class=\"relatedthumb \" style=\"width:125px;float:left;overflow:hidden;\">  \n\t\t\t\t\t\t\t  \n\t\t\t\t\t\t\t  <a  href=\"https:\/\/redept.com.br\/blogosfera\/missao-da-onu-condena-ataques-de-eua-e-israel-ao-ira-e-cobra-cessar-fogo\/\"  >\n\t\t\t\t\t\t\t\t\t  <div class=\"yuzo-img-wrap \" style=\"width: 125px;height:90px;\">\n\t\t\t\t\t\t\t\t\t\t\n\t\t\t\t\t\t\t\t\t\t<div class=\"yuzo-img\" style=\"background:url('https:\/\/redept.com.br\/blogosfera\/wp-content\/uploads\/2026\/03\/fba6412c-fb2d-46df-85e7-221bb29a92cd-150x150.jpeg') 50% 50% no-repeat;width: 125px;height:90px;margin-bottom: 5px;background-size: cover; \"><\/div>\n\t\t\t\t\t\t\t\t\t  <\/div>\n\t\t\t\t\t\t\t\t\t  \n\t\t\t\t\t\t\t\t   <span class=\"yuzo__text--title\" style=\"font-size:13px;\">Miss\u00e3o da ONU condena ataques de EUA e Israel ao I...<\/span>\n\t\t\t\t\t\t\t  \n\t\t\t\t\t\t\t  \n\t\t\t\t\t\t\t  <\/a>\n\n\t\t\t\t\t\t  <\/div>\n<\/div> <script>\n\t\t\t\t\t\t  jQuery(document).ready(function( $ ){\n\t\t\t\t\t\t\t\/\/jQuery('.yuzo_related_post').equalizer({ overflow : 'relatedthumb' });\n\t\t\t\t\t\t\tjQuery('.yuzo_related_post .yuzo_wraps').equalizer({ columns : '> div' });\n\t\t\t\t\t\t   })\n\t\t\t\t\t\t  <\/script> <!-- End Yuzo :) -->","protected":false},"excerpt":{"rendered":"<p>&#8220;Congresso Inimigo do Povo&#8221;, dizem parlamentares sobre a aprova\u00e7\u00e3o de redu\u00e7\u00e3o de penas para condenados por atos contra a democracia; debates sobre judicializa\u00e7\u00e3o no STF s\u00e3o iniciados<\/p>\n<p>O post <a rel=\"nofollow\" href=\"https:\/\/urbsmagna.com\/derrubado-veto-lula-pl-dosimetria-governistas-protestos-dia-trabalhador-2026\/\">Governistas convocam para protestos no Dia do Trabalhador ap\u00f3s derrubada do veto de Lula ao PL da Dosimetria<\/a> apareceu primeiro em <a rel=\"nofollow\" href=\"https:\/\/urbsmagna.com\/\">Urbs Magna<\/a>.<\/p>\n","protected":false},"author":2,"featured_media":0,"comment_status":"open","ping_status":"closed","sticky":false,"template":"","format":"standard","meta":{"fifu_image_url":"","fifu_image_alt":"","footnotes":""},"categories":[1269,22514,45,388,53388,19247,53389,53380,53390,11870,191,20752,132,5471,53391,11,53392,53384],"tags":[],"class_list":["post-85539","post","type-post","status-publish","format-standard","hentry","category-8-de-janeiro","category-atos-8-de-janeiro","category-brasil","category-congresso-nacional","category-congresso-nacional-2026","category-democracia-brasil","category-dosimetria-de-penas","category-jair-bolsonaro-pena-reduzida","category-lula-pl-2162-2023","category-manifestacoes-e-protestos","category-noticias","category-pl-da-dosimetria","category-politica","category-politica-nacional","category-protestos-dia-do-trabalhador","category-redes-sociais","category-stf-judicializacao","category-veto-lula-derrubado"],"_links":{"self":[{"href":"https:\/\/redept.com.br\/blogosfera\/wp-json\/wp\/v2\/posts\/85539","targetHints":{"allow":["GET"]}}],"collection":[{"href":"https:\/\/redept.com.br\/blogosfera\/wp-json\/wp\/v2\/posts"}],"about":[{"href":"https:\/\/redept.com.br\/blogosfera\/wp-json\/wp\/v2\/types\/post"}],"author":[{"embeddable":true,"href":"https:\/\/redept.com.br\/blogosfera\/wp-json\/wp\/v2\/users\/2"}],"replies":[{"embeddable":true,"href":"https:\/\/redept.com.br\/blogosfera\/wp-json\/wp\/v2\/comments?post=85539"}],"version-history":[{"count":0,"href":"https:\/\/redept.com.br\/blogosfera\/wp-json\/wp\/v2\/posts\/85539\/revisions"}],"wp:attachment":[{"href":"https:\/\/redept.com.br\/blogosfera\/wp-json\/wp\/v2\/media?parent=85539"}],"wp:term":[{"taxonomy":"category","embeddable":true,"href":"https:\/\/redept.com.br\/blogosfera\/wp-json\/wp\/v2\/categories?post=85539"},{"taxonomy":"post_tag","embeddable":true,"href":"https:\/\/redept.com.br\/blogosfera\/wp-json\/wp\/v2\/tags?post=85539"}],"curies":[{"name":"wp","href":"https:\/\/api.w.org\/{rel}","templated":true}]}}