{"id":85545,"date":"2026-04-30T17:02:09","date_gmt":"2026-04-30T20:02:09","guid":{"rendered":"https:\/\/redept.com.br\/blogosfera\/em-sessao-vexatoria-congresso-derruba-veto-de-lula-a-anistia-de-golpistas\/"},"modified":"2026-04-30T17:02:09","modified_gmt":"2026-04-30T20:02:09","slug":"em-sessao-vexatoria-congresso-derruba-veto-de-lula-a-anistia-de-golpistas","status":"publish","type":"post","link":"https:\/\/redept.com.br\/blogosfera\/em-sessao-vexatoria-congresso-derruba-veto-de-lula-a-anistia-de-golpistas\/","title":{"rendered":"Em sess\u00e3o vexat\u00f3ria, Congresso derruba veto de Lula \u00e0 anistia de golpistas"},"content":{"rendered":"<p><img fetchpriority=\"high\" width=\"823\" height=\"462\"src=\"https:\/\/redept.com.br\/blogosfera\/wp-content\/uploads\/2026\/04\/ok-sessaodosimetria_Foto-Waldemir-BarretoAgencia-Senado.jpg\" alt=\"\" decoding=\"async\" srcset=\"https:\/\/redept.com.br\/blogosfera\/wp-content\/uploads\/2026\/04\/ok-sessaodosimetria_Foto-Waldemir-BarretoAgencia-Senado.jpg 823w, https:\/\/vermelho.org.br\/wp-content\/uploads\/2026\/04\/ok-sessaodosimetria_Foto-Waldemir-BarretoAgencia-Senado-300x168.jpg 300w, https:\/\/vermelho.org.br\/wp-content\/uploads\/2026\/04\/ok-sessaodosimetria_Foto-Waldemir-BarretoAgencia-Senado-768x431.jpg 768w\" sizes=\"(max-width: 823px) 100vw, 823px\"><\/p>\n<p>Em sess\u00e3o conjunta da C\u00e2mara e do Senado na tarde desta quinta-feira (30), o Congresso Nacional derrubou o veto do presidente Luiz In\u00e1cio Lula da Silva ao projeto de lei da dosimetria, beneficiando os golpistas do 8 de janeiro, inclusive o ex-presidente Jair Bolsonaro (PL) e militares de alta patente que atentaram contra a democracia e as institui\u00e7\u00f5es.\u00a0<\/p>\n<p>De acordo com o rito legal, a mat\u00e9ria ser\u00e1 encaminhada para promulga\u00e7\u00e3o pelo presidente da Rep\u00fablica em at\u00e9 48 horas. Caso isso n\u00e3o ocorra, a tarefa caber\u00e1 ao presidente do\u00a0Congresso e do Senado, Davi Alcolumbre (Uni\u00e3o Brasil-AP). Ap\u00f3s a promulga\u00e7\u00e3o, o texto passa a valer como lei, com vig\u00eancia imediata ap\u00f3s a publica\u00e7\u00e3o oficial.<\/p>\n<p>Na primeira vota\u00e7\u00e3o, por parte dos deputados, o placar foi de 318 pela derrubada contra 144 pela manuten\u00e7\u00e3o do veto. Em seguida, no Senado, o resultado foi de, respectivamente, 49 a 24.\u00a0<\/p>\n<p>Antes mesmo de conclu\u00edda a vota\u00e7\u00e3o <a href=\"https:\/\/vermelho.org.br\/2026\/01\/08\/lula-veta-pl-da-dosimetria-e-diz-que-traidores-da-patria-foram-derrotados\/\">do veto<\/a>, membros da base do governo j\u00e1 davam como certa a judicializa\u00e7\u00e3o do caso junto ao Supremo Tribunal Federal (STF), a fim de reverter a decis\u00e3o dos parlamentares. Um dos argumentos dever\u00e1 ser a manobra usada durante a sess\u00e3o pelo presidente do Congresso, senador Davi Alcolumbre.<\/p>\n<p><strong>Fatiamento beneficiou a direita<\/strong><\/p>\n<p>A sess\u00e3o foi precedida de mais uma manobra do presidente do Congresso e do Senado, Davi Alcolumbre (Uni\u00e3o-AP) contra o governo, considerada pouco usual nesse tipo de vota\u00e7\u00e3o.\u00a0<\/p>\n<p>O parlamentar estabeleceu o fatiamento do veto, mantendo apenas a an\u00e1lise dos trechos que diziam respeito \u00e0 redu\u00e7\u00e3o das penas dos golpistas. Com isso, a vota\u00e7\u00e3o n\u00e3o contemplou a diminui\u00e7\u00e3o das penas em casos de crimes hediondos, feminic\u00eddio e atua\u00e7\u00e3o em organiza\u00e7\u00f5es criminosas, por exemplo.\u00a0<\/p>\n<p>Devido a uma brecha aberta pelo PL da Dosimetria, <a href=\"https:\/\/vermelho.org.br\/2026\/04\/28\/veto-de-lula-ao-pl-da-dosimetria-impede-beneficio-ao-crime-dizem-deputadas\/\">condenados por crimes<\/a> como esses tamb\u00e9m poderiam ter as penas reduzidas.\u00a0 Segundo Alcolumbre esse fatiamento evitaria choque com a Lei Antifac\u00e7\u00e3o, aprovada ap\u00f3s o veto do PL da Dosimetria.<\/p>\n<p><strong>Saiba mais:<\/strong><a href=\"https:\/\/vermelho.org.br\/editoriais\/derrubar-veto-a-dosimetria-e-premiar-o-golpismo\/\"> Derrubar veto \u00e0 dosimetria \u00e9 premiar o golpismo<\/a><\/p>\n<p>A l\u00edder do PCdoB na C\u00e2mara, deputada Jandira Feghali (PCdoB-RJ), defendeu a manuten\u00e7\u00e3o integral do veto presidencial, argumentando que \u201co PL da Dosimetria reduz as penas a partir do artigo 112 do C\u00f3digo Penal. A \u00fanica forma de garantir que o PL Antifac\u00e7\u00e3o tenha validade \u00e9 manter a integralidade do veto presidencial a esse projeto. N\u00e3o cabe esse fatiamento\u201d.\u00a0<\/p>\n<p>Portanto, por meio de uma manobra, no m\u00ednimo, question\u00e1vel, o senador manteve o veto presidencial onde era conveniente para os parlamentares bolsonaristas e da direita, que puderam, confortavelmente, invalidar apenas o que lhes interessava \u2014 a redu\u00e7\u00e3o da pena dos golpistas \u2014, de maneira a n\u00e3o se indispor com suas bases no caso da redu\u00e7\u00e3o da pena para outros crimes.\u00a0<\/p>\n<p>\u201cEu chamo isso de um golpe comandado pelo Alcolumbre com dois objetivos: livrar a cara de Bolsonaro e dos golpistas e fazer um grande acordo de blindagem das investiga\u00e7\u00f5es da Pol\u00edcia Federal\u201d, disse o vice-l\u00edder do governo na C\u00e2mara, deputado Lindbergh Faria (PT-RJ), referindo-se ao caso Master, que envolve diversos nomes da direita e do bolsonarismo.<\/p>\n<p><strong>Sess\u00e3o vergonhosa<\/strong><\/p>\n<div>\n<figure><img decoding=\"async\" width=\"1000\" height=\"617\"src=\"https:\/\/redept.com.br\/blogosfera\/wp-content\/uploads\/2026\/04\/jandira_Kayo-Magalhaes-Camara-dos-Deputados.jpg\" alt=\"\" srcset=\"https:\/\/redept.com.br\/blogosfera\/wp-content\/uploads\/2026\/04\/jandira_Kayo-Magalhaes-Camara-dos-Deputados.jpg 1000w, https:\/\/vermelho.org.br\/wp-content\/uploads\/2026\/04\/jandira_Kayo-Magalhaes-Camara-dos-Deputados-300x185.jpg 300w, https:\/\/vermelho.org.br\/wp-content\/uploads\/2026\/04\/jandira_Kayo-Magalhaes-Camara-dos-Deputados-768x474.jpg 768w\" sizes=\"(max-width: 1000px) 100vw, 1000px\"><figcaption>Jandira Feghali. Foto: Kayo Magalh\u00e3es\/Senado<\/figcaption><\/figure>\n<\/div>\n<p>Numa esp\u00e9cie de \u201creprise\u201d da bizarra sess\u00e3o do impeachment da presidenta Dilma Rousseff, parlamentares da direita se revezaram ao microfone fazendo da anistia aos golpistas uma bandeira falsamente justa e de interesse nacional.\u00a0<\/p>\n<p>Ao encaminhar o voto do governo pela manuten\u00e7\u00e3o integral do veto presidencial na primeira vota\u00e7\u00e3o, a deputada federal Jandira Feghali (RJ) elogiou o veto do presidente Lula, \u201cum veto corajoso, comprometido com a democracia e com a hist\u00f3ria dos her\u00f3is pela liberdade desse pa\u00eds e em respeito \u00e0s fam\u00edlias dos mortos e desaparecidos pol\u00edticos\u201d.\u00a0<\/p>\n<p>Em seguida, enfatizou: \u201cesta sess\u00e3o lamentavelmente envergonha o Congresso Nacional. O recado que est\u00e1 sendo dado ao povo e ao Brasil \u00e9 o de que golpe \u00e9 aceit\u00e1vel, que podemos manter uma hist\u00f3ria de rupturas porque o Congresso alivia. Precisamos valorizar a democracia brasileira e impedir que acordos de blindagem submetam a democracia aos interesses de quem est\u00e1 sendo denunciado, investigado e pode ser condenado pelo STF\u201d. \u00a0<\/p>\n<p>Contrapondo-se aos argumentos da direita, a parlamentar ainda salientou que o projeto da dosimetria, \u201cn\u00e3o \u00e9 uma anistia para velhinhas presas; \u00e9 para anistiar Bolsonaro e os militares de alta patente que tramaram um golpe de Estado e a aboli\u00e7\u00e3o do Estado democr\u00e1tico de direito. Isso n\u00e3o \u00e9 aceit\u00e1vel\u201d.\u00a0<\/p>\n<p>A deputada federal Maria do Ros\u00e1rio (PT-RS), tamb\u00e9m se manifestou de maneira contundente contra a valida\u00e7\u00e3o da anistia. \u201cQue o parlamento brasileiro n\u00e3o seja territ\u00f3rio da hipocrisia porque vossas excel\u00eancias nunca se preocuparam com aquela massa de manobra que trouxeram para quebrar os poderes e se postarem \u00e0 frente dos quart\u00e9is. Voc\u00eas s\u00f3 se movimentam pelos corruptos da fam\u00edlia Bolsonaro. Voc\u00eas s\u00f3 se movimentam quando o banco Master se torna realidade e o BolsoMaster chega muito pr\u00f3ximo daquilo que voc\u00eas representam\u201d.<\/p>\n<p>Maria do Ros\u00e1rio classificou o PL da Dosimetria como uma \u201cexcresc\u00eancia\u201d e ressaltou: \u201cgra\u00e7as ao veto do presidente Lula, n\u00e3o est\u00e3o nas ruas os fasc\u00ednoras, os feminicidas, os estupradores de crian\u00e7as porque foram esses que voc\u00eas liberaram junto com Jair Bolsonaro e os demais (ao aprovar a mat\u00e9ria)\u201d.\u00a0<\/p>\n<p>O post <a href=\"https:\/\/vermelho.org.br\/2026\/04\/30\/em-sessao-vexatoria-congresso-derruba-veto-de-lula-a-anistia-de-golpistas\/\">Em sess\u00e3o vexat\u00f3ria, Congresso derruba veto de Lula \u00e0 anistia de golpistas<\/a> apareceu primeiro em <a href=\"https:\/\/vermelho.org.br\/\">Vermelho<\/a>.<\/p>\n<!-- Begin Yuzo --><div class='yuzo_related_post style-1'  data-version='5.12.89'><!-- without result --><div class='yuzo_clearfixed yuzo__title yuzo__title'><h3>Related Post<\/h3><\/div>\n\t\t\t\t\t\t  <div class=\"relatedthumb \" style=\"width:125px;float:left;overflow:hidden;\">  \n\t\t\t\t\t\t\t  \n\t\t\t\t\t\t\t  <a  href=\"https:\/\/redept.com.br\/blogosfera\/festival-pop-rua-celebra-cultura-com-protagonismo-da-populacao-em-situacao-de-rua-em-sao-paulo\/\"  >\n\t\t\t\t\t\t\t\t\t  <div class=\"yuzo-img-wrap \" style=\"width: 125px;height:90px;\">\n\t\t\t\t\t\t\t\t\t\t\n\t\t\t\t\t\t\t\t\t\t<div class=\"yuzo-img\" style=\"background:url('https:\/\/redept.org\/blogosfera\/wp-content\/plugins\/yuzo-related-post\/assets\/images\/default.png') 50% 50% no-repeat;width: 125px;height:90px;margin-bottom: 5px;background-size: cover; \"><\/div>\n\t\t\t\t\t\t\t\t\t  <\/div>\n\t\t\t\t\t\t\t\t\t  \n\t\t\t\t\t\t\t\t   <span class=\"yuzo__text--title\" style=\"font-size:13px;\">Festival Pop Rua celebra cultura com protagonismo ...<\/span>\n\t\t\t\t\t\t\t  \n\t\t\t\t\t\t\t  \n\t\t\t\t\t\t\t  <\/a>\n\n\t\t\t\t\t\t  <\/div>\n\t\t\t\t\t\t  <div class=\"relatedthumb \" style=\"width:125px;float:left;overflow:hidden;\">  \n\t\t\t\t\t\t\t  \n\t\t\t\t\t\t\t  <a  href=\"https:\/\/redept.com.br\/blogosfera\/ministro-anuncia-r-400-milhoes-em-investimentos-e-novo-modelo-de-atendimento-no-sus-em-porto-alegre\/\"  >\n\t\t\t\t\t\t\t\t\t  <div class=\"yuzo-img-wrap \" style=\"width: 125px;height:90px;\">\n\t\t\t\t\t\t\t\t\t\t\n\t\t\t\t\t\t\t\t\t\t<div class=\"yuzo-img\" style=\"background:url('https:\/\/redept.org\/blogosfera\/wp-content\/plugins\/yuzo-related-post\/assets\/images\/default.png') 50% 50% no-repeat;width: 125px;height:90px;margin-bottom: 5px;background-size: cover; \"><\/div>\n\t\t\t\t\t\t\t\t\t  <\/div>\n\t\t\t\t\t\t\t\t\t  \n\t\t\t\t\t\t\t\t   <span class=\"yuzo__text--title\" style=\"font-size:13px;\">Ministro anuncia R$ 400 milh\u00f5es em investimentos e...<\/span>\n\t\t\t\t\t\t\t  \n\t\t\t\t\t\t\t  \n\t\t\t\t\t\t\t  <\/a>\n\n\t\t\t\t\t\t  <\/div>\n\t\t\t\t\t\t  <div class=\"relatedthumb \" style=\"width:125px;float:left;overflow:hidden;\">  \n\t\t\t\t\t\t\t  \n\t\t\t\t\t\t\t  <a  href=\"https:\/\/redept.com.br\/blogosfera\/acolhimento-e-respeito-conheca-o-ambulatorio-trans-do-sus-do-df\/\"  >\n\t\t\t\t\t\t\t\t\t  <div class=\"yuzo-img-wrap \" style=\"width: 125px;height:90px;\">\n\t\t\t\t\t\t\t\t\t\t\n\t\t\t\t\t\t\t\t\t\t<div class=\"yuzo-img\" style=\"background:url('https:\/\/redept.org\/blogosfera\/wp-content\/plugins\/yuzo-related-post\/assets\/images\/default.png') 50% 50% no-repeat;width: 125px;height:90px;margin-bottom: 5px;background-size: cover; \"><\/div>\n\t\t\t\t\t\t\t\t\t  <\/div>\n\t\t\t\t\t\t\t\t\t  \n\t\t\t\t\t\t\t\t   <span class=\"yuzo__text--title\" style=\"font-size:13px;\">Acolhimento e respeito: conhe\u00e7a o Ambulat\u00f3rio Tran...<\/span>\n\t\t\t\t\t\t\t  \n\t\t\t\t\t\t\t  \n\t\t\t\t\t\t\t  <\/a>\n\n\t\t\t\t\t\t  <\/div>\n\t\t\t\t\t\t  <div class=\"relatedthumb \" style=\"width:125px;float:left;overflow:hidden;\">  \n\t\t\t\t\t\t\t  \n\t\t\t\t\t\t\t  <a  href=\"https:\/\/redept.com.br\/blogosfera\/a-africa-segundo-o-mapa-mundi-de-trump\/\"  >\n\t\t\t\t\t\t\t\t\t  <div class=\"yuzo-img-wrap \" style=\"width: 125px;height:90px;\">\n\t\t\t\t\t\t\t\t\t\t\n\t\t\t\t\t\t\t\t\t\t<div class=\"yuzo-img\" style=\"background:url('https:\/\/redept.com.br\/blogosfera\/wp-content\/uploads\/2025\/03\/5109351490153196933-1024x576-1-150x150.jpg') 50% 50% no-repeat;width: 125px;height:90px;margin-bottom: 5px;background-size: cover; \"><\/div>\n\t\t\t\t\t\t\t\t\t  <\/div>\n\t\t\t\t\t\t\t\t\t  \n\t\t\t\t\t\t\t\t   <span class=\"yuzo__text--title\" style=\"font-size:13px;\">A \u00c1frica segundo o mapa-m\u00fandi de Trump<\/span>\n\t\t\t\t\t\t\t  \n\t\t\t\t\t\t\t  \n\t\t\t\t\t\t\t  <\/a>\n\n\t\t\t\t\t\t  <\/div>\n<\/div> <script>\n\t\t\t\t\t\t  jQuery(document).ready(function( $ ){\n\t\t\t\t\t\t\t\/\/jQuery('.yuzo_related_post').equalizer({ overflow : 'relatedthumb' });\n\t\t\t\t\t\t\tjQuery('.yuzo_related_post .yuzo_wraps').equalizer({ columns : '> div' });\n\t\t\t\t\t\t   })\n\t\t\t\t\t\t  <\/script> <!-- End Yuzo :) -->","protected":false},"excerpt":{"rendered":"<p>Em sess\u00e3o conjunta da C\u00e2mara e do Senado na tarde desta quinta-feira (30), o Congresso Nacional derrubou o veto do presidente Luiz In\u00e1cio Lula da Silva ao projeto de lei da dosimetria, beneficiando os golpistas do 8 de janeiro, inclusive o ex-presidente Jair Bolsonaro (PL) e militares de alta patente que atentaram contra a democracia [&hellip;]<\/p>\n","protected":false},"author":2,"featured_media":0,"comment_status":"open","ping_status":"closed","sticky":false,"template":"","format":"standard","meta":{"fifu_image_url":"","fifu_image_alt":"","footnotes":""},"categories":[114,1390,1759,423,1271,1272,3876,20752,132,18090,52529],"tags":[],"class_list":["post-85545","post","type-post","status-publish","format-standard","hentry","category-bolsonarismo","category-bolsonaro","category-direita","category-extrema-direita","category-golpismo","category-golpismo-bolsonarista","category-pl-da-anistia","category-pl-da-dosimetria","category-politica","category-sem-anistia-para-golpista","category-veto-de-lula"],"_links":{"self":[{"href":"https:\/\/redept.com.br\/blogosfera\/wp-json\/wp\/v2\/posts\/85545","targetHints":{"allow":["GET"]}}],"collection":[{"href":"https:\/\/redept.com.br\/blogosfera\/wp-json\/wp\/v2\/posts"}],"about":[{"href":"https:\/\/redept.com.br\/blogosfera\/wp-json\/wp\/v2\/types\/post"}],"author":[{"embeddable":true,"href":"https:\/\/redept.com.br\/blogosfera\/wp-json\/wp\/v2\/users\/2"}],"replies":[{"embeddable":true,"href":"https:\/\/redept.com.br\/blogosfera\/wp-json\/wp\/v2\/comments?post=85545"}],"version-history":[{"count":0,"href":"https:\/\/redept.com.br\/blogosfera\/wp-json\/wp\/v2\/posts\/85545\/revisions"}],"wp:attachment":[{"href":"https:\/\/redept.com.br\/blogosfera\/wp-json\/wp\/v2\/media?parent=85545"}],"wp:term":[{"taxonomy":"category","embeddable":true,"href":"https:\/\/redept.com.br\/blogosfera\/wp-json\/wp\/v2\/categories?post=85545"},{"taxonomy":"post_tag","embeddable":true,"href":"https:\/\/redept.com.br\/blogosfera\/wp-json\/wp\/v2\/tags?post=85545"}],"curies":[{"name":"wp","href":"https:\/\/api.w.org\/{rel}","templated":true}]}}