{"id":85554,"date":"2026-04-30T18:00:00","date_gmt":"2026-04-30T21:00:00","guid":{"rendered":"https:\/\/redept.com.br\/blogosfera\/ctb-defende-fim-da-escala-6x1-e-fortalecimento-dos-direitos-do-trabalhador-no-1o-de-maio\/"},"modified":"2026-04-30T18:00:00","modified_gmt":"2026-04-30T21:00:00","slug":"ctb-defende-fim-da-escala-6x1-e-fortalecimento-dos-direitos-do-trabalhador-no-1o-de-maio","status":"publish","type":"post","link":"https:\/\/redept.com.br\/blogosfera\/ctb-defende-fim-da-escala-6x1-e-fortalecimento-dos-direitos-do-trabalhador-no-1o-de-maio\/","title":{"rendered":"CTB defende fim da escala 6\u00d71 e fortalecimento dos direitos do trabalhador no 1\u00ba de Maio"},"content":{"rendered":"<p><img fetchpriority=\"high\" width=\"1024\" height=\"809\"src=\"https:\/\/redept.com.br\/blogosfera\/wp-content\/uploads\/2026\/04\/ESCALA6X16X1.jpeg\" alt=\"\" decoding=\"async\" srcset=\"https:\/\/vermelho.org.br\/wp-content\/uploads\/2026\/04\/ESCALA6X16X1-1024x809.jpeg 1024w, https:\/\/vermelho.org.br\/wp-content\/uploads\/2026\/04\/ESCALA6X16X1-300x237.jpeg 300w, https:\/\/vermelho.org.br\/wp-content\/uploads\/2026\/04\/ESCALA6X16X1-768x606.jpeg 768w, https:\/\/redept.com.br\/blogosfera\/wp-content\/uploads\/2026\/04\/ESCALA6X16X1.jpeg 1179w\" sizes=\"(max-width: 1024px) 100vw, 1024px\"><\/p>\n<p>O presidente da Central dos Trabalhadores e Trabalhadoras do Brasil (CTB), Adilson Ara\u00fajo, participou nesta quinta-feira (30) da nova edi\u00e7\u00e3o do programa <em>Entrelinhas Vermelhas<\/em>, para analisar o cen\u00e1rio pol\u00edtico nacional e as lutas da classe trabalhadora. Em pauta, a marcha realizada em 15 de abril em Bras\u00edlia, a constru\u00e7\u00e3o de uma agenda comum entre as centrais sindicais e as perspectivas para a aprova\u00e7\u00e3o da redu\u00e7\u00e3o da jornada de trabalho.<\/p>\n<p>Assista a \u00edntegra da entrevista:<\/p>\n<\/p>\n<p><strong>Pauta unit\u00e1ria e maturidade pol\u00edtica do movimento sindical<\/strong><\/p>\n<p>Adilson destacou que a marcha da classe trabalhadora representou \u201co \u00e1pice da maturidade pol\u00edtica\u201d das centrais sindicais. \u201cEstamos diante de uma encruzilhada e o tempo pol\u00edtico tem nos cobrado maior responsabilidade\u201d, afirmou. A pauta entregue ao presidente Lula e ao presidente da C\u00e2mara, Hugo Motta, re\u00fane demandas estrat\u00e9gicas: redu\u00e7\u00e3o da jornada para 40 horas semanais sem cortes salariais, fim da escala 6\u00d71, regulamenta\u00e7\u00e3o do trabalho por aplicativos e fortalecimento da negocia\u00e7\u00e3o coletiva.<\/p>\n<p>Segundo Adilson, a constru\u00e7\u00e3o coletiva dessa agenda e a unidade entre as entidades s\u00e3o elementos fundamentais para projetar conquistas concretas. A marcha tamb\u00e9m se articulou com a realiza\u00e7\u00e3o de uma nova Confer\u00eancia Nacional da Classe Trabalhadora (Conclat), a fim de levar \u00e0 disputa eleitoral compromissos que possam integrar planos de governo.<\/p>\n<p><strong>Apoio ao governo Lula e perspectiva de reelei\u00e7\u00e3o<\/strong><\/p>\n<p>Questionado sobre o balan\u00e7o do terceiro mandato de Lula, Adilson reafirmou o compromisso da CTB com o projeto democr\u00e1tico-popular encabe\u00e7ado pelo petista. \u201cO presidente Lula pega um governo destro\u00e7ado e consegue, ainda num ambiente de muita complexidade, consolidar quest\u00f5es principais\u201d, avaliou.<\/p>\n<p>Entre os avan\u00e7os citados, est\u00e3o a igualdade salarial entre homens e mulheres, a isen\u00e7\u00e3o do Imposto de Renda para quem ganha at\u00e9 R$ 5 mil e a redu\u00e7\u00e3o da tributa\u00e7\u00e3o para rendimentos de at\u00e9 R$ 7.330. \u201cEsses grandes feitos motivam a dar consequ\u00eancia e ajudar no processo eleitoral para que a gente consolide a manuten\u00e7\u00e3o desse projeto\u201d, completou.<\/p>\n<p>Para o dirigente, a alternativa ao governo Lula seria o retorno de uma agenda liberal, de retrocesso e subtra\u00e7\u00e3o de direitos. \u201cN\u00f3s s\u00f3 temos um caminho: eleger um governo vocacionado \u00e0 defesa de uma pauta de interesses do povo e da na\u00e7\u00e3o\u201d.<\/p>\n<p><strong>Redu\u00e7\u00e3o da jornada: fatores que viabilizam a vit\u00f3ria<\/strong><\/p>\n<p>Sobre a iminente aprova\u00e7\u00e3o da redu\u00e7\u00e3o da jornada de 44 para 40 horas e do fim da escala 6\u00d71, Adilson apontou mudan\u00e7as estruturais que favorecem a medida. \u201cO aumento da produtividade, dos ganhos das empresas e dos investimentos tecnol\u00f3gicos materializam a possibilidade de uma jornada menos extenuante\u201d, argumentou.<\/p>\n<p>O dirigente ressaltou que pa\u00edses j\u00e1 testam a jornada de quatro dias com resultados positivos para empresas e trabalhadores. \u201cMenos fadiga, menos estresse, menos burnout resultam num ambiente de trabalho mais saud\u00e1vel\u201d. No Brasil, 70% da popula\u00e7\u00e3o apoia o fim da escala 6\u00d71, o que refor\u00e7a a legitimidade social da proposta.<\/p>\n<p>Adilson tamb\u00e9m alertou para os dados alarmantes sobre sa\u00fade ocupacional: o Brasil \u00e9 o segundo pa\u00eds com maior incid\u00eancia de \u00f3bitos por acidente de trabalho e o terceiro em doen\u00e7as ocupacionais. \u201cN\u00e3o temos outro caminho que n\u00e3o seja combater esse problema\u201d, afirmou.<\/p>\n<p><strong>Representa\u00e7\u00e3o sindical e orienta\u00e7\u00f5es para as elei\u00e7\u00f5es<\/strong><\/p>\n<p>Diante da redu\u00e7\u00e3o da bancada sindical no Congresso e do fortalecimento de for\u00e7as de direita, Adilson defendeu a constru\u00e7\u00e3o de uma ampla frente para \u201cderrotar o fascismo\u201d. \u201cO ambiente institucional tornou-se muito hostil. H\u00e1 um predom\u00ednio marcadamente da elite do grande capital em tomar de assalto os espa\u00e7os institucionais\u201d, criticou.<\/p>\n<p>Para reverter esse quadro, a CTB orienta a elei\u00e7\u00e3o de representantes comprometidos com uma agenda de desenvolvimento, educa\u00e7\u00e3o p\u00fablica de qualidade e valoriza\u00e7\u00e3o do trabalho. \u201cO Brasil n\u00e3o tem mais raz\u00f5es para seguir \u00e0 deriva para o neocolonialismo. Precisamos construir uma frente que consiga galvanizar mentes e cora\u00e7\u00f5es para um projeto mais ambicioso\u201d.<\/p>\n<p><strong>Pejotiza\u00e7\u00e3o e trabalho por aplicativos: precariza\u00e7\u00e3o em debate<\/strong><\/p>\n<p>Adilson tamb\u00e9m abordou a pejotiza\u00e7\u00e3o e o trabalho por plataformas digitais como express\u00f5es da precariza\u00e7\u00e3o acelerada pela reforma trabalhista de 2017. \u201cA pejotiza\u00e7\u00e3o seria a p\u00e1 de cal, porque o problema mais grave \u00e9 o rebatimento na Previd\u00eancia Social\u201d, alertou.<\/p>\n<p>Sobre os aplicativos, o dirigente criticou a ideologia que vende a ideia de que o trabalhador \u00e9 \u201cempreendedor\u201d, quando na realidade submete-se a jornadas extenuantes sem contrapartidas. \u201c90% dos trabalhadores brasileiros recebem at\u00e9 R$ 3.500. Essa \u00e9 uma situa\u00e7\u00e3o decadencial\u201d, afirmou.<\/p>\n<p>A CTB defende a regulamenta\u00e7\u00e3o urgente do trabalho por aplicativos e o combate \u00e0 pejotiza\u00e7\u00e3o fraudulenta, temas que tramitam no Congresso e no Supremo Tribunal Federal, respectivamente.<\/p>\n<p><strong>1\u00ba de Maio: unidade na diversidade<\/strong><\/p>\n<p>Sobre as celebra\u00e7\u00f5es do Dia do Trabalhador, Adilson destacou que \u201ca unidade se constr\u00f3i na diversidade\u201d. O 1\u00ba de Maio ocorrer\u00e1 de forma descentralizada pelo pa\u00eds, com atos unit\u00e1rios em alguns locais e a\u00e7\u00f5es espec\u00edficas em outros. \u201cQuanto mais 1\u00ba de Maio, melhor\u201d, afirmou.<\/p>\n<p>O dirigente refor\u00e7ou que a data deve ser usada para ganhar as ruas e reivindicar uma agenda pr\u00f3spera, que inclua o Brasil nas cadeias globais de valor, incentive energia limpa, explore a Amaz\u00f4nia Azul e promova desenvolvimento sustent\u00e1vel. \u201cPrecisamos concentrar riqueza, valorizar o trabalho e protagonizar a condi\u00e7\u00e3o de um Brasil pr\u00f3spero, desenvolvido e soberano\u201d.<\/p>\n<p>O post <a href=\"https:\/\/vermelho.org.br\/2026\/04\/30\/ctb-defende-fim-da-escala-6x1-e-fortalecimento-dos-direitos-do-trabalhador-no-1o-de-maio\/\">CTB defende fim da escala 6\u00d71 e fortalecimento dos direitos do trabalhador no 1\u00ba de Maio<\/a> apareceu primeiro em <a href=\"https:\/\/vermelho.org.br\/\">Vermelho<\/a>.<\/p>\n<!-- Begin Yuzo --><div class='yuzo_related_post style-1'  data-version='5.12.89'><!-- without result --><div class='yuzo_clearfixed yuzo__title yuzo__title'><h3>Related Post<\/h3><\/div>\n\t\t\t\t\t\t  <div class=\"relatedthumb \" style=\"width:125px;float:left;overflow:hidden;\">  \n\t\t\t\t\t\t\t  \n\t\t\t\t\t\t\t  <a  href=\"https:\/\/redept.com.br\/blogosfera\/derrubada-do-iof-e-reflexo-da-luta-de-classes-e-demonstra-interesses-no-congresso-dizem-especialistas\/\"  >\n\t\t\t\t\t\t\t\t\t  <div class=\"yuzo-img-wrap \" style=\"width: 125px;height:90px;\">\n\t\t\t\t\t\t\t\t\t\t\n\t\t\t\t\t\t\t\t\t\t<div class=\"yuzo-img\" style=\"background:url('https:\/\/redept.org\/blogosfera\/wp-content\/plugins\/yuzo-related-post\/assets\/images\/default.png') 50% 50% no-repeat;width: 125px;height:90px;margin-bottom: 5px;background-size: cover; \"><\/div>\n\t\t\t\t\t\t\t\t\t  <\/div>\n\t\t\t\t\t\t\t\t\t  \n\t\t\t\t\t\t\t\t   <span class=\"yuzo__text--title\" style=\"font-size:13px;\">Derrubada do IOF \u00e9 reflexo da luta de classes e de...<\/span>\n\t\t\t\t\t\t\t  \n\t\t\t\t\t\t\t  \n\t\t\t\t\t\t\t  <\/a>\n\n\t\t\t\t\t\t  <\/div>\n\t\t\t\t\t\t  <div class=\"relatedthumb \" style=\"width:125px;float:left;overflow:hidden;\">  \n\t\t\t\t\t\t\t  \n\t\t\t\t\t\t\t  <a  href=\"https:\/\/redept.com.br\/blogosfera\/brasil-reduz-casos-de-dengue-em-75-e-avanca-no-controle-de-doencas-infecciosas\/\"  >\n\t\t\t\t\t\t\t\t\t  <div class=\"yuzo-img-wrap \" style=\"width: 125px;height:90px;\">\n\t\t\t\t\t\t\t\t\t\t\n\t\t\t\t\t\t\t\t\t\t<div class=\"yuzo-img\" style=\"background:url('https:\/\/redept.org\/blogosfera\/wp-content\/plugins\/yuzo-related-post\/assets\/images\/default.png') 50% 50% no-repeat;width: 125px;height:90px;margin-bottom: 5px;background-size: cover; \"><\/div>\n\t\t\t\t\t\t\t\t\t  <\/div>\n\t\t\t\t\t\t\t\t\t  \n\t\t\t\t\t\t\t\t   <span class=\"yuzo__text--title\" style=\"font-size:13px;\">Brasil reduz casos de dengue em 75% e avan\u00e7a no co...<\/span>\n\t\t\t\t\t\t\t  \n\t\t\t\t\t\t\t  \n\t\t\t\t\t\t\t  <\/a>\n\n\t\t\t\t\t\t  <\/div>\n\t\t\t\t\t\t  <div class=\"relatedthumb \" style=\"width:125px;float:left;overflow:hidden;\">  \n\t\t\t\t\t\t\t  \n\t\t\t\t\t\t\t  <a  href=\"https:\/\/redept.com.br\/blogosfera\/museu-da-biblia-aumento-de-184-no-orcamento-levanta-questionamentos-do-tcdf\/\"  >\n\t\t\t\t\t\t\t\t\t  <div class=\"yuzo-img-wrap \" style=\"width: 125px;height:90px;\">\n\t\t\t\t\t\t\t\t\t\t\n\t\t\t\t\t\t\t\t\t\t<div class=\"yuzo-img\" style=\"background:url('https:\/\/redept.org\/blogosfera\/wp-content\/plugins\/yuzo-related-post\/assets\/images\/default.png') 50% 50% no-repeat;width: 125px;height:90px;margin-bottom: 5px;background-size: cover; \"><\/div>\n\t\t\t\t\t\t\t\t\t  <\/div>\n\t\t\t\t\t\t\t\t\t  \n\t\t\t\t\t\t\t\t   <span class=\"yuzo__text--title\" style=\"font-size:13px;\">Museu da B\u00edblia: aumento de 184% no or\u00e7amento leva...<\/span>\n\t\t\t\t\t\t\t  \n\t\t\t\t\t\t\t  \n\t\t\t\t\t\t\t  <\/a>\n\n\t\t\t\t\t\t  <\/div>\n\t\t\t\t\t\t  <div class=\"relatedthumb \" style=\"width:125px;float:left;overflow:hidden;\">  \n\t\t\t\t\t\t\t  \n\t\t\t\t\t\t\t  <a  href=\"https:\/\/redept.com.br\/blogosfera\/governo-lula-lanca-comite-para-monitorar-politicas-para-as-mulheres\/\"  >\n\t\t\t\t\t\t\t\t\t  <div class=\"yuzo-img-wrap \" style=\"width: 125px;height:90px;\">\n\t\t\t\t\t\t\t\t\t\t\n\t\t\t\t\t\t\t\t\t\t<div class=\"yuzo-img\" style=\"background:url('https:\/\/redept.org\/blogosfera\/wp-content\/plugins\/yuzo-related-post\/assets\/images\/default.png') 50% 50% no-repeat;width: 125px;height:90px;margin-bottom: 5px;background-size: cover; \"><\/div>\n\t\t\t\t\t\t\t\t\t  <\/div>\n\t\t\t\t\t\t\t\t\t  \n\t\t\t\t\t\t\t\t   <span class=\"yuzo__text--title\" style=\"font-size:13px;\">Governo Lula lan\u00e7a comit\u00ea para monitorar pol\u00edticas...<\/span>\n\t\t\t\t\t\t\t  \n\t\t\t\t\t\t\t  \n\t\t\t\t\t\t\t  <\/a>\n\n\t\t\t\t\t\t  <\/div>\n<\/div> <script>\n\t\t\t\t\t\t  jQuery(document).ready(function( $ ){\n\t\t\t\t\t\t\t\/\/jQuery('.yuzo_related_post').equalizer({ overflow : 'relatedthumb' });\n\t\t\t\t\t\t\tjQuery('.yuzo_related_post .yuzo_wraps').equalizer({ columns : '> div' });\n\t\t\t\t\t\t   })\n\t\t\t\t\t\t  <\/script> <!-- End Yuzo :) -->","protected":false},"excerpt":{"rendered":"<p>O presidente da Central dos Trabalhadores e Trabalhadoras do Brasil (CTB), Adilson Ara\u00fajo, participou nesta quinta-feira (30) da nova edi\u00e7\u00e3o do programa Entrelinhas Vermelhas, para analisar o cen\u00e1rio pol\u00edtico nacional e as lutas da classe trabalhadora. Em pauta, a marcha realizada em 15 de abril em Bras\u00edlia, a constru\u00e7\u00e3o de uma agenda comum entre as [&hellip;]<\/p>\n","protected":false},"author":2,"featured_media":0,"comment_status":"open","ping_status":"closed","sticky":false,"template":"","format":"standard","meta":{"fifu_image_url":"","fifu_image_alt":"","footnotes":""},"categories":[279,282,1760,640,2008,8897,53413,4949,2482,4725,53414],"tags":[],"class_list":["post-85554","post","type-post","status-publish","format-standard","hentry","category-adilson-araujo","category-ctb","category-eleicoes-2026","category-entrelinhas-vermelhas","category-fim-da-escala-6x1","category-negociacao-coletiva","category-pauta-unitaria","category-primeiro-de-maio","category-reducao-da-jornada","category-trabalho-por-aplicativo","category-unidade-sindical"],"_links":{"self":[{"href":"https:\/\/redept.com.br\/blogosfera\/wp-json\/wp\/v2\/posts\/85554","targetHints":{"allow":["GET"]}}],"collection":[{"href":"https:\/\/redept.com.br\/blogosfera\/wp-json\/wp\/v2\/posts"}],"about":[{"href":"https:\/\/redept.com.br\/blogosfera\/wp-json\/wp\/v2\/types\/post"}],"author":[{"embeddable":true,"href":"https:\/\/redept.com.br\/blogosfera\/wp-json\/wp\/v2\/users\/2"}],"replies":[{"embeddable":true,"href":"https:\/\/redept.com.br\/blogosfera\/wp-json\/wp\/v2\/comments?post=85554"}],"version-history":[{"count":0,"href":"https:\/\/redept.com.br\/blogosfera\/wp-json\/wp\/v2\/posts\/85554\/revisions"}],"wp:attachment":[{"href":"https:\/\/redept.com.br\/blogosfera\/wp-json\/wp\/v2\/media?parent=85554"}],"wp:term":[{"taxonomy":"category","embeddable":true,"href":"https:\/\/redept.com.br\/blogosfera\/wp-json\/wp\/v2\/categories?post=85554"},{"taxonomy":"post_tag","embeddable":true,"href":"https:\/\/redept.com.br\/blogosfera\/wp-json\/wp\/v2\/tags?post=85554"}],"curies":[{"name":"wp","href":"https:\/\/api.w.org\/{rel}","templated":true}]}}