{"id":85560,"date":"2026-04-30T18:58:00","date_gmt":"2026-04-30T21:58:00","guid":{"rendered":"https:\/\/redept.com.br\/blogosfera\/randolfe-rodrigues-afirma-que-governo-deve-indicar-outro-nome-para-stf\/"},"modified":"2026-04-30T18:58:00","modified_gmt":"2026-04-30T21:58:00","slug":"randolfe-rodrigues-afirma-que-governo-deve-indicar-outro-nome-para-stf","status":"publish","type":"post","link":"https:\/\/redept.com.br\/blogosfera\/randolfe-rodrigues-afirma-que-governo-deve-indicar-outro-nome-para-stf\/","title":{"rendered":"Randolfe Rodrigues afirma que governo deve indicar outro nome para STF"},"content":{"rendered":"<p>O l\u00edder do governo no Congresso Nacional, senador Randolfe Rodrigues (PT-AP), afirmou nesta quinta-feira (30)\u00a0que o presidente Luiz In\u00e1cio Lula da Silva (PT) deve indicar outro nome para a vaga aberta no Supremo Tribunal Federal (STF),\u00a0ap\u00f3s a rejei\u00e7\u00e3o de Jorge Messias pelo Senado. \u201cTenho certeza de que o presidente da Rep\u00fablica vai fazer uso de [\u2026]<\/p>\n<p><a href=\"https:\/\/www.brasildefato.com.br\/2026\/04\/30\/randolfe-rodrigues-afirma-que-governo-deve-indicar-outro-nome-para-stf\/\" rel=\"nofollow\">Fonte<\/a><\/p>\n<!-- Begin Yuzo --><div class='yuzo_related_post style-1'  data-version='5.12.89'><!-- without result --><div class='yuzo_clearfixed yuzo__title yuzo__title'><h3>Related Post<\/h3><\/div>\n\t\t\t\t\t\t  <div class=\"relatedthumb \" style=\"width:125px;float:left;overflow:hidden;\">  \n\t\t\t\t\t\t\t  \n\t\t\t\t\t\t\t  <a  href=\"https:\/\/redept.com.br\/blogosfera\/livro-sobre-integracao-inteligencia-e-prevencao-sera-lancado-dia-23\/\"  >\n\t\t\t\t\t\t\t\t\t  <div class=\"yuzo-img-wrap \" style=\"width: 125px;height:90px;\">\n\t\t\t\t\t\t\t\t\t\t\n\t\t\t\t\t\t\t\t\t\t<div class=\"yuzo-img\" style=\"background:url('https:\/\/redept.com.br\/blogosfera\/wp-content\/uploads\/2025\/04\/livro-segpub-150x150.jpg') 50% 50% no-repeat;width: 125px;height:90px;margin-bottom: 5px;background-size: cover; \"><\/div>\n\t\t\t\t\t\t\t\t\t  <\/div>\n\t\t\t\t\t\t\t\t\t  \n\t\t\t\t\t\t\t\t   <span class=\"yuzo__text--title\" style=\"font-size:13px;\">Livro sobre integra\u00e7\u00e3o, intelig\u00eancia e preven\u00e7\u00e3o  ...<\/span>\n\t\t\t\t\t\t\t  \n\t\t\t\t\t\t\t  \n\t\t\t\t\t\t\t  <\/a>\n\n\t\t\t\t\t\t  <\/div>\n\t\t\t\t\t\t  <div class=\"relatedthumb \" style=\"width:125px;float:left;overflow:hidden;\">  \n\t\t\t\t\t\t\t  \n\t\t\t\t\t\t\t  <a  href=\"https:\/\/redept.com.br\/blogosfera\/apos-reuniao-com-sheinbaum-trump-recua-e-adia-tarifaco-contra-mexico-ate-abril\/\"  >\n\t\t\t\t\t\t\t\t\t  <div class=\"yuzo-img-wrap \" style=\"width: 125px;height:90px;\">\n\t\t\t\t\t\t\t\t\t\t\n\t\t\t\t\t\t\t\t\t\t<div class=\"yuzo-img\" style=\"background:url('https:\/\/redept.com.br\/blogosfera\/wp-content\/uploads\/2025\/03\/claudia-1-150x150.jpg') 50% 50% no-repeat;width: 125px;height:90px;margin-bottom: 5px;background-size: cover; \"><\/div>\n\t\t\t\t\t\t\t\t\t  <\/div>\n\t\t\t\t\t\t\t\t\t  \n\t\t\t\t\t\t\t\t   <span class=\"yuzo__text--title\" style=\"font-size:13px;\">Ap\u00f3s reuni\u00e3o com Sheinbaum, Trump recua e adia tar...<\/span>\n\t\t\t\t\t\t\t  \n\t\t\t\t\t\t\t  \n\t\t\t\t\t\t\t  <\/a>\n\n\t\t\t\t\t\t  <\/div>\n\t\t\t\t\t\t  <div class=\"relatedthumb \" style=\"width:125px;float:left;overflow:hidden;\">  \n\t\t\t\t\t\t\t  \n\t\t\t\t\t\t\t  <a  href=\"https:\/\/redept.com.br\/blogosfera\/medalha-inedita-brasil-conquista-prata-no-mundial-de-ginastica-ritmica\/\"  >\n\t\t\t\t\t\t\t\t\t  <div class=\"yuzo-img-wrap \" style=\"width: 125px;height:90px;\">\n\t\t\t\t\t\t\t\t\t\t\n\t\t\t\t\t\t\t\t\t\t<div class=\"yuzo-img\" style=\"background:url('https:\/\/redept.com.br\/blogosfera\/wp-content\/uploads\/2025\/08\/leoas_-e1755999103565-150x150.jpg') 50% 50% no-repeat;width: 125px;height:90px;margin-bottom: 5px;background-size: cover; \"><\/div>\n\t\t\t\t\t\t\t\t\t  <\/div>\n\t\t\t\t\t\t\t\t\t  \n\t\t\t\t\t\t\t\t   <span class=\"yuzo__text--title\" style=\"font-size:13px;\">Medalha in\u00e9dita: Brasil conquista prata no Mundial...<\/span>\n\t\t\t\t\t\t\t  \n\t\t\t\t\t\t\t  \n\t\t\t\t\t\t\t  <\/a>\n\n\t\t\t\t\t\t  <\/div>\n\t\t\t\t\t\t  <div class=\"relatedthumb \" style=\"width:125px;float:left;overflow:hidden;\">  \n\t\t\t\t\t\t\t  \n\t\t\t\t\t\t\t  <a  href=\"https:\/\/redept.com.br\/blogosfera\/superavit-comercial-brasileiro-em-2024-e-o-segundo-maior-da-historia\/\"  >\n\t\t\t\t\t\t\t\t\t  <div class=\"yuzo-img-wrap \" style=\"width: 125px;height:90px;\">\n\t\t\t\t\t\t\t\t\t\t\n\t\t\t\t\t\t\t\t\t\t<div class=\"yuzo-img\" style=\"background:url('https:\/\/redept.com.br\/blogosfera\/wp-content\/uploads\/2025\/01\/Captura-de-Tela-2025-01-07-as-16.54.54-150x150.png') 50% 50% no-repeat;width: 125px;height:90px;margin-bottom: 5px;background-size: cover; \"><\/div>\n\t\t\t\t\t\t\t\t\t  <\/div>\n\t\t\t\t\t\t\t\t\t  \n\t\t\t\t\t\t\t\t   <span class=\"yuzo__text--title\" style=\"font-size:13px;\">Super\u00e1vit comercial brasileiro em 2024 \u00e9 o segundo...<\/span>\n\t\t\t\t\t\t\t  \n\t\t\t\t\t\t\t  \n\t\t\t\t\t\t\t  <\/a>\n\n\t\t\t\t\t\t  <\/div>\n<\/div> <script>\n\t\t\t\t\t\t  jQuery(document).ready(function( $ ){\n\t\t\t\t\t\t\t\/\/jQuery('.yuzo_related_post').equalizer({ overflow : 'relatedthumb' });\n\t\t\t\t\t\t\tjQuery('.yuzo_related_post .yuzo_wraps').equalizer({ columns : '> div' });\n\t\t\t\t\t\t   })\n\t\t\t\t\t\t  <\/script> <!-- End Yuzo :) -->","protected":false},"excerpt":{"rendered":"<p>O l\u00edder do governo no Congresso Nacional, senador Randolfe Rodrigues (PT-AP), afirmou nesta quinta-feira (30)\u00a0que o presidente Luiz In\u00e1cio Lula da Silva (PT) deve indicar outro nome para a vaga aberta no Supremo Tribunal Federal (STF),\u00a0ap\u00f3s a rejei\u00e7\u00e3o de Jorge Messias pelo Senado. \u201cTenho certeza de que o presidente da Rep\u00fablica vai fazer uso de [&hellip;]<\/p>\n","protected":false},"author":2,"featured_media":0,"comment_status":"open","ping_status":"closed","sticky":false,"template":"","format":"standard","meta":{"fifu_image_url":"","fifu_image_alt":"","footnotes":""},"categories":[14285,4032,53427,43819,23638,388,3324,53428,1760,2427,17,53429,27485,1726,1362,24292,2735,252,132,5422,39933,1059,2554,23481,19752,14024,531,7236,5451,53430,893],"tags":[],"class_list":["post-85560","post","type-post","status-publish","format-standard","hentry","category-agencia-brasil","category-aposentadoria","category-atribuicao-presidencial","category-calendario-eleitoral","category-cenario-politico","category-congresso-nacional","category-davi-alcolumbre","category-eduardo-girao","category-eleicoes-2026","category-flavio-bolsonaro","category-governo-lula","category-indicacao-presidencial","category-indicacao-stf","category-jorge-messias","category-lider-do-governo","category-ministro-barroso","category-oposicao","category-pl","category-politica","category-politica-brasileira","category-processo-eleitoral","category-pt","category-randolfe-rodrigues","category-rejeicao","category-rogerio-marinho","category-sabatina","category-senado","category-supremo-tribunal-federal","category-uniao-brasil","category-vacancia-stf","category-votacao"],"_links":{"self":[{"href":"https:\/\/redept.com.br\/blogosfera\/wp-json\/wp\/v2\/posts\/85560","targetHints":{"allow":["GET"]}}],"collection":[{"href":"https:\/\/redept.com.br\/blogosfera\/wp-json\/wp\/v2\/posts"}],"about":[{"href":"https:\/\/redept.com.br\/blogosfera\/wp-json\/wp\/v2\/types\/post"}],"author":[{"embeddable":true,"href":"https:\/\/redept.com.br\/blogosfera\/wp-json\/wp\/v2\/users\/2"}],"replies":[{"embeddable":true,"href":"https:\/\/redept.com.br\/blogosfera\/wp-json\/wp\/v2\/comments?post=85560"}],"version-history":[{"count":0,"href":"https:\/\/redept.com.br\/blogosfera\/wp-json\/wp\/v2\/posts\/85560\/revisions"}],"wp:attachment":[{"href":"https:\/\/redept.com.br\/blogosfera\/wp-json\/wp\/v2\/media?parent=85560"}],"wp:term":[{"taxonomy":"category","embeddable":true,"href":"https:\/\/redept.com.br\/blogosfera\/wp-json\/wp\/v2\/categories?post=85560"},{"taxonomy":"post_tag","embeddable":true,"href":"https:\/\/redept.com.br\/blogosfera\/wp-json\/wp\/v2\/tags?post=85560"}],"curies":[{"name":"wp","href":"https:\/\/api.w.org\/{rel}","templated":true}]}}