{"id":85563,"date":"2026-04-30T18:57:43","date_gmt":"2026-04-30T21:57:43","guid":{"rendered":"https:\/\/redept.com.br\/blogosfera\/centrais-sindicais-exigem-juros-compativeis-com-a-realidade-nacional\/"},"modified":"2026-04-30T18:57:43","modified_gmt":"2026-04-30T21:57:43","slug":"centrais-sindicais-exigem-juros-compativeis-com-a-realidade-nacional","status":"publish","type":"post","link":"https:\/\/redept.com.br\/blogosfera\/centrais-sindicais-exigem-juros-compativeis-com-a-realidade-nacional\/","title":{"rendered":"Centrais sindicais exigem juros compat\u00edveis com a realidade nacional"},"content":{"rendered":"<p><img fetchpriority=\"high\" width=\"1024\" height=\"768\"src=\"https:\/\/redept.com.br\/blogosfera\/wp-content\/uploads\/2026\/04\/679458940_1441807864656326_2407228912221718433_n.jpg\" alt=\"\" decoding=\"async\" srcset=\"https:\/\/vermelho.org.br\/wp-content\/uploads\/2026\/04\/679458940_1441807864656326_2407228912221718433_n-1024x768.jpg 1024w, https:\/\/vermelho.org.br\/wp-content\/uploads\/2026\/04\/679458940_1441807864656326_2407228912221718433_n-300x225.jpg 300w, https:\/\/vermelho.org.br\/wp-content\/uploads\/2026\/04\/679458940_1441807864656326_2407228912221718433_n-768x576.jpg 768w, https:\/\/redept.com.br\/blogosfera\/wp-content\/uploads\/2026\/04\/679458940_1441807864656326_2407228912221718433_n.jpg 1440w\" sizes=\"(max-width: 1024px) 100vw, 1024px\"><\/p>\n<p>O Comit\u00ea de Pol\u00edtica Monet\u00e1ria (Copom) do Banco Central (BC), na \u00faltima quarta-feira (29), reduziu a taxa Selic em apenas 0,25 ponto percentual, levando os juros de <a href=\"https:\/\/vermelho.org.br\/2026\/04\/29\/copom-pisa-leve-ao-reduzir-025-e-manter-juros-em-patamar-asfixiante\/\">14,75% para 14,50% ao ano<\/a>. No dia anterior, as centrais sindicais protestaram em frente \u00e0 sede do banco na Avenida Paulista, em S\u00e3o Paulo (SP), em defesa de cortes mais robustos e de mudan\u00e7as na condu\u00e7\u00e3o da pol\u00edtica monet\u00e1ria, a fim de atender mais de perto aos anseios da classe trabalhadora do pa\u00eds.<\/p>\n<p>A decis\u00e3o do Copom, no entanto, apenas deu sequ\u00eancia a um t\u00edmido corte iniciado no encontro anterior, de abril, e n\u00e3o d\u00e1 sinais de continuidade, o que \u00e9 preocupante e pode segurar os juros nesse patamar ainda elevado.<\/p>\n<p>O <strong>Portal Vermelho <\/strong>ouviu algumas lideran\u00e7as de centrais sindicais sobre a escolha da diretoria do BC. Al\u00e9m de serem un\u00e2nimes na cr\u00edtica \u00e0 condu\u00e7\u00e3o da Selic, os sindicalistas tamb\u00e9m apontaram unidade pela manuten\u00e7\u00e3o dos protestos e cobran\u00e7as por uma taxa de juros que ande junto com a realidade nacional.<\/p>\n<p>De acordo com o presidente da <strong>CTB (Central dos Trabalhadores e Trabalhadoras do Brasil)<\/strong>, Adilson Ara\u00fajo, o Copom, mais uma vez, frustrou as expectativas da popula\u00e7\u00e3o. Ele refor\u00e7a as cr\u00edticas feitas ao presidente do BC, Gabriel Gal\u00edpolo, durante o protesto das centrais e afirma que o 1\u00ba de Maio tamb\u00e9m ser\u00e1 marcado por mobiliza\u00e7\u00f5es contra os juros altos.<\/p>\n<p>\u201cVamos aproveitar o 1\u00ba de Maio para soltar o verbo, levar uma mensagem de alto e bom som de que essa pol\u00edtica de juros altos n\u00e3o apenas prejudica o crescimento econ\u00f4mico, pois compromete tamb\u00e9m a pr\u00f3pria capacidade do Estado de cumprir sua fun\u00e7\u00e3o social. O or\u00e7amento \u00e9 p\u00fablico, mas, lamentavelmente, est\u00e1 sendo capturado por uma pol\u00edtica que coloca o Brasil na condi\u00e7\u00e3o de segundo pa\u00eds com a maior taxa de juros do mundo. Quem perde com isso? N\u00e3o tenha d\u00favida: \u00e9 o povo\u201d, critica.<\/p>\n<p>Nesse sentido, \u00e9 fundamental a redu\u00e7\u00e3o dos juros, pois, com cr\u00e9dito acess\u00edvel, desenvolve-se a for\u00e7a produtiva, a retomada da produ\u00e7\u00e3o industrial, o fortalecimento das pol\u00edticas p\u00fablicas e os investimentos sociais. Assim, \u00e9 insustent\u00e1vel a manuten\u00e7\u00e3o do conservadorismo macroecon\u00f4mico que corr\u00f3i a economia nacional.<\/p>\n<p>\u201cO Brasil se constitui literalmente no para\u00edso do rentismo, dentro de uma l\u00f3gica de que o Brasil gasta mal e que o custo da Constitui\u00e7\u00e3o n\u00e3o cabe no or\u00e7amento da Uni\u00e3o. Ent\u00e3o, a manuten\u00e7\u00e3o dessa pol\u00edtica corrobora o discurso dos que advogam interesses particulares, que se alvoro\u00e7am com o desejo de transformar os cofres p\u00fablicos em um banco para satisfazer o bolso do mercado. E v\u00e3o materializando, a partir das tomadas de posi\u00e7\u00e3o institucional, a ideia de que \u00e9 necess\u00e1rio cortar dinheiro do social, sobretudo da educa\u00e7\u00e3o, da sa\u00fade, da moradia popular, da seguran\u00e7a, e por a\u00ed vai\u201d, analisa Ara\u00fajo, ao indicar que cada ponto percentual adicional na Selic representa bilh\u00f5es de reais retirados de pol\u00edticas p\u00fablicas e transferidos ao sistema financeiro.<\/p>\n<p><strong>Leia mais: <\/strong><a href=\"https:\/\/vermelho.org.br\/2026\/04\/28\/galipolo-continua-com-a-sabotagem-de-campos-neto-diz-presidente-da-ctb\/\">Gal\u00edpolo continua com a sabotagem de Campos Neto, diz presidente da CTB<\/a><\/p>\n<p>O presidente da <strong>UGT (Uni\u00e3o Geral dos Trabalhadores)<\/strong>, Ricardo Patah, entende que a decis\u00e3o do Copom de reduzir a taxa Selic ainda mant\u00e9m os juros em um patamar inaceit\u00e1vel, muito distante do que o Brasil precisa.<\/p>\n<p>\u201cEsse patamar continua inaceit\u00e1vel, pois mant\u00e9m freado o crescimento econ\u00f4mico, dificulta investimentos e impede que o pa\u00eds avance com mais for\u00e7a. Juros elevados reduzem o consumo das fam\u00edlias, encarecem o cr\u00e9dito e afastam novos neg\u00f3cios. Quem mais sofre com isso s\u00e3o os trabalhadores, que veem diminuir as oportunidades de emprego e renda. Defendo uma pol\u00edtica de juros compat\u00edvel com a realidade nacional, capaz de estimular a produ\u00e7\u00e3o, fortalecer o mercado interno e gerar novos postos de trabalho\u201d, explica Patah.<\/p>\n<p>Por sua vez, o presidente da <strong>Central dos Sindicatos Brasileiros (CSB)<\/strong>, Antonio Neto, refor\u00e7a que, apesar da nova redu\u00e7\u00e3o, n\u00e3o h\u00e1 justificativa para a Selic estar t\u00e3o alta, o que ressalta, ainda mais, a necessidade de um projeto desenvolvimentista para o pa\u00eds.<\/p>\n<p>\u201cA redu\u00e7\u00e3o dos juros \u00e9 uma sinaliza\u00e7\u00e3o importante, mas muito insuficiente para um pa\u00eds que precisa, mais do que nunca, de um Projeto Nacional de Desenvolvimento. N\u00e3o h\u00e1 nada que justifique uma taxa de juros neste patamar t\u00e3o elevado\u201d, avalia Neto.<\/p>\n<p>A presidenta da <strong>Nova Central (NCST)<\/strong>,\u00a0S\u00f4nia Zerino, corrobora a vis\u00e3o de que os juros t\u00eam sido um obst\u00e1culo para o investimento produtivo e para os empregos formais, bem como t\u00eam sido respons\u00e1veis, em grande parte, pelo endividamento nacional.<\/p>\n<p>\u201cConsideramos insuficiente a redu\u00e7\u00e3o de 0,25 ponto percentual na taxa Selic para impulsionar a economia do pa\u00eds. O juro real permanece extremamente alto, travando o desenvolvimento nacional, dificultando o cr\u00e9dito e penalizando os trabalhadores. O sistema financeiro se mant\u00e9m com enormes lucros, enquanto a popula\u00e7\u00e3o enfrenta dificuldades para pagar suas d\u00edvidas. \u00c9 preciso continuar a luta contra as elevadas taxas de juros\u201d, convoca Zerino.<\/p>\n<p><strong>Leia mais: <\/strong><a href=\"https:\/\/vermelho.org.br\/2026\/04\/29\/copom-pisa-leve-ao-reduzir-025-e-manter-juros-em-patamar-asfixiante\/\">Copom pisa leve ao reduzir 0,25 e manter juros em patamar asfixiante<\/a><\/p>\n<p>Em nota, o presidente da <strong>For\u00e7a Sindical<\/strong>, Miguel Torres, destaca que a central considera t\u00edmida e insuficiente a decis\u00e3o do Copom, uma vez que havia espa\u00e7o para um corte mais expressivo, ao passo que o ciclo de redu\u00e7\u00e3o foi iniciado com atraso.<\/p>\n<p>\u201cA pol\u00edtica monet\u00e1ria adotada nos \u00faltimos anos produz efeitos nocivos \u00e0 economia, pois restringe investimentos, freia a produ\u00e7\u00e3o e compromete a gera\u00e7\u00e3o de empregos e renda. Juros elevados encarecem o cr\u00e9dito em todo o sistema financeiro, penalizando diretamente fam\u00edlias e empresas\u201d, diz Torres, que ainda lembra que a manuten\u00e7\u00e3o prolongada da Selic alta \u00e9 diretamente respons\u00e1vel pelo alto n\u00edvel de endividamento das fam\u00edlias.<\/p>\n<p>J\u00e1 a <strong>CUT (Central \u00danica dos Trabalhadores) <\/strong>destaca que os juros reais (j\u00e1 descontada a infla\u00e7\u00e3o) continuam entre os mais altos do mundo, o que tem gerado efeitos nocivos nos investimentos e no endividamento p\u00fablico e privado. Segundo o secret\u00e1rio de Assuntos Socioecon\u00f4micos da Contraf-CUT, Walcir Previtale, os juros altos t\u00eam sido um problema sistem\u00e1tico, potencializado pelo BC.<\/p>\n<p>\u201cApesar dos registros recentes de recordes de renda per capita e de carteiras assinadas do pa\u00eds, a popula\u00e7\u00e3o segue perdendo grande parte dos seus rendimentos para os bancos, e isso est\u00e1 ligado ao problema estrutural dos juros elevados e do cr\u00e9dito caro, apertado ainda mais com a Selic nessa pol\u00edtica monet\u00e1ria\u201d, afirma Previtale.<\/p>\n<p>O post <a href=\"https:\/\/vermelho.org.br\/2026\/04\/30\/centrais-sindicais-exigem-juros-compativeis-com-a-realidade-nacional\/\">Centrais sindicais exigem juros compat\u00edveis com a realidade nacional<\/a> apareceu primeiro em <a href=\"https:\/\/vermelho.org.br\/\">Vermelho<\/a>.<\/p>\n<!-- Begin Yuzo --><div class='yuzo_related_post style-1'  data-version='5.12.89'><!-- without result --><div class='yuzo_clearfixed yuzo__title yuzo__title'><h3>Related Post<\/h3><\/div>\n\t\t\t\t\t\t  <div class=\"relatedthumb \" style=\"width:125px;float:left;overflow:hidden;\">  \n\t\t\t\t\t\t\t  \n\t\t\t\t\t\t\t  <a  href=\"https:\/\/redept.com.br\/blogosfera\/advogado-preso-em-flagrante-por-violencia-domestica-ja-trabalhou-para-pablo-marcal\/\"  >\n\t\t\t\t\t\t\t\t\t  <div class=\"yuzo-img-wrap \" style=\"width: 125px;height:90px;\">\n\t\t\t\t\t\t\t\t\t\t\n\t\t\t\t\t\t\t\t\t\t<div class=\"yuzo-img\" style=\"background:url('https:\/\/redept.org\/blogosfera\/wp-content\/plugins\/yuzo-related-post\/assets\/images\/default.png') 50% 50% no-repeat;width: 125px;height:90px;margin-bottom: 5px;background-size: cover; \"><\/div>\n\t\t\t\t\t\t\t\t\t  <\/div>\n\t\t\t\t\t\t\t\t\t  \n\t\t\t\t\t\t\t\t   <span class=\"yuzo__text--title\" style=\"font-size:13px;\">Advogado preso em flagrante por viol\u00eancia dom\u00e9stic...<\/span>\n\t\t\t\t\t\t\t  \n\t\t\t\t\t\t\t  \n\t\t\t\t\t\t\t  <\/a>\n\n\t\t\t\t\t\t  <\/div>\n\t\t\t\t\t\t  <div class=\"relatedthumb \" style=\"width:125px;float:left;overflow:hidden;\">  \n\t\t\t\t\t\t\t  \n\t\t\t\t\t\t\t  <a  href=\"https:\/\/redept.com.br\/blogosfera\/acordo-ue-mercosul-era-ruim-ficou-pior-2\/\"  >\n\t\t\t\t\t\t\t\t\t  <div class=\"yuzo-img-wrap \" style=\"width: 125px;height:90px;\">\n\t\t\t\t\t\t\t\t\t\t\n\t\t\t\t\t\t\t\t\t\t<div class=\"yuzo-img\" style=\"background:url('https:\/\/redept.com.br\/blogosfera\/wp-content\/uploads\/2025\/12\/251218-Regressao2c-150x150.jpg') 50% 50% no-repeat;width: 125px;height:90px;margin-bottom: 5px;background-size: cover; \"><\/div>\n\t\t\t\t\t\t\t\t\t  <\/div>\n\t\t\t\t\t\t\t\t\t  \n\t\t\t\t\t\t\t\t   <span class=\"yuzo__text--title\" style=\"font-size:13px;\">Acordo UE-Mercosul: Era ruim. Ficou pior<\/span>\n\t\t\t\t\t\t\t  \n\t\t\t\t\t\t\t  \n\t\t\t\t\t\t\t  <\/a>\n\n\t\t\t\t\t\t  <\/div>\n\t\t\t\t\t\t  <div class=\"relatedthumb \" style=\"width:125px;float:left;overflow:hidden;\">  \n\t\t\t\t\t\t\t  \n\t\t\t\t\t\t\t  <a  href=\"https:\/\/redept.com.br\/blogosfera\/protestos-anti-musk-acontecem-em-frente-a-salas-de-exposicao-da-tesla\/\"  >\n\t\t\t\t\t\t\t\t\t  <div class=\"yuzo-img-wrap \" style=\"width: 125px;height:90px;\">\n\t\t\t\t\t\t\t\t\t\t\n\t\t\t\t\t\t\t\t\t\t<div class=\"yuzo-img\" style=\"background:url('https:\/\/redept.com.br\/blogosfera\/wp-content\/uploads\/2025\/03\/bafkreibtq232txj35cfjrsv52imwegpv2mj3x73romewgih2vjs4gmjr5i-150x150.jpg') 50% 50% no-repeat;width: 125px;height:90px;margin-bottom: 5px;background-size: cover; \"><\/div>\n\t\t\t\t\t\t\t\t\t  <\/div>\n\t\t\t\t\t\t\t\t\t  \n\t\t\t\t\t\t\t\t   <span class=\"yuzo__text--title\" style=\"font-size:13px;\">Protestos \u2018anti-Musk\u2019 acontecem em frente a salas ...<\/span>\n\t\t\t\t\t\t\t  \n\t\t\t\t\t\t\t  \n\t\t\t\t\t\t\t  <\/a>\n\n\t\t\t\t\t\t  <\/div>\n\t\t\t\t\t\t  <div class=\"relatedthumb \" style=\"width:125px;float:left;overflow:hidden;\">  \n\t\t\t\t\t\t\t  \n\t\t\t\t\t\t\t  <a  href=\"https:\/\/redept.com.br\/blogosfera\/moraes-vota-para-condenar-golpistas-com-agravante-para-o-lider-bolsonaro\/\"  >\n\t\t\t\t\t\t\t\t\t  <div class=\"yuzo-img-wrap \" style=\"width: 125px;height:90px;\">\n\t\t\t\t\t\t\t\t\t\t\n\t\t\t\t\t\t\t\t\t\t<div class=\"yuzo-img\" style=\"background:url('https:\/\/redept.com.br\/blogosfera\/wp-content\/uploads\/2025\/09\/julgamento-manha_Foto-Victor-Piemonte_STF-150x150.jpg') 50% 50% no-repeat;width: 125px;height:90px;margin-bottom: 5px;background-size: cover; \"><\/div>\n\t\t\t\t\t\t\t\t\t  <\/div>\n\t\t\t\t\t\t\t\t\t  \n\t\t\t\t\t\t\t\t   <span class=\"yuzo__text--title\" style=\"font-size:13px;\">Moraes vota para condenar golpistas, com agravante...<\/span>\n\t\t\t\t\t\t\t  \n\t\t\t\t\t\t\t  \n\t\t\t\t\t\t\t  <\/a>\n\n\t\t\t\t\t\t  <\/div>\n<\/div> <script>\n\t\t\t\t\t\t  jQuery(document).ready(function( $ ){\n\t\t\t\t\t\t\t\/\/jQuery('.yuzo_related_post').equalizer({ overflow : 'relatedthumb' });\n\t\t\t\t\t\t\tjQuery('.yuzo_related_post .yuzo_wraps').equalizer({ columns : '> div' });\n\t\t\t\t\t\t   })\n\t\t\t\t\t\t  <\/script> <!-- End Yuzo :) -->","protected":false},"excerpt":{"rendered":"<p>O Comit\u00ea de Pol\u00edtica Monet\u00e1ria (Copom) do Banco Central (BC), na \u00faltima quarta-feira (29), reduziu a taxa Selic em apenas 0,25 ponto percentual, levando os juros de 14,75% para 14,50% ao ano. No dia anterior, as centrais sindicais protestaram em frente \u00e0 sede do banco na Avenida Paulista, em S\u00e3o Paulo (SP), em defesa de [&hellip;]<\/p>\n","protected":false},"author":2,"featured_media":0,"comment_status":"open","ping_status":"closed","sticky":false,"template":"","format":"standard","meta":{"fifu_image_url":"","fifu_image_alt":"","footnotes":""},"categories":[279,53431,119,280,53432,282,1983,20547,124,278,53433,53434,602,53435,4392,548,2719,10164],"tags":[],"class_list":["post-85563","post","type-post","status-publish","format-standard","hentry","category-adilson-araujo","category-antonio-neto","category-banco-central","category-centrais-sindicais","category-csb","category-ctb","category-cut","category-forca-sindical","category-juros","category-movimentos","category-nova-central","category-ricardo-patah","category-selic","category-sonia-zerino","category-taxa-basica-de-juros","category-taxa-de-juros","category-taxa-selic","category-ugt"],"_links":{"self":[{"href":"https:\/\/redept.com.br\/blogosfera\/wp-json\/wp\/v2\/posts\/85563","targetHints":{"allow":["GET"]}}],"collection":[{"href":"https:\/\/redept.com.br\/blogosfera\/wp-json\/wp\/v2\/posts"}],"about":[{"href":"https:\/\/redept.com.br\/blogosfera\/wp-json\/wp\/v2\/types\/post"}],"author":[{"embeddable":true,"href":"https:\/\/redept.com.br\/blogosfera\/wp-json\/wp\/v2\/users\/2"}],"replies":[{"embeddable":true,"href":"https:\/\/redept.com.br\/blogosfera\/wp-json\/wp\/v2\/comments?post=85563"}],"version-history":[{"count":0,"href":"https:\/\/redept.com.br\/blogosfera\/wp-json\/wp\/v2\/posts\/85563\/revisions"}],"wp:attachment":[{"href":"https:\/\/redept.com.br\/blogosfera\/wp-json\/wp\/v2\/media?parent=85563"}],"wp:term":[{"taxonomy":"category","embeddable":true,"href":"https:\/\/redept.com.br\/blogosfera\/wp-json\/wp\/v2\/categories?post=85563"},{"taxonomy":"post_tag","embeddable":true,"href":"https:\/\/redept.com.br\/blogosfera\/wp-json\/wp\/v2\/tags?post=85563"}],"curies":[{"name":"wp","href":"https:\/\/api.w.org\/{rel}","templated":true}]}}