{"id":85567,"date":"2026-04-30T19:35:05","date_gmt":"2026-04-30T22:35:05","guid":{"rendered":"https:\/\/redept.com.br\/blogosfera\/dosimetria-congresso-derruba-veto-de-lula-e-abre-caminho-para-anistia-de-bolsonaro\/"},"modified":"2026-04-30T19:35:05","modified_gmt":"2026-04-30T22:35:05","slug":"dosimetria-congresso-derruba-veto-de-lula-e-abre-caminho-para-anistia-de-bolsonaro","status":"publish","type":"post","link":"https:\/\/redept.com.br\/blogosfera\/dosimetria-congresso-derruba-veto-de-lula-e-abre-caminho-para-anistia-de-bolsonaro\/","title":{"rendered":"Dosimetria: Congresso derruba veto de Lula e abre caminho para Anistia de Bolsonaro"},"content":{"rendered":"<p>Logo ap\u00f3s a tentativa de <strong><a href=\"https:\/\/fpabramo.org.br\/revista\/revista-focus\/focus-brasil-169-bolsonaro-golpe-de-estado\/\" data-type=\"revista\" data-id=\"78615\">golpe de Estado<\/a><\/strong> articulada pelo ex-presidente <strong>Jair Bolsonaro e seus aliados<\/strong>, em 8 de janeiro de 2023, a base da oposi\u00e7\u00e3o no <strong>Congresso<\/strong> imediatamente passou a articular maneiras para a redu\u00e7\u00e3o de penas de condenadas e condenados pela tentativa de golpe de Estado e pelos atos antidemocr\u00e1ticos ocorridos dias ap\u00f3s o retorno de Lula \u00e0 Presid\u00eancia.\u00a0<\/p>\n<p>O recurso usado pelos bolsonaristas par a anistia foi o<strong> Projeto de Lei 2162\/2023,<\/strong> aprovado na C\u00e2mara e no Senado em dezembro de 2025, mas vetado por Lula em janeiro de 2026. <\/p>\n<p>Ou seja, a derrubada do veto pode beneficiar o ex-presidente Jair Bolsonaro e outros envolvidos no julgamento da trama golpista, reduzindo o tempo de pris\u00e3o dos condenados.<\/p>\n<p>Agora, o PL <strong>volta para an\u00e1lise no Congresso<\/strong> para que os parlamentares das duas casas decidam<strong> se mant\u00e9m ou derrubam o veto presidencial<\/strong>. Para a rejei\u00e7\u00e3o do veto \u00e9 necess\u00e1ria a maioria absoluta dos votos de deputados e senadores, ou seja, 257 votos de deputados e 41 votos de senadores.<\/p>\n<p>Tanto para a base governista quanto para especialistas, caso o Congresso decida pela derrubada do veto, as mudan\u00e7as podem <strong>gerar problemas graves na Lei de Execu\u00e7\u00e3o Penal <\/strong>por n\u00e3o se restringirem aos condenados pelos atos golpistas.\u00a0<\/p>\n<p>As novas propostas incidem sobre todos os casos que se enquadrem no c\u00f3digo, o que inclui crimes sem nenhuma rela\u00e7\u00e3o com a tentativa de golpe.<\/p>\n<h4><strong>Alerta de impunidade<\/strong><\/h4>\n<p>O projeto de lei entra em momento decisivo sob forte debate sobre seu impacto na seguran\u00e7a p\u00fablica. A proposta pretende <strong>reduzir de 25% para 16% o tempo de cumprimento de pena <\/strong>necess\u00e1rio para que presos condenados por crimes cometidos com viol\u00eancia ou grave amea\u00e7a migrem para regimes mais brandos, como o semiaberto.<\/p>\n<p>Especialistas e parlamentares alertam que a <strong>medida atinge uma gama variada de infra\u00e7\u00f5es graves <\/strong>para al\u00e9m dos atos de 8 de janeiro. Entre os beneficiados diretos estariam condenados por coa\u00e7\u00e3o no curso do processo, inc\u00eandio doloso, resist\u00eancia contra agentes do Estado e atentados contra meios de transporte. Al\u00e9m disso, a nova regra de unifica\u00e7\u00e3o de penas pode beneficiar milicianos, integrantes do crime organizado e condenados por corrup\u00e7\u00e3o sist\u00eamica e crimes econ\u00f4micos.<\/p>\n<p>O texto tamb\u00e9m gera apreens\u00e3o devido \u00e0 <strong>falta de veda\u00e7\u00f5es expl\u00edcitas para crimes espec\u00edficos<\/strong>. Sem uma lista de exclus\u00f5es, a progress\u00e3o facilitada poderia ser aplicada a autores de crimes sexuais (em casos que n\u00e3o envolvam vulner\u00e1veis ou hediondos), atos libidinosos e crimes ambientais de grande impacto.\u00a0<\/p>\n<p>A interpreta\u00e7\u00e3o jur\u00eddica favor\u00e1vel ao r\u00e9u permitiria que delitos de alta periculosidade social, como explora\u00e7\u00e3o violenta da prostitui\u00e7\u00e3o e interfer\u00eancia violenta em licita\u00e7\u00f5es, recebam o mesmo benef\u00edcio.<\/p>\n<p>Em suma, cr\u00edticos apontam que a proposta, ao n\u00e3o listar exce\u00e7\u00f5es, pode resultar em uma redu\u00e7\u00e3o generalizada de puni\u00e7\u00f5es e no enfraquecimento do combate \u00e0 criminalidade violenta.<\/p>\n<h4>In\u00edcio das discuss\u00f5es<\/h4>\n<p>O presidente do Congresso Nacional, senador Davi Alcolumbre (Uni\u00e3o-AP), anunciou no in\u00edcio dos trabalhos nesta quinta (30), que parte do veto ao Projeto de Lei 2162\/23, o PL da Dosimetria, est\u00e1 prejudicada e n\u00e3o ser\u00e1 analisada.<\/p>\n<p>O PL da Dosimetria promove altera\u00e7\u00f5es nos incisos 4 a 10 do artigo 112 da Lei de Execu\u00e7\u00e3o Penal. Segundo Alcolumbre, esses trechos tratam da progress\u00e3o de regime e c<strong>olidem com a Lei Antifac\u00e7\u00e3o, sancionada em mar\u00e7o deste ano.<\/strong><\/p>\n<p>Para a base governista, o \u201cfatiamento\u201d proposto fere a Constitui\u00e7\u00e3o e o Regimento Comum do Congresso Nacional, j\u00e1 que a \u00fanica forma de preservar a Lei Antifac\u00e7\u00e3o \u00e9 manter o veto ao PL da Dosimetria.<\/p>\n<h4>Pontos considerados graves do PL:<\/h4>\n<p><strong>Atos contra a democracia:<\/strong> penas de crimes correlatos deixam de ser somadas e passam a ser unificadas.<\/p>\n<p><strong>Organiza\u00e7\u00f5es criminosas:<\/strong> o tempo m\u00ednimo de perman\u00eancia em regime fechado pode cair de 75% para 50%.<\/p>\n<p><strong>Crimes sexuais (n\u00e3o hediondos)<\/strong>: possibilidade de progress\u00e3o mais r\u00e1pida por falta de veda\u00e7\u00e3o expl\u00edcita no texto.<\/p>\n<p><strong>Crimes ambientais graves<\/strong>: altera\u00e7\u00e3o nos crit\u00e9rios de dosimetria que pode reduzir o tempo total de reclus\u00e3o.<\/p>\n<p><strong>Corrup\u00e7\u00e3o e peculato: <\/strong>benef\u00edcios indiretos na contagem de tempo para liberdade condicional ou semiaberto.<\/p>\n<p><strong>Mil\u00edcia privada: <\/strong>redu\u00e7\u00e3o das fra\u00e7\u00f5es necess\u00e1rias para que o detento obtenha benef\u00edcios carcer\u00e1rios.<\/p><\/p>\n<!-- Begin Yuzo --><div class='yuzo_related_post style-1'  data-version='5.12.89'><!-- without result --><div class='yuzo_clearfixed yuzo__title yuzo__title'><h3>Related Post<\/h3><\/div>\n\t\t\t\t\t\t  <div class=\"relatedthumb \" style=\"width:125px;float:left;overflow:hidden;\">  \n\t\t\t\t\t\t\t  \n\t\t\t\t\t\t\t  <a  href=\"https:\/\/redept.com.br\/blogosfera\/supremo-deve-julgar-39-novos-temas-de-repercussao-geral-em-2026-saiba-quais\/\"  >\n\t\t\t\t\t\t\t\t\t  <div class=\"yuzo-img-wrap \" style=\"width: 125px;height:90px;\">\n\t\t\t\t\t\t\t\t\t\t\n\t\t\t\t\t\t\t\t\t\t<div class=\"yuzo-img\" style=\"background:url('https:\/\/redept.org\/blogosfera\/wp-content\/plugins\/yuzo-related-post\/assets\/images\/default.png') 50% 50% no-repeat;width: 125px;height:90px;margin-bottom: 5px;background-size: cover; \"><\/div>\n\t\t\t\t\t\t\t\t\t  <\/div>\n\t\t\t\t\t\t\t\t\t  \n\t\t\t\t\t\t\t\t   <span class=\"yuzo__text--title\" style=\"font-size:13px;\">Supremo deve julgar 39 novos temas de repercuss\u00e3o ...<\/span>\n\t\t\t\t\t\t\t  \n\t\t\t\t\t\t\t  \n\t\t\t\t\t\t\t  <\/a>\n\n\t\t\t\t\t\t  <\/div>\n\t\t\t\t\t\t  <div class=\"relatedthumb \" style=\"width:125px;float:left;overflow:hidden;\">  \n\t\t\t\t\t\t\t  \n\t\t\t\t\t\t\t  <a  href=\"https:\/\/redept.com.br\/blogosfera\/china-isenta-brasileiros-de-visto-em-nova-politica-voltada-ao-sul-global\/\"  >\n\t\t\t\t\t\t\t\t\t  <div class=\"yuzo-img-wrap \" style=\"width: 125px;height:90px;\">\n\t\t\t\t\t\t\t\t\t\t\n\t\t\t\t\t\t\t\t\t\t<div class=\"yuzo-img\" style=\"background:url('https:\/\/redept.com.br\/blogosfera\/wp-content\/uploads\/2025\/05\/bbe88b1e-d1e0-423a-a1e3-98ee1438c188-150x150.jpeg') 50% 50% no-repeat;width: 125px;height:90px;margin-bottom: 5px;background-size: cover; \"><\/div>\n\t\t\t\t\t\t\t\t\t  <\/div>\n\t\t\t\t\t\t\t\t\t  \n\t\t\t\t\t\t\t\t   <span class=\"yuzo__text--title\" style=\"font-size:13px;\">China isenta brasileiros de visto em nova pol\u00edtica...<\/span>\n\t\t\t\t\t\t\t  \n\t\t\t\t\t\t\t  \n\t\t\t\t\t\t\t  <\/a>\n\n\t\t\t\t\t\t  <\/div>\n\t\t\t\t\t\t  <div class=\"relatedthumb \" style=\"width:125px;float:left;overflow:hidden;\">  \n\t\t\t\t\t\t\t  \n\t\t\t\t\t\t\t  <a  href=\"https:\/\/redept.com.br\/blogosfera\/entrevista-as-cops-estao-se-convertendo-cada-vez-mais-em-cupulas-de-negocios\/\"  >\n\t\t\t\t\t\t\t\t\t  <div class=\"yuzo-img-wrap \" style=\"width: 125px;height:90px;\">\n\t\t\t\t\t\t\t\t\t\t\n\t\t\t\t\t\t\t\t\t\t<div class=\"yuzo-img\" style=\"background:url('https:\/\/redept.com.br\/blogosfera\/wp-content\/uploads\/2025\/10\/Header2-dest-1-150x150.jpg') 50% 50% no-repeat;width: 125px;height:90px;margin-bottom: 5px;background-size: cover; \"><\/div>\n\t\t\t\t\t\t\t\t\t  <\/div>\n\t\t\t\t\t\t\t\t\t  \n\t\t\t\t\t\t\t\t   <span class=\"yuzo__text--title\" style=\"font-size:13px;\">Entrevista: \u2018As COPs est\u00e3o se convertendo cada vez...<\/span>\n\t\t\t\t\t\t\t  \n\t\t\t\t\t\t\t  \n\t\t\t\t\t\t\t  <\/a>\n\n\t\t\t\t\t\t  <\/div>\n\t\t\t\t\t\t  <div class=\"relatedthumb \" style=\"width:125px;float:left;overflow:hidden;\">  \n\t\t\t\t\t\t\t  \n\t\t\t\t\t\t\t  <a  href=\"https:\/\/redept.com.br\/blogosfera\/tst-golpeia-os-trabalhadores-ao-mudar-marco-temporal-da-reforma-trabalhista\/\"  >\n\t\t\t\t\t\t\t\t\t  <div class=\"yuzo-img-wrap \" style=\"width: 125px;height:90px;\">\n\t\t\t\t\t\t\t\t\t\t\n\t\t\t\t\t\t\t\t\t\t<div class=\"yuzo-img\" style=\"background:url('https:\/\/redept.com.br\/blogosfera\/wp-content\/uploads\/2024\/11\/Pleno-150x150.jpg') 50% 50% no-repeat;width: 125px;height:90px;margin-bottom: 5px;background-size: cover; \"><\/div>\n\t\t\t\t\t\t\t\t\t  <\/div>\n\t\t\t\t\t\t\t\t\t  \n\t\t\t\t\t\t\t\t   <span class=\"yuzo__text--title\" style=\"font-size:13px;\">TST golpeia os trabalhadores ao mudar marco tempor...<\/span>\n\t\t\t\t\t\t\t  \n\t\t\t\t\t\t\t  \n\t\t\t\t\t\t\t  <\/a>\n\n\t\t\t\t\t\t  <\/div>\n<\/div> <script>\n\t\t\t\t\t\t  jQuery(document).ready(function( $ ){\n\t\t\t\t\t\t\t\/\/jQuery('.yuzo_related_post').equalizer({ overflow : 'relatedthumb' });\n\t\t\t\t\t\t\tjQuery('.yuzo_related_post .yuzo_wraps').equalizer({ columns : '> div' });\n\t\t\t\t\t\t   })\n\t\t\t\t\t\t  <\/script> <!-- End Yuzo :) -->","protected":false},"excerpt":{"rendered":"<p>Logo ap\u00f3s a tentativa de golpe de Estado articulada pelo ex-presidente Jair Bolsonaro e seus aliados, em 8 de janeiro de 2023, a base da oposi\u00e7\u00e3o no Congresso imediatamente passou a articular maneiras para a redu\u00e7\u00e3o de penas de condenadas e condenados pela tentativa de golpe de Estado e pelos atos antidemocr\u00e1ticos ocorridos dias ap\u00f3s [&hellip;]<\/p>\n","protected":false},"author":2,"featured_media":0,"comment_status":"open","ping_status":"closed","sticky":false,"template":"","format":"standard","meta":{"fifu_image_url":"","fifu_image_alt":"","footnotes":""},"categories":[1269,1270,824,53436,8620],"tags":[],"class_list":["post-85567","post","type-post","status-publish","format-standard","hentry","category-8-de-janeiro","category-atos-golpistas","category-jair-bolsonaro","category-lei-da-dosimetria","category-noticia"],"_links":{"self":[{"href":"https:\/\/redept.com.br\/blogosfera\/wp-json\/wp\/v2\/posts\/85567","targetHints":{"allow":["GET"]}}],"collection":[{"href":"https:\/\/redept.com.br\/blogosfera\/wp-json\/wp\/v2\/posts"}],"about":[{"href":"https:\/\/redept.com.br\/blogosfera\/wp-json\/wp\/v2\/types\/post"}],"author":[{"embeddable":true,"href":"https:\/\/redept.com.br\/blogosfera\/wp-json\/wp\/v2\/users\/2"}],"replies":[{"embeddable":true,"href":"https:\/\/redept.com.br\/blogosfera\/wp-json\/wp\/v2\/comments?post=85567"}],"version-history":[{"count":0,"href":"https:\/\/redept.com.br\/blogosfera\/wp-json\/wp\/v2\/posts\/85567\/revisions"}],"wp:attachment":[{"href":"https:\/\/redept.com.br\/blogosfera\/wp-json\/wp\/v2\/media?parent=85567"}],"wp:term":[{"taxonomy":"category","embeddable":true,"href":"https:\/\/redept.com.br\/blogosfera\/wp-json\/wp\/v2\/categories?post=85567"},{"taxonomy":"post_tag","embeddable":true,"href":"https:\/\/redept.com.br\/blogosfera\/wp-json\/wp\/v2\/tags?post=85567"}],"curies":[{"name":"wp","href":"https:\/\/api.w.org\/{rel}","templated":true}]}}