{"id":85569,"date":"2026-04-30T19:27:49","date_gmt":"2026-04-30T22:27:49","guid":{"rendered":"https:\/\/redept.com.br\/blogosfera\/fim-da-escala-6x1-e-avanco-civilizatorio\/"},"modified":"2026-04-30T19:27:49","modified_gmt":"2026-04-30T22:27:49","slug":"fim-da-escala-6x1-e-avanco-civilizatorio","status":"publish","type":"post","link":"https:\/\/redept.com.br\/blogosfera\/fim-da-escala-6x1-e-avanco-civilizatorio\/","title":{"rendered":"Fim da escala 6\u00d71 \u00e9 avan\u00e7o civilizat\u00f3rio"},"content":{"rendered":"<p>Sempre que um novo direito do trabalhador entra em debate no Brasil, o mesmo roteiro se repete. Surgem vozes apressadas para espalhar medo. Dizem que a economia vai quebrar, que empregos v\u00e3o desaparecer, que o pa\u00eds n\u00e3o suporta mudan\u00e7as. E n\u00e3o \u00e9 a primeira vez que isso acontece. Quando surgiram direitos como o sal\u00e1rio m\u00ednimo, [\u2026]<\/p>\n<p><a href=\"https:\/\/www.brasildefato.com.br\/2026\/04\/30\/fim-da-escala-6x1-e-avanco-civilizatorio\/\" rel=\"nofollow\">Fonte<\/a><\/p>\n<!-- Begin Yuzo --><div class='yuzo_related_post style-1'  data-version='5.12.89'><!-- without result --><div class='yuzo_clearfixed yuzo__title yuzo__title'><h3>Related Post<\/h3><\/div>\n\t\t\t\t\t\t  <div class=\"relatedthumb \" style=\"width:125px;float:left;overflow:hidden;\">  \n\t\t\t\t\t\t\t  \n\t\t\t\t\t\t\t  <a  href=\"https:\/\/redept.com.br\/blogosfera\/104-anos-de-ruth-de-souza-a-trajetoria-de-uma-pioneira-negra\/\"  >\n\t\t\t\t\t\t\t\t\t  <div class=\"yuzo-img-wrap \" style=\"width: 125px;height:90px;\">\n\t\t\t\t\t\t\t\t\t\t\n\t\t\t\t\t\t\t\t\t\t<div class=\"yuzo-img\" style=\"background:url('https:\/\/redept.com.br\/blogosfera\/wp-content\/uploads\/2025\/05\/lossy-page1-747px-ruth_de_souza_1968tif-150x150.jpg') 50% 50% no-repeat;width: 125px;height:90px;margin-bottom: 5px;background-size: cover; \"><\/div>\n\t\t\t\t\t\t\t\t\t  <\/div>\n\t\t\t\t\t\t\t\t\t  \n\t\t\t\t\t\t\t\t   <span class=\"yuzo__text--title\" style=\"font-size:13px;\">104 anos de Ruth de Souza: a trajet\u00f3ria de uma pio...<\/span>\n\t\t\t\t\t\t\t  \n\t\t\t\t\t\t\t  \n\t\t\t\t\t\t\t  <\/a>\n\n\t\t\t\t\t\t  <\/div>\n\t\t\t\t\t\t  <div class=\"relatedthumb \" style=\"width:125px;float:left;overflow:hidden;\">  \n\t\t\t\t\t\t\t  \n\t\t\t\t\t\t\t  <a  href=\"https:\/\/redept.com.br\/blogosfera\/extrema-direita-chegou-ao-poder-no-chile-pelo-fracasso-do-que-deveria-ser-o-governo-mais-a-esquerda-desde-allende-diz-daniel-jadue\/\"  >\n\t\t\t\t\t\t\t\t\t  <div class=\"yuzo-img-wrap \" style=\"width: 125px;height:90px;\">\n\t\t\t\t\t\t\t\t\t\t\n\t\t\t\t\t\t\t\t\t\t<div class=\"yuzo-img\" style=\"background:url('https:\/\/redept.org\/blogosfera\/wp-content\/plugins\/yuzo-related-post\/assets\/images\/default.png') 50% 50% no-repeat;width: 125px;height:90px;margin-bottom: 5px;background-size: cover; \"><\/div>\n\t\t\t\t\t\t\t\t\t  <\/div>\n\t\t\t\t\t\t\t\t\t  \n\t\t\t\t\t\t\t\t   <span class=\"yuzo__text--title\" style=\"font-size:13px;\">\u2018Extrema direita chegou ao poder no Chile pelo fra...<\/span>\n\t\t\t\t\t\t\t  \n\t\t\t\t\t\t\t  \n\t\t\t\t\t\t\t  <\/a>\n\n\t\t\t\t\t\t  <\/div>\n\t\t\t\t\t\t  <div class=\"relatedthumb \" style=\"width:125px;float:left;overflow:hidden;\">  \n\t\t\t\t\t\t\t  \n\t\t\t\t\t\t\t  <a  href=\"https:\/\/redept.com.br\/blogosfera\/palantir-o-braco-digital-do-fascismo-tardio\/\"  >\n\t\t\t\t\t\t\t\t\t  <div class=\"yuzo-img-wrap \" style=\"width: 125px;height:90px;\">\n\t\t\t\t\t\t\t\t\t\t\n\t\t\t\t\t\t\t\t\t\t<div class=\"yuzo-img\" style=\"background:url('https:\/\/redept.com.br\/blogosfera\/wp-content\/uploads\/2025\/08\/Sem-titulo-3-150x150.jpeg') 50% 50% no-repeat;width: 125px;height:90px;margin-bottom: 5px;background-size: cover; \"><\/div>\n\t\t\t\t\t\t\t\t\t  <\/div>\n\t\t\t\t\t\t\t\t\t  \n\t\t\t\t\t\t\t\t   <span class=\"yuzo__text--title\" style=\"font-size:13px;\">Palantir, o bra\u00e7o digital do fascismo tardio<\/span>\n\t\t\t\t\t\t\t  \n\t\t\t\t\t\t\t  \n\t\t\t\t\t\t\t  <\/a>\n\n\t\t\t\t\t\t  <\/div>\n\t\t\t\t\t\t  <div class=\"relatedthumb \" style=\"width:125px;float:left;overflow:hidden;\">  \n\t\t\t\t\t\t\t  \n\t\t\t\t\t\t\t  <a  href=\"https:\/\/redept.com.br\/blogosfera\/brasil-de-fato-e-telesur-firmam-acordo-de-cooperacao-internacional-em-jornalismo\/\"  >\n\t\t\t\t\t\t\t\t\t  <div class=\"yuzo-img-wrap \" style=\"width: 125px;height:90px;\">\n\t\t\t\t\t\t\t\t\t\t\n\t\t\t\t\t\t\t\t\t\t<div class=\"yuzo-img\" style=\"background:url('https:\/\/redept.org\/blogosfera\/wp-content\/plugins\/yuzo-related-post\/assets\/images\/default.png') 50% 50% no-repeat;width: 125px;height:90px;margin-bottom: 5px;background-size: cover; \"><\/div>\n\t\t\t\t\t\t\t\t\t  <\/div>\n\t\t\t\t\t\t\t\t\t  \n\t\t\t\t\t\t\t\t   <span class=\"yuzo__text--title\" style=\"font-size:13px;\">Brasil de Fato e Telesur firmam acordo de coopera\u00e7...<\/span>\n\t\t\t\t\t\t\t  \n\t\t\t\t\t\t\t  \n\t\t\t\t\t\t\t  <\/a>\n\n\t\t\t\t\t\t  <\/div>\n<\/div> <script>\n\t\t\t\t\t\t  jQuery(document).ready(function( $ ){\n\t\t\t\t\t\t\t\/\/jQuery('.yuzo_related_post').equalizer({ overflow : 'relatedthumb' });\n\t\t\t\t\t\t\tjQuery('.yuzo_related_post .yuzo_wraps').equalizer({ columns : '> div' });\n\t\t\t\t\t\t   })\n\t\t\t\t\t\t  <\/script> <!-- End Yuzo :) -->","protected":false},"excerpt":{"rendered":"<p>Sempre que um novo direito do trabalhador entra em debate no Brasil, o mesmo roteiro se repete. Surgem vozes apressadas para espalhar medo. Dizem que a economia vai quebrar, que empregos v\u00e3o desaparecer, que o pa\u00eds n\u00e3o suporta mudan\u00e7as. E n\u00e3o \u00e9 a primeira vez que isso acontece. Quando surgiram direitos como o sal\u00e1rio m\u00ednimo, [&hellip;]<\/p>\n","protected":false},"author":2,"featured_media":0,"comment_status":"open","ping_status":"closed","sticky":false,"template":"","format":"standard","meta":{"fifu_image_url":"","fifu_image_alt":"","footnotes":""},"categories":[35693,43198,53443,298,1014,4835,388,27352,53444,53445,444,1679,2020,1963,2008,17,45812,53446,479,47562,153,19417,12421,6068,1976,1949,614,53447,53448,53449,4192],"tags":[],"class_list":["post-85569","post","type-post","status-publish","format-standard","hentry","category-40-horas-semanais","category-apoio-popular","category-avanco-civilizatorio","category-camara-dos-deputados","category-classe-trabalhadora","category-comissao-especial","category-congresso-nacional","category-convivencia-familiar","category-criancas-e-familia","category-desgaste-mental","category-direitos-das-mulheres","category-direitos-trabalhistas","category-dupla-jornada","category-escala-6x1","category-fim-da-escala-6x1","category-governo-lula","category-jornada-exaustiva","category-medo-economico","category-movimento-sindical","category-mulheres-trabalhadoras","category-opiniao","category-pesquisa-datafolha","category-progresso-social","category-projeto-de-lei","category-qualidade-de-vida","category-reducao-de-jornada","category-saude-mental","category-sem-reducao-de-salario","category-sobrecarga-feminina","category-tempo-para-viver","category-trabalho-digno"],"_links":{"self":[{"href":"https:\/\/redept.com.br\/blogosfera\/wp-json\/wp\/v2\/posts\/85569","targetHints":{"allow":["GET"]}}],"collection":[{"href":"https:\/\/redept.com.br\/blogosfera\/wp-json\/wp\/v2\/posts"}],"about":[{"href":"https:\/\/redept.com.br\/blogosfera\/wp-json\/wp\/v2\/types\/post"}],"author":[{"embeddable":true,"href":"https:\/\/redept.com.br\/blogosfera\/wp-json\/wp\/v2\/users\/2"}],"replies":[{"embeddable":true,"href":"https:\/\/redept.com.br\/blogosfera\/wp-json\/wp\/v2\/comments?post=85569"}],"version-history":[{"count":0,"href":"https:\/\/redept.com.br\/blogosfera\/wp-json\/wp\/v2\/posts\/85569\/revisions"}],"wp:attachment":[{"href":"https:\/\/redept.com.br\/blogosfera\/wp-json\/wp\/v2\/media?parent=85569"}],"wp:term":[{"taxonomy":"category","embeddable":true,"href":"https:\/\/redept.com.br\/blogosfera\/wp-json\/wp\/v2\/categories?post=85569"},{"taxonomy":"post_tag","embeddable":true,"href":"https:\/\/redept.com.br\/blogosfera\/wp-json\/wp\/v2\/tags?post=85569"}],"curies":[{"name":"wp","href":"https:\/\/api.w.org\/{rel}","templated":true}]}}