{"id":85573,"date":"2026-04-30T20:54:05","date_gmt":"2026-04-30T23:54:05","guid":{"rendered":"https:\/\/redept.com.br\/blogosfera\/cessar-fogo-em-gaza-e-ficticio-e-so-vamos-parar-quando-genocidio-acabar-afirma-coordenador-da-global-sumud-flotilha\/"},"modified":"2026-04-30T20:54:05","modified_gmt":"2026-04-30T23:54:05","slug":"cessar-fogo-em-gaza-e-ficticio-e-so-vamos-parar-quando-genocidio-acabar-afirma-coordenador-da-global-sumud-flotilha","status":"publish","type":"post","link":"https:\/\/redept.com.br\/blogosfera\/cessar-fogo-em-gaza-e-ficticio-e-so-vamos-parar-quando-genocidio-acabar-afirma-coordenador-da-global-sumud-flotilha\/","title":{"rendered":"\u2018Cessar-fogo em Gaza \u00e9 fict\u00edcio e s\u00f3 vamos parar quando genoc\u00eddio acabar\u2019, afirma coordenador da Global Sumud Flotilha"},"content":{"rendered":"<p>Jo\u00e3o Aguiar afirma que pelo menos 180 ativistas da flotilha foram sequestrados pelas for\u00e7as de Israel<\/p>\n<p><a href=\"https:\/\/www.brasildefato.com.br\/2026\/04\/30\/cessar-fogo-em-gaza-e-ficticio-e-so-vamos-parar-quando-genocidio-acabar-afirma-coordenador-da-global-sumud-flotilha\/\" rel=\"nofollow\">Fonte<\/a><\/p>\n<!-- Begin Yuzo --><div class='yuzo_related_post style-1'  data-version='5.12.89'><!-- without result --><div class='yuzo_clearfixed yuzo__title yuzo__title'><h3>Related Post<\/h3><\/div>\n\t\t\t\t\t\t  <div class=\"relatedthumb \" style=\"width:125px;float:left;overflow:hidden;\">  \n\t\t\t\t\t\t\t  \n\t\t\t\t\t\t\t  <a  href=\"https:\/\/redept.com.br\/blogosfera\/enquanto-asfixia-cuba-com-bloqueio-ao-petroleo-trump-forca-acordo\/\"  >\n\t\t\t\t\t\t\t\t\t  <div class=\"yuzo-img-wrap \" style=\"width: 125px;height:90px;\">\n\t\t\t\t\t\t\t\t\t\t\n\t\t\t\t\t\t\t\t\t\t<div class=\"yuzo-img\" style=\"background:url('https:\/\/redept.com.br\/blogosfera\/wp-content\/uploads\/2026\/02\/edebc9a8-1ebe-4306-b2eb-7b7c33542da1-150x150.jpg') 50% 50% no-repeat;width: 125px;height:90px;margin-bottom: 5px;background-size: cover; \"><\/div>\n\t\t\t\t\t\t\t\t\t  <\/div>\n\t\t\t\t\t\t\t\t\t  \n\t\t\t\t\t\t\t\t   <span class=\"yuzo__text--title\" style=\"font-size:13px;\">Enquanto asfixia Cuba com bloqueio ao petr\u00f3leo, Tr...<\/span>\n\t\t\t\t\t\t\t  \n\t\t\t\t\t\t\t  \n\t\t\t\t\t\t\t  <\/a>\n\n\t\t\t\t\t\t  <\/div>\n\t\t\t\t\t\t  <div class=\"relatedthumb \" style=\"width:125px;float:left;overflow:hidden;\">  \n\t\t\t\t\t\t\t  \n\t\t\t\t\t\t\t  <a  href=\"https:\/\/redept.com.br\/blogosfera\/retrospectiva-2025-ano-magico-de-joao-fonseca-no-tenis\/\"  >\n\t\t\t\t\t\t\t\t\t  <div class=\"yuzo-img-wrap \" style=\"width: 125px;height:90px;\">\n\t\t\t\t\t\t\t\t\t\t\n\t\t\t\t\t\t\t\t\t\t<div class=\"yuzo-img\" style=\"background:url('https:\/\/redept.org\/blogosfera\/wp-content\/plugins\/yuzo-related-post\/assets\/images\/default.png') 50% 50% no-repeat;width: 125px;height:90px;margin-bottom: 5px;background-size: cover; \"><\/div>\n\t\t\t\t\t\t\t\t\t  <\/div>\n\t\t\t\t\t\t\t\t\t  \n\t\t\t\t\t\t\t\t   <span class=\"yuzo__text--title\" style=\"font-size:13px;\">Retrospectiva: 2025, ano m\u00e1gico de Jo\u00e3o Fonseca no...<\/span>\n\t\t\t\t\t\t\t  \n\t\t\t\t\t\t\t  \n\t\t\t\t\t\t\t  <\/a>\n\n\t\t\t\t\t\t  <\/div>\n\t\t\t\t\t\t  <div class=\"relatedthumb \" style=\"width:125px;float:left;overflow:hidden;\">  \n\t\t\t\t\t\t\t  \n\t\t\t\t\t\t\t  <a  href=\"https:\/\/redept.com.br\/blogosfera\/tuberculose-adesao-ao-tratamento-e-medidas-de-prevencao-sao-desafios-para-reducao-de-casos\/\"  >\n\t\t\t\t\t\t\t\t\t  <div class=\"yuzo-img-wrap \" style=\"width: 125px;height:90px;\">\n\t\t\t\t\t\t\t\t\t\t\n\t\t\t\t\t\t\t\t\t\t<div class=\"yuzo-img\" style=\"background:url('https:\/\/redept.org\/blogosfera\/wp-content\/plugins\/yuzo-related-post\/assets\/images\/default.png') 50% 50% no-repeat;width: 125px;height:90px;margin-bottom: 5px;background-size: cover; \"><\/div>\n\t\t\t\t\t\t\t\t\t  <\/div>\n\t\t\t\t\t\t\t\t\t  \n\t\t\t\t\t\t\t\t   <span class=\"yuzo__text--title\" style=\"font-size:13px;\">Tuberculose: ades\u00e3o ao tratamento e medidas de pre...<\/span>\n\t\t\t\t\t\t\t  \n\t\t\t\t\t\t\t  \n\t\t\t\t\t\t\t  <\/a>\n\n\t\t\t\t\t\t  <\/div>\n\t\t\t\t\t\t  <div class=\"relatedthumb \" style=\"width:125px;float:left;overflow:hidden;\">  \n\t\t\t\t\t\t\t  \n\t\t\t\t\t\t\t  <a  href=\"https:\/\/redept.com.br\/blogosfera\/acoes-de-israel-no-libano-deslocam-667-mil-pessoas-em-uma-semana\/\"  >\n\t\t\t\t\t\t\t\t\t  <div class=\"yuzo-img-wrap \" style=\"width: 125px;height:90px;\">\n\t\t\t\t\t\t\t\t\t\t\n\t\t\t\t\t\t\t\t\t\t<div class=\"yuzo-img\" style=\"background:url('https:\/\/redept.org\/blogosfera\/wp-content\/plugins\/yuzo-related-post\/assets\/images\/default.png') 50% 50% no-repeat;width: 125px;height:90px;margin-bottom: 5px;background-size: cover; \"><\/div>\n\t\t\t\t\t\t\t\t\t  <\/div>\n\t\t\t\t\t\t\t\t\t  \n\t\t\t\t\t\t\t\t   <span class=\"yuzo__text--title\" style=\"font-size:13px;\">A\u00e7\u00f5es de Israel no L\u00edbano deslocam 667 mil pessoas...<\/span>\n\t\t\t\t\t\t\t  \n\t\t\t\t\t\t\t  \n\t\t\t\t\t\t\t  <\/a>\n\n\t\t\t\t\t\t  <\/div>\n<\/div> <script>\n\t\t\t\t\t\t  jQuery(document).ready(function( $ ){\n\t\t\t\t\t\t\t\/\/jQuery('.yuzo_related_post').equalizer({ overflow : 'relatedthumb' });\n\t\t\t\t\t\t\tjQuery('.yuzo_related_post .yuzo_wraps').equalizer({ columns : '> div' });\n\t\t\t\t\t\t   })\n\t\t\t\t\t\t  <\/script> <!-- End Yuzo :) -->","protected":false},"excerpt":{"rendered":"<p>Jo\u00e3o Aguiar afirma que pelo menos 180 ativistas da flotilha foram sequestrados pelas for\u00e7as de Israel Fonte Related Post \u2018Fake news do aborto\u2019: parlamentares do Rio tentam&#8230; Conservadores e centro-esquerda discutem coaliz\u00e3o &#8230; China desempenha papel central no acordo de cessar&#8230; EUA e bolsonaristas seguem atacando o Brasil. Gove&#8230;<\/p>\n","protected":false},"author":2,"featured_media":0,"comment_status":"open","ping_status":"closed","sticky":false,"template":"","format":"standard","meta":{"fifu_image_url":"","fifu_image_alt":"","footnotes":""},"categories":[34557,53470,4084,38213,6986,729,6773,6523,2000,3658,10180,307,402,17062,53471,52,325,40450,53472,25,518,23860,11812,17962,54,4704,626,3751,2441,53473],"tags":[],"class_list":["post-85573","post","type-post","status-publish","format-standard","hentry","category-acao-direta","category-aguas-internacionais","category-ajuda-humanitaria","category-apoio-internacional","category-ativistas","category-bloqueio","category-brasil-de-fato","category-brasileiros","category-cessar-fogo","category-conflito-israel-palestina","category-corredor-humanitario","category-direitos-humanos","category-faixa-de-gaza","category-flotilha","category-forcas-israelenses","category-gaza","category-genocidio","category-global-sumud-flotilha","category-governo-espanhol","category-israel","category-itamaraty","category-joao-aguiar","category-libertacao","category-mar-mediterraneo","category-palestina","category-radio-brasil-de-fato","category-resistencia","category-sequestro","category-sionismo","category-territorio-palestino"],"_links":{"self":[{"href":"https:\/\/redept.com.br\/blogosfera\/wp-json\/wp\/v2\/posts\/85573","targetHints":{"allow":["GET"]}}],"collection":[{"href":"https:\/\/redept.com.br\/blogosfera\/wp-json\/wp\/v2\/posts"}],"about":[{"href":"https:\/\/redept.com.br\/blogosfera\/wp-json\/wp\/v2\/types\/post"}],"author":[{"embeddable":true,"href":"https:\/\/redept.com.br\/blogosfera\/wp-json\/wp\/v2\/users\/2"}],"replies":[{"embeddable":true,"href":"https:\/\/redept.com.br\/blogosfera\/wp-json\/wp\/v2\/comments?post=85573"}],"version-history":[{"count":0,"href":"https:\/\/redept.com.br\/blogosfera\/wp-json\/wp\/v2\/posts\/85573\/revisions"}],"wp:attachment":[{"href":"https:\/\/redept.com.br\/blogosfera\/wp-json\/wp\/v2\/media?parent=85573"}],"wp:term":[{"taxonomy":"category","embeddable":true,"href":"https:\/\/redept.com.br\/blogosfera\/wp-json\/wp\/v2\/categories?post=85573"},{"taxonomy":"post_tag","embeddable":true,"href":"https:\/\/redept.com.br\/blogosfera\/wp-json\/wp\/v2\/tags?post=85573"}],"curies":[{"name":"wp","href":"https:\/\/api.w.org\/{rel}","templated":true}]}}