{"id":85584,"date":"2026-04-30T21:57:52","date_gmt":"2026-05-01T00:57:52","guid":{"rendered":"https:\/\/redept.com.br\/blogosfera\/dirigente-de-futebol-palestino-rejeita-pressao-do-presidente-da-fifa-para-cumprimentar-representante-de-israel\/"},"modified":"2026-04-30T21:57:52","modified_gmt":"2026-05-01T00:57:52","slug":"dirigente-de-futebol-palestino-rejeita-pressao-do-presidente-da-fifa-para-cumprimentar-representante-de-israel","status":"publish","type":"post","link":"https:\/\/redept.com.br\/blogosfera\/dirigente-de-futebol-palestino-rejeita-pressao-do-presidente-da-fifa-para-cumprimentar-representante-de-israel\/","title":{"rendered":"Dirigente de futebol palestino rejeita press\u00e3o do presidente da Fifa para cumprimentar representante de Israel"},"content":{"rendered":"<p>\u2018Estamos sofrendo\u2019, afirmou representante palestino, enquanto Gianni Infantino insistia em aperto de m\u00e3os com israelense<\/p>\n<p><a href=\"https:\/\/www.brasildefato.com.br\/2026\/04\/30\/dirigente-de-futebol-palestino-rejeita-pressao-do-presidente-da-fifa-para-cumprimentar-representante-de-israel\/\" rel=\"nofollow\">Fonte<\/a><\/p>\n<!-- Begin Yuzo --><div class='yuzo_related_post style-1'  data-version='5.12.89'><!-- without result --><div class='yuzo_clearfixed yuzo__title yuzo__title'><h3>Related Post<\/h3><\/div>\n\t\t\t\t\t\t  <div class=\"relatedthumb \" style=\"width:125px;float:left;overflow:hidden;\">  \n\t\t\t\t\t\t\t  \n\t\t\t\t\t\t\t  <a  href=\"https:\/\/redept.com.br\/blogosfera\/casa-da-cultura-no-recife-pe-da-inicio-a-programacao-oficinas-artisticas-gratuitas\/\"  >\n\t\t\t\t\t\t\t\t\t  <div class=\"yuzo-img-wrap \" style=\"width: 125px;height:90px;\">\n\t\t\t\t\t\t\t\t\t\t\n\t\t\t\t\t\t\t\t\t\t<div class=\"yuzo-img\" style=\"background:url('https:\/\/redept.org\/blogosfera\/wp-content\/plugins\/yuzo-related-post\/assets\/images\/default.png') 50% 50% no-repeat;width: 125px;height:90px;margin-bottom: 5px;background-size: cover; \"><\/div>\n\t\t\t\t\t\t\t\t\t  <\/div>\n\t\t\t\t\t\t\t\t\t  \n\t\t\t\t\t\t\t\t   <span class=\"yuzo__text--title\" style=\"font-size:13px;\">Casa da Cultura, no Recife (PE), d\u00e1 in\u00edcio a progr...<\/span>\n\t\t\t\t\t\t\t  \n\t\t\t\t\t\t\t  \n\t\t\t\t\t\t\t  <\/a>\n\n\t\t\t\t\t\t  <\/div>\n\t\t\t\t\t\t  <div class=\"relatedthumb \" style=\"width:125px;float:left;overflow:hidden;\">  \n\t\t\t\t\t\t\t  \n\t\t\t\t\t\t\t  <a  href=\"https:\/\/redept.com.br\/blogosfera\/sete-em-cada-dez-vereadoras-eleitas-nas-capitais-brasileiras-sao-cristas\/\"  >\n\t\t\t\t\t\t\t\t\t  <div class=\"yuzo-img-wrap \" style=\"width: 125px;height:90px;\">\n\t\t\t\t\t\t\t\t\t\t\n\t\t\t\t\t\t\t\t\t\t<div class=\"yuzo-img\" style=\"background:url('https:\/\/redept.org\/blogosfera\/wp-content\/plugins\/yuzo-related-post\/assets\/images\/default.png') 50% 50% no-repeat;width: 125px;height:90px;margin-bottom: 5px;background-size: cover; \"><\/div>\n\t\t\t\t\t\t\t\t\t  <\/div>\n\t\t\t\t\t\t\t\t\t  \n\t\t\t\t\t\t\t\t   <span class=\"yuzo__text--title\" style=\"font-size:13px;\">Sete em cada dez vereadoras eleitas nas capitais b...<\/span>\n\t\t\t\t\t\t\t  \n\t\t\t\t\t\t\t  \n\t\t\t\t\t\t\t  <\/a>\n\n\t\t\t\t\t\t  <\/div>\n\t\t\t\t\t\t  <div class=\"relatedthumb \" style=\"width:125px;float:left;overflow:hidden;\">  \n\t\t\t\t\t\t\t  \n\t\t\t\t\t\t\t  <a  href=\"https:\/\/redept.com.br\/blogosfera\/maioria-esta-fora-da-polarizacao-conservadores-extremos-desconfiam-das-instituicoes-diz-pesquisa\/\"  >\n\t\t\t\t\t\t\t\t\t  <div class=\"yuzo-img-wrap \" style=\"width: 125px;height:90px;\">\n\t\t\t\t\t\t\t\t\t\t\n\t\t\t\t\t\t\t\t\t\t<div class=\"yuzo-img\" style=\"background:url('https:\/\/redept.com.br\/blogosfera\/wp-content\/uploads\/2025\/11\/lula_e_bolsonaro_003_1-150x150.webp') 50% 50% no-repeat;width: 125px;height:90px;margin-bottom: 5px;background-size: cover; \"><\/div>\n\t\t\t\t\t\t\t\t\t  <\/div>\n\t\t\t\t\t\t\t\t\t  \n\t\t\t\t\t\t\t\t   <span class=\"yuzo__text--title\" style=\"font-size:13px;\">Maioria est\u00e1 fora da polariza\u00e7\u00e3o; conservadores ex...<\/span>\n\t\t\t\t\t\t\t  \n\t\t\t\t\t\t\t  \n\t\t\t\t\t\t\t  <\/a>\n\n\t\t\t\t\t\t  <\/div>\n\t\t\t\t\t\t  <div class=\"relatedthumb \" style=\"width:125px;float:left;overflow:hidden;\">  \n\t\t\t\t\t\t\t  \n\t\t\t\t\t\t\t  <a  href=\"https:\/\/redept.com.br\/blogosfera\/cop-a-crise-do-clima-em-foco\/\"  >\n\t\t\t\t\t\t\t\t\t  <div class=\"yuzo-img-wrap \" style=\"width: 125px;height:90px;\">\n\t\t\t\t\t\t\t\t\t\t\n\t\t\t\t\t\t\t\t\t\t<div class=\"yuzo-img\" style=\"background:url('https:\/\/redept.org\/blogosfera\/wp-content\/plugins\/yuzo-related-post\/assets\/images\/default.png') 50% 50% no-repeat;width: 125px;height:90px;margin-bottom: 5px;background-size: cover; \"><\/div>\n\t\t\t\t\t\t\t\t\t  <\/div>\n\t\t\t\t\t\t\t\t\t  \n\t\t\t\t\t\t\t\t   <span class=\"yuzo__text--title\" style=\"font-size:13px;\">COP: A crise do clima em foco<\/span>\n\t\t\t\t\t\t\t  \n\t\t\t\t\t\t\t  \n\t\t\t\t\t\t\t  <\/a>\n\n\t\t\t\t\t\t  <\/div>\n<\/div> <script>\n\t\t\t\t\t\t  jQuery(document).ready(function( $ ){\n\t\t\t\t\t\t\t\/\/jQuery('.yuzo_related_post').equalizer({ overflow : 'relatedthumb' });\n\t\t\t\t\t\t\tjQuery('.yuzo_related_post .yuzo_wraps').equalizer({ columns : '> div' });\n\t\t\t\t\t\t   })\n\t\t\t\t\t\t  <\/script> <!-- End Yuzo :) -->","protected":false},"excerpt":{"rendered":"<p>\u2018Estamos sofrendo\u2019, afirmou representante palestino, enquanto Gianni Infantino insistia em aperto de m\u00e3os com israelense Fonte Related Post Setembro amarelo: Senado aprova projetos sobre pre&#8230; Brasil e R\u00fassia consolidam parceria estrat\u00e9gica em&#8230; Com aporte bilion\u00e1rio, Trump lan\u00e7a \u2018Conselho de Pa&#8230; \u201cObjetivo \u00e9 sair do Mapa da Fome at\u00e9 2026\u201d, diz mi&#8230;<\/p>\n","protected":false},"author":2,"featured_media":0,"comment_status":"open","ping_status":"closed","sticky":false,"template":"","format":"standard","meta":{"fifu_image_url":"","fifu_image_alt":"","footnotes":""},"categories":[53505,53506,53507,34957,2292,53508,41712,53509,11800,307,53510,394,1819,53511,53512,2796,53513,43471,325,7350,53514,50,41,25,53515,267,54,53516,53517,42263,53518],"tags":[],"class_list":["post-85584","post","type-post","status-publish","format-standard","hentry","category-assentamentos-coloniais-israelenses","category-atletas-palestinianos-mortos","category-basim-sheikh-suliman","category-boicote-esportivo","category-canada","category-clubes-israelenses-em-assentamentos","category-conflito-israelo-palestino","category-congresso-da-fifa","category-copa-do-mundo-2026","category-direitos-humanos","category-esporte-e-direitos-humanos","category-estados-unidos","category-fascismo","category-federacao-israelense-de-futebol","category-federacao-palestina-de-futebol","category-fifa","category-futebol-e-genocidio","category-futebol-e-politica","category-genocidio","category-gianni-infantino","category-instalacoes-esportivas-em-gaza","category-internacional","category-ira","category-israel","category-jibril-rajoub","category-onu","category-palestina","category-protesto-na-fifa","category-recusa-de-cumprimento","category-selecao-iraniana","category-vancouver"],"_links":{"self":[{"href":"https:\/\/redept.com.br\/blogosfera\/wp-json\/wp\/v2\/posts\/85584","targetHints":{"allow":["GET"]}}],"collection":[{"href":"https:\/\/redept.com.br\/blogosfera\/wp-json\/wp\/v2\/posts"}],"about":[{"href":"https:\/\/redept.com.br\/blogosfera\/wp-json\/wp\/v2\/types\/post"}],"author":[{"embeddable":true,"href":"https:\/\/redept.com.br\/blogosfera\/wp-json\/wp\/v2\/users\/2"}],"replies":[{"embeddable":true,"href":"https:\/\/redept.com.br\/blogosfera\/wp-json\/wp\/v2\/comments?post=85584"}],"version-history":[{"count":0,"href":"https:\/\/redept.com.br\/blogosfera\/wp-json\/wp\/v2\/posts\/85584\/revisions"}],"wp:attachment":[{"href":"https:\/\/redept.com.br\/blogosfera\/wp-json\/wp\/v2\/media?parent=85584"}],"wp:term":[{"taxonomy":"category","embeddable":true,"href":"https:\/\/redept.com.br\/blogosfera\/wp-json\/wp\/v2\/categories?post=85584"},{"taxonomy":"post_tag","embeddable":true,"href":"https:\/\/redept.com.br\/blogosfera\/wp-json\/wp\/v2\/tags?post=85584"}],"curies":[{"name":"wp","href":"https:\/\/api.w.org\/{rel}","templated":true}]}}