{"id":85618,"date":"2026-05-01T03:20:11","date_gmt":"2026-05-01T06:20:11","guid":{"rendered":"https:\/\/redept.com.br\/blogosfera\/burrice-em-estado-puro-reinaldo-azevedo-detona-tese-de-malu-gaspar-sobre-moraes-ter-se-aliado-a-flavio-bolsonaro\/"},"modified":"2026-05-01T03:20:11","modified_gmt":"2026-05-01T06:20:11","slug":"burrice-em-estado-puro-reinaldo-azevedo-detona-tese-de-malu-gaspar-sobre-moraes-ter-se-aliado-a-flavio-bolsonaro","status":"publish","type":"post","link":"https:\/\/redept.com.br\/blogosfera\/burrice-em-estado-puro-reinaldo-azevedo-detona-tese-de-malu-gaspar-sobre-moraes-ter-se-aliado-a-flavio-bolsonaro\/","title":{"rendered":"\u201cBurrice em estado puro\u201d: Reinaldo Azevedo detona tese de Malu Gaspar sobre Moraes ter se aliado a Fl\u00e1vio Bolsonaro"},"content":{"rendered":"<p>O jornalista classifica como \u201cideia fixa\u201d e \u201cfantasia\u201d a narrativa da &#8220;colega&#8221; de que o ministro teria agido contra indica\u00e7\u00e3o de Jorge Messias para o STF a fim de blindar investiga\u00e7\u00f5es do Banco Master<\/p>\n<p>O post \u201cBurrice em estado puro\u201d: Reinaldo Azevedo detona tese de Malu Gaspar sobre Moraes ter se aliado a Fl\u00e1vio Bolsonaro apareceu primeiro em Urbs Magna.<\/p>\n<!-- Begin Yuzo --><div class='yuzo_related_post style-1'  data-version='5.12.89'><!-- without result --><div class='yuzo_clearfixed yuzo__title yuzo__title'><h3>Related Post<\/h3><\/div>\n\t\t\t\t\t\t  <div class=\"relatedthumb \" style=\"width:125px;float:left;overflow:hidden;\">  \n\t\t\t\t\t\t\t  \n\t\t\t\t\t\t\t  <a  href=\"https:\/\/redept.com.br\/blogosfera\/o-melhor-sistema-para-gerar-patogenos-mortais-o-agronegocio-seria-a-escolha-ideal\/\"  >\n\t\t\t\t\t\t\t\t\t  <div class=\"yuzo-img-wrap \" style=\"width: 125px;height:90px;\">\n\t\t\t\t\t\t\t\t\t\t\n\t\t\t\t\t\t\t\t\t\t<div class=\"yuzo-img\" style=\"background:url('https:\/\/redept.com.br\/blogosfera\/wp-content\/uploads\/2025\/02\/Coontra-los-agrotoxicos-Greenpeace-Argentina-150x150.jpg') 50% 50% no-repeat;width: 125px;height:90px;margin-bottom: 5px;background-size: cover; \"><\/div>\n\t\t\t\t\t\t\t\t\t  <\/div>\n\t\t\t\t\t\t\t\t\t  \n\t\t\t\t\t\t\t\t   <span class=\"yuzo__text--title\" style=\"font-size:13px;\">\u201cO melhor sistema para gerar pat\u00f3genos mortais? O ...<\/span>\n\t\t\t\t\t\t\t  \n\t\t\t\t\t\t\t  \n\t\t\t\t\t\t\t  <\/a>\n\n\t\t\t\t\t\t  <\/div>\n\t\t\t\t\t\t  <div class=\"relatedthumb \" style=\"width:125px;float:left;overflow:hidden;\">  \n\t\t\t\t\t\t\t  \n\t\t\t\t\t\t\t  <a  href=\"https:\/\/redept.com.br\/blogosfera\/deputada-dartora-pede-inclusao-do-parana-nos-debates-do-fundo-de-reparacao-racial\/\"  >\n\t\t\t\t\t\t\t\t\t  <div class=\"yuzo-img-wrap \" style=\"width: 125px;height:90px;\">\n\t\t\t\t\t\t\t\t\t\t\n\t\t\t\t\t\t\t\t\t\t<div class=\"yuzo-img\" style=\"background:url('https:\/\/redept.org\/blogosfera\/wp-content\/plugins\/yuzo-related-post\/assets\/images\/default.png') 50% 50% no-repeat;width: 125px;height:90px;margin-bottom: 5px;background-size: cover; \"><\/div>\n\t\t\t\t\t\t\t\t\t  <\/div>\n\t\t\t\t\t\t\t\t\t  \n\t\t\t\t\t\t\t\t   <span class=\"yuzo__text--title\" style=\"font-size:13px;\">Deputada Dartora pede inclus\u00e3o do Paran\u00e1 nos debat...<\/span>\n\t\t\t\t\t\t\t  \n\t\t\t\t\t\t\t  \n\t\t\t\t\t\t\t  <\/a>\n\n\t\t\t\t\t\t  <\/div>\n\t\t\t\t\t\t  <div class=\"relatedthumb \" style=\"width:125px;float:left;overflow:hidden;\">  \n\t\t\t\t\t\t\t  \n\t\t\t\t\t\t\t  <a  href=\"https:\/\/redept.com.br\/blogosfera\/crianca-que-caiu-em-canion-em-cambara-foi-localizada-diz-corpo-de-bombeiros\/\"  >\n\t\t\t\t\t\t\t\t\t  <div class=\"yuzo-img-wrap \" style=\"width: 125px;height:90px;\">\n\t\t\t\t\t\t\t\t\t\t\n\t\t\t\t\t\t\t\t\t\t<div class=\"yuzo-img\" style=\"background:url('https:\/\/redept.org\/blogosfera\/wp-content\/plugins\/yuzo-related-post\/assets\/images\/default.png') 50% 50% no-repeat;width: 125px;height:90px;margin-bottom: 5px;background-size: cover; \"><\/div>\n\t\t\t\t\t\t\t\t\t  <\/div>\n\t\t\t\t\t\t\t\t\t  \n\t\t\t\t\t\t\t\t   <span class=\"yuzo__text--title\" style=\"font-size:13px;\">Crian\u00e7a que caiu em c\u00e2nion em Cambar\u00e1 foi localiza...<\/span>\n\t\t\t\t\t\t\t  \n\t\t\t\t\t\t\t  \n\t\t\t\t\t\t\t  <\/a>\n\n\t\t\t\t\t\t  <\/div>\n\t\t\t\t\t\t  <div class=\"relatedthumb \" style=\"width:125px;float:left;overflow:hidden;\">  \n\t\t\t\t\t\t\t  \n\t\t\t\t\t\t\t  <a  href=\"https:\/\/redept.com.br\/blogosfera\/lula-antecipa-mensagem-de-natal-pronunciamento-vai-ao-ar-nesta-segunda-23\/\"  >\n\t\t\t\t\t\t\t\t\t  <div class=\"yuzo-img-wrap \" style=\"width: 125px;height:90px;\">\n\t\t\t\t\t\t\t\t\t\t\n\t\t\t\t\t\t\t\t\t\t<div class=\"yuzo-img\" style=\"background:url('https:\/\/redept.com.br\/blogosfera\/wp-content\/uploads\/2024\/12\/lula-faz-pronunciamento-de-Natal-foto-ricardo-stuckert-150x150.png') 50% 50% no-repeat;width: 125px;height:90px;margin-bottom: 5px;background-size: cover; \"><\/div>\n\t\t\t\t\t\t\t\t\t  <\/div>\n\t\t\t\t\t\t\t\t\t  \n\t\t\t\t\t\t\t\t   <span class=\"yuzo__text--title\" style=\"font-size:13px;\">Lula antecipa mensagem de Natal; pronunciamento va...<\/span>\n\t\t\t\t\t\t\t  \n\t\t\t\t\t\t\t  \n\t\t\t\t\t\t\t  <\/a>\n\n\t\t\t\t\t\t  <\/div>\n<\/div> <script>\n\t\t\t\t\t\t  jQuery(document).ready(function( $ ){\n\t\t\t\t\t\t\t\/\/jQuery('.yuzo_related_post').equalizer({ overflow : 'relatedthumb' });\n\t\t\t\t\t\t\tjQuery('.yuzo_related_post .yuzo_wraps').equalizer({ columns : '> div' });\n\t\t\t\t\t\t   })\n\t\t\t\t\t\t  <\/script> <!-- End Yuzo :) -->","protected":false},"excerpt":{"rendered":"<p>O jornalista classifica como \u201cideia fixa\u201d e \u201cfantasia\u201d a narrativa da &#8220;colega&#8221; de que o ministro teria agido contra indica\u00e7\u00e3o de Jorge Messias para o STF a fim de blindar investiga\u00e7\u00f5es do Banco Master<\/p>\n<p>O post <a rel=\"nofollow\" href=\"https:\/\/urbsmagna.com\/azevedo-detona-malu-gaspar-moraes-master\/\">\u201cBurrice em estado puro\u201d: Reinaldo Azevedo detona tese de Malu Gaspar sobre Moraes ter se aliado a Fl\u00e1vio Bolsonaro<\/a> apareceu primeiro em <a rel=\"nofollow\" href=\"https:\/\/urbsmagna.com\/\">Urbs Magna<\/a>.<\/p>\n","protected":false},"author":2,"featured_media":0,"comment_status":"open","ping_status":"closed","sticky":false,"template":"","format":"standard","meta":{"fifu_image_url":"","fifu_image_alt":"","footnotes":""},"categories":[1261,10166,17810,45,53555,30544,3324,47241,2427,2966,1726,2366,288,32564,353,191,153,132,5471,13894,531,260,7236,12623,53556],"tags":[],"class_list":["post-85618","post","type-post","status-publish","format-standard","hentry","category-alexandre-de-moraes","category-andre-mendonca","category-banco-master","category-brasil","category-casablanca","category-daniel-vorcaro","category-davi-alcolumbre","category-dialetica","category-flavio-bolsonaro","category-impeachment","category-jorge-messias","category-jornalismo","category-justica","category-malu-gaspar","category-midia","category-noticias","category-opiniao","category-politica","category-politica-nacional","category-reinaldo-azevedo","category-senado","category-stf","category-supremo-tribunal-federal","category-supremo-tribunal-federal-stf","category-umberto-eco"],"_links":{"self":[{"href":"https:\/\/redept.com.br\/blogosfera\/wp-json\/wp\/v2\/posts\/85618","targetHints":{"allow":["GET"]}}],"collection":[{"href":"https:\/\/redept.com.br\/blogosfera\/wp-json\/wp\/v2\/posts"}],"about":[{"href":"https:\/\/redept.com.br\/blogosfera\/wp-json\/wp\/v2\/types\/post"}],"author":[{"embeddable":true,"href":"https:\/\/redept.com.br\/blogosfera\/wp-json\/wp\/v2\/users\/2"}],"replies":[{"embeddable":true,"href":"https:\/\/redept.com.br\/blogosfera\/wp-json\/wp\/v2\/comments?post=85618"}],"version-history":[{"count":0,"href":"https:\/\/redept.com.br\/blogosfera\/wp-json\/wp\/v2\/posts\/85618\/revisions"}],"wp:attachment":[{"href":"https:\/\/redept.com.br\/blogosfera\/wp-json\/wp\/v2\/media?parent=85618"}],"wp:term":[{"taxonomy":"category","embeddable":true,"href":"https:\/\/redept.com.br\/blogosfera\/wp-json\/wp\/v2\/categories?post=85618"},{"taxonomy":"post_tag","embeddable":true,"href":"https:\/\/redept.com.br\/blogosfera\/wp-json\/wp\/v2\/tags?post=85618"}],"curies":[{"name":"wp","href":"https:\/\/api.w.org\/{rel}","templated":true}]}}