{"id":85619,"date":"2026-05-01T05:02:38","date_gmt":"2026-05-01T08:02:38","guid":{"rendered":"https:\/\/redept.com.br\/blogosfera\/movimento-olga-ocupa-imovel-abandonado-em-londrina-para-criar-centro-de-referencia-para-as-mulheres\/"},"modified":"2026-05-01T05:02:38","modified_gmt":"2026-05-01T08:02:38","slug":"movimento-olga-ocupa-imovel-abandonado-em-londrina-para-criar-centro-de-referencia-para-as-mulheres","status":"publish","type":"post","link":"https:\/\/redept.com.br\/blogosfera\/movimento-olga-ocupa-imovel-abandonado-em-londrina-para-criar-centro-de-referencia-para-as-mulheres\/","title":{"rendered":"Movimento Olga ocupa im\u00f3vel abandonado em Londrina para criar Centro de Refer\u00eancia para as mulheres"},"content":{"rendered":"<p><strong>Inaugurada no Dia Internacinal da Classe Trabalhadora, a Ocupa\u00e7\u00e3o Margarida Maria Alves \u00e9 a 1\u00aa na cidade de Londrina e \u00e9 a 47\u00aa ocupa\u00e7\u00e3o do Movimento de Mulheres Olga Benario em todo o pa\u00eds.\u00a0<\/strong><\/p>\n<p><strong>Tayn\u00e1 Miessa | Reda\u00e7\u00e3o Paran\u00e1<\/strong><\/p>\n<hr>\n<p>MULHERES \u2013 <span>O Movimento Olga Benario realizou a primeira ocupa\u00e7\u00e3o de mulheres na cidade, a Ocupa\u00e7\u00e3o Maria Margarida Alves. A casa de refer\u00eancia \u00e9 localizada no centro da cidade, localizada na rua Bel\u00e9m, e atrav\u00e9s de uma rede de volunt\u00e1rias pretende atender mulheres em situa\u00e7\u00e3o de viol\u00eancia de toda a regi\u00e3o.<\/span><\/p>\n<p><span>A Casa Margarida Maria Alves foi organizada em um espa\u00e7o abandonado desde 2021 e que n\u00e3o cumpria fun\u00e7\u00e3o social desde a realoca\u00e7\u00e3o do Conselho Tutelar,sob a justificativa de furtos e den\u00fancias de inseguran\u00e7a das trabalhadoras.\u00a0 Ap\u00f3s o abandono, a inseguran\u00e7a no territ\u00f3rio se agravou, se tornando um ponto de prostitui\u00e7\u00e3o.<\/span><\/p>\n<p><span>Londrina \u00e9 a segunda maior cidade do estado do Paran\u00e1, e concentra uma quantidade grande de casos de viol\u00eancia de g\u00eanero: mais de 3000 casos no ano de 2025. Contudo, a cidade hoje possui apenas uma Delegacia da Mulher que atende somente em hor\u00e1rio comercial, de segunda a sexta. Para Jennifer Selles, coordenadora do movimento, <em>\u201cesse descaso \u00e9 grave, j\u00e1 que a maiorias dos casos de viol\u00eancia acontecem no final de semana e as mulheres n\u00e3o conseguem ter o atendimento especializado que fa\u00e7a o acolhimento\u201d<\/em>.<\/span><\/p>\n<p><span>Inaugurada no dia 1\u00ba de Maio, Dia Internacional da Classe trabalhadora, a ocupa\u00e7\u00e3o reafirma o car\u00e1ter de luta do dia e refor\u00e7a que as mulheres s\u00e3o ponta de lan\u00e7a na luta pela liberta\u00e7\u00e3o de nosso povo e na constru\u00e7\u00e3o da sociedade socialista.\u00a0<\/span><\/p>\n<p><b>\u201c\u00c9 melhor morrer na luta do que morrer de fome!\u201d<\/b><\/p>\n<figure aria-describedby=\"caption-attachment-61531\"><img fetchpriority=\"high\" fetchpriority=\"high\" decoding=\"async\"src=\"https:\/\/redept.com.br\/blogosfera\/wp-content\/uploads\/2026\/05\/margarida_alves.jpg\" alt=\"\" width=\"309\" height=\"350\" srcset=\"https:\/\/averdade.org.br\/wp-content\/uploads\/2026\/05\/margarida_alves-309x350.jpg 309w, https:\/\/averdade.org.br\/wp-content\/uploads\/2026\/05\/margarida_alves-221x250.jpg 221w, https:\/\/averdade.org.br\/wp-content\/uploads\/2026\/05\/margarida_alves-150x170.jpg 150w, https:\/\/averdade.org.br\/wp-content\/uploads\/2026\/05\/margarida_alves-300x340.jpg 300w, https:\/\/redept.com.br\/blogosfera\/wp-content\/uploads\/2026\/05\/margarida_alves.jpg 452w\" sizes=\"(max-width: 309px) 100vw, 309px\"><figcaption>Margarida Maria Alves \u00e9 refer\u00eancia na luta sindical do pa\u00eds. Fonte: Comiss\u00e3o Patoral da Terra.<\/figcaption><\/figure>\n<p><span>Margarida Maria Alves, l\u00edder sindical do Sindicato dos Trabalhadores Rurais de Alagoa Grande, foi grande exemplo de luta e enfrentamento aos patr\u00f5es! \u201cE voc\u00eas fiquem certos de que n\u00e3o fugimos da luta. \u00c9 mais f\u00e1cil saber que tombamos do que dizer que n\u00f3s corremos\u201d eram palavras recorrentes de Margarida. No 1\u00ba de Maio de 1983, em seu discurso disse \u201c\u00c9 melhor morrer na luta do que de fome\u201d, o que demonstra sua atitude aguerrida na luta pelos direitos da nossa classe. No dia 12 de Agosto de 1983 Margarida foi covardemente assassinada na frente de seu esposo e filho, essa data \u00e9 lembrada com luta pela Marcha das Margaridas onde seu legado de luta \u00e9 lembrado com a mobiliza\u00e7\u00e3o das mulheres da luta camponesa!\u00a0<\/span><\/p>\n<p><em><span>\u201cA ocupa\u00e7\u00e3o tamb\u00e9m honra a mem\u00f3ria da vida de Bruna Danielle, m\u00e3e e trabalhadora que foi v\u00edtima de feminic\u00eddio na cidade de Guaratuba, litoral parananense, no in\u00edcio do ano. Bruna trabalhava em 3 empregos para poder sustentar sua fam\u00edlia e dedicamos essa casa em seu nome para que transformemos o luto em luta, as ocupa\u00e7\u00f5es do Movimento Olga s\u00e3o alternativas populares de enfrentamento \u00e0 viol\u00eancia contra a mulher e espa\u00e7o de organiza\u00e7\u00e3o das mulheres trabalhadoras na cidade!\u201d<\/span><\/em><\/p>\n<!-- Begin Yuzo --><div class='yuzo_related_post style-1'  data-version='5.12.89'><!-- without result --><div class='yuzo_clearfixed yuzo__title yuzo__title'><h3>Related Post<\/h3><\/div>\n\t\t\t\t\t\t  <div class=\"relatedthumb \" style=\"width:125px;float:left;overflow:hidden;\">  \n\t\t\t\t\t\t\t  \n\t\t\t\t\t\t\t  <a  href=\"https:\/\/redept.com.br\/blogosfera\/as-bruxas-do-seculo-xxi\/\"  >\n\t\t\t\t\t\t\t\t\t  <div class=\"yuzo-img-wrap \" style=\"width: 125px;height:90px;\">\n\t\t\t\t\t\t\t\t\t\t\n\t\t\t\t\t\t\t\t\t\t<div class=\"yuzo-img\" style=\"background:url('https:\/\/redept.com.br\/blogosfera\/wp-content\/uploads\/2026\/03\/povo-Huni-Kui-Centro-Huwa-Karu-Yuxibu-Fotos-Denisa-Starbova-scaled-1-150x150.jpg') 50% 50% no-repeat;width: 125px;height:90px;margin-bottom: 5px;background-size: cover; \"><\/div>\n\t\t\t\t\t\t\t\t\t  <\/div>\n\t\t\t\t\t\t\t\t\t  \n\t\t\t\t\t\t\t\t   <span class=\"yuzo__text--title\" style=\"font-size:13px;\">As bruxas do s\u00e9culo XXI<\/span>\n\t\t\t\t\t\t\t  \n\t\t\t\t\t\t\t  \n\t\t\t\t\t\t\t  <\/a>\n\n\t\t\t\t\t\t  <\/div>\n\t\t\t\t\t\t  <div class=\"relatedthumb \" style=\"width:125px;float:left;overflow:hidden;\">  \n\t\t\t\t\t\t\t  \n\t\t\t\t\t\t\t  <a  href=\"https:\/\/redept.com.br\/blogosfera\/israel-prende-procuradora-que-revelou-estupro-coletivo-cometido-por-soldados-contra-refem-palestino\/\"  >\n\t\t\t\t\t\t\t\t\t  <div class=\"yuzo-img-wrap \" style=\"width: 125px;height:90px;\">\n\t\t\t\t\t\t\t\t\t\t\n\t\t\t\t\t\t\t\t\t\t<div class=\"yuzo-img\" style=\"background:url('https:\/\/redept.com.br\/blogosfera\/wp-content\/uploads\/2025\/11\/yifat-150x150.jpg') 50% 50% no-repeat;width: 125px;height:90px;margin-bottom: 5px;background-size: cover; \"><\/div>\n\t\t\t\t\t\t\t\t\t  <\/div>\n\t\t\t\t\t\t\t\t\t  \n\t\t\t\t\t\t\t\t   <span class=\"yuzo__text--title\" style=\"font-size:13px;\">Israel prende procuradora que revelou estupro cole...<\/span>\n\t\t\t\t\t\t\t  \n\t\t\t\t\t\t\t  \n\t\t\t\t\t\t\t  <\/a>\n\n\t\t\t\t\t\t  <\/div>\n\t\t\t\t\t\t  <div class=\"relatedthumb \" style=\"width:125px;float:left;overflow:hidden;\">  \n\t\t\t\t\t\t\t  \n\t\t\t\t\t\t\t  <a  href=\"https:\/\/redept.com.br\/blogosfera\/2-de-maio-mst-e-inimigos-do-batente-celebram-o-dia-do-trabalhador\/\"  >\n\t\t\t\t\t\t\t\t\t  <div class=\"yuzo-img-wrap \" style=\"width: 125px;height:90px;\">\n\t\t\t\t\t\t\t\t\t\t\n\t\t\t\t\t\t\t\t\t\t<div class=\"yuzo-img\" style=\"background:url('https:\/\/redept.com.br\/blogosfera\/wp-content\/uploads\/2026\/04\/Osambadaminhaterra2_maio-1-150x150.jpeg') 50% 50% no-repeat;width: 125px;height:90px;margin-bottom: 5px;background-size: cover; \"><\/div>\n\t\t\t\t\t\t\t\t\t  <\/div>\n\t\t\t\t\t\t\t\t\t  \n\t\t\t\t\t\t\t\t   <span class=\"yuzo__text--title\" style=\"font-size:13px;\">2 de maio | MST e Inimigos do Batente celebram o D...<\/span>\n\t\t\t\t\t\t\t  \n\t\t\t\t\t\t\t  \n\t\t\t\t\t\t\t  <\/a>\n\n\t\t\t\t\t\t  <\/div>\n\t\t\t\t\t\t  <div class=\"relatedthumb \" style=\"width:125px;float:left;overflow:hidden;\">  \n\t\t\t\t\t\t\t  \n\t\t\t\t\t\t\t  <a  href=\"https:\/\/redept.com.br\/blogosfera\/nova-pec-da-seguranca-explicita-autonomia-dos-estados-e-papel-das-policias\/\"  >\n\t\t\t\t\t\t\t\t\t  <div class=\"yuzo-img-wrap \" style=\"width: 125px;height:90px;\">\n\t\t\t\t\t\t\t\t\t\t\n\t\t\t\t\t\t\t\t\t\t<div class=\"yuzo-img\" style=\"background:url('https:\/\/redept.com.br\/blogosfera\/wp-content\/uploads\/2025\/01\/ok-lewandowski_Foto-Jamile-Ferraris-MJSP-150x150.jpg') 50% 50% no-repeat;width: 125px;height:90px;margin-bottom: 5px;background-size: cover; \"><\/div>\n\t\t\t\t\t\t\t\t\t  <\/div>\n\t\t\t\t\t\t\t\t\t  \n\t\t\t\t\t\t\t\t   <span class=\"yuzo__text--title\" style=\"font-size:13px;\">Nova PEC da Seguran\u00e7a explicita autonomia dos esta...<\/span>\n\t\t\t\t\t\t\t  \n\t\t\t\t\t\t\t  \n\t\t\t\t\t\t\t  <\/a>\n\n\t\t\t\t\t\t  <\/div>\n<\/div> <script>\n\t\t\t\t\t\t  jQuery(document).ready(function( $ ){\n\t\t\t\t\t\t\t\/\/jQuery('.yuzo_related_post').equalizer({ overflow : 'relatedthumb' });\n\t\t\t\t\t\t\tjQuery('.yuzo_related_post .yuzo_wraps').equalizer({ columns : '> div' });\n\t\t\t\t\t\t   })\n\t\t\t\t\t\t  <\/script> <!-- End Yuzo :) -->","protected":false},"excerpt":{"rendered":"<p>Inaugurada no Dia Internacinal da Classe Trabalhadora, a Ocupa\u00e7\u00e3o Margarida Maria Alves \u00e9 a 1\u00aa na cidade de Londrina e \u00e9 a 47\u00aa ocupa\u00e7\u00e3o do Movimento de Mulheres Olga Benario em todo o pa\u00eds.\u00a0 Tayn\u00e1 Miessa | Reda\u00e7\u00e3o Paran\u00e1 MULHERES \u2013 O Movimento Olga Benario realizou a primeira ocupa\u00e7\u00e3o de mulheres na cidade, a Ocupa\u00e7\u00e3o [\u2026]<\/p>\n","protected":false},"author":2,"featured_media":85620,"comment_status":"open","ping_status":"closed","sticky":false,"template":"","format":"standard","meta":{"fifu_image_url":"","fifu_image_alt":"","footnotes":""},"categories":[45,959,1088,28653,369,82,319,1371,497],"tags":[],"class_list":["post-85619","post","type-post","status-publish","format-standard","has-post-thumbnail","hentry","category-brasil","category-curitiba","category-feminicidio","category-londrina","category-movimento-de-mulheres-olga-benario","category-mulheres","category-parana","category-sindicalismo","category-trabalhador-unido"],"_links":{"self":[{"href":"https:\/\/redept.com.br\/blogosfera\/wp-json\/wp\/v2\/posts\/85619","targetHints":{"allow":["GET"]}}],"collection":[{"href":"https:\/\/redept.com.br\/blogosfera\/wp-json\/wp\/v2\/posts"}],"about":[{"href":"https:\/\/redept.com.br\/blogosfera\/wp-json\/wp\/v2\/types\/post"}],"author":[{"embeddable":true,"href":"https:\/\/redept.com.br\/blogosfera\/wp-json\/wp\/v2\/users\/2"}],"replies":[{"embeddable":true,"href":"https:\/\/redept.com.br\/blogosfera\/wp-json\/wp\/v2\/comments?post=85619"}],"version-history":[{"count":0,"href":"https:\/\/redept.com.br\/blogosfera\/wp-json\/wp\/v2\/posts\/85619\/revisions"}],"wp:featuredmedia":[{"embeddable":true,"href":"https:\/\/redept.com.br\/blogosfera\/wp-json\/wp\/v2\/media\/85620"}],"wp:attachment":[{"href":"https:\/\/redept.com.br\/blogosfera\/wp-json\/wp\/v2\/media?parent=85619"}],"wp:term":[{"taxonomy":"category","embeddable":true,"href":"https:\/\/redept.com.br\/blogosfera\/wp-json\/wp\/v2\/categories?post=85619"},{"taxonomy":"post_tag","embeddable":true,"href":"https:\/\/redept.com.br\/blogosfera\/wp-json\/wp\/v2\/tags?post=85619"}],"curies":[{"name":"wp","href":"https:\/\/api.w.org\/{rel}","templated":true}]}}