{"id":85623,"date":"2026-05-01T06:00:00","date_gmt":"2026-05-01T09:00:00","guid":{"rendered":"https:\/\/redept.com.br\/blogosfera\/fim-da-escala-6x1-revive-disputas-historicas-da-classe-trabalhadora-a-luta-pelo-tempo-e-central-no-capitalismo\/"},"modified":"2026-05-01T06:00:00","modified_gmt":"2026-05-01T09:00:00","slug":"fim-da-escala-6x1-revive-disputas-historicas-da-classe-trabalhadora-a-luta-pelo-tempo-e-central-no-capitalismo","status":"publish","type":"post","link":"https:\/\/redept.com.br\/blogosfera\/fim-da-escala-6x1-revive-disputas-historicas-da-classe-trabalhadora-a-luta-pelo-tempo-e-central-no-capitalismo\/","title":{"rendered":"Fim da escala 6\u00d71 revive disputas hist\u00f3ricas da classe trabalhadora: \u2018A luta pelo tempo \u00e9 central no capitalismo\u2019"},"content":{"rendered":"<p>O debate sobre o fim da escala 6\u00d71 entrou em nova fase na C\u00e2mara dos Deputados, mantendo a disputa em torno da jornada de trabalho no centro da agenda pol\u00edtica. Ap\u00f3s a Comiss\u00e3o de Constitui\u00e7\u00e3o e Justi\u00e7a (CCJ) aprovar a admissibilidade de propostas que reduzem a jornada semanal, o tema segue para uma comiss\u00e3o especial [\u2026]<\/p>\n<p><a href=\"https:\/\/www.brasildefato.com.br\/2026\/05\/01\/fim-da-escala-6x1-revive-disputas-historicas-da-classe-trabalhadora-a-luta-pelo-tempo-e-central-no-capitalismo\/\" rel=\"nofollow\">Fonte<\/a><\/p>\n<!-- Begin Yuzo --><div class='yuzo_related_post style-1'  data-version='5.12.89'><!-- without result --><div class='yuzo_clearfixed yuzo__title yuzo__title'><h3>Related Post<\/h3><\/div>\n\t\t\t\t\t\t  <div class=\"relatedthumb \" style=\"width:125px;float:left;overflow:hidden;\">  \n\t\t\t\t\t\t\t  \n\t\t\t\t\t\t\t  <a  href=\"https:\/\/redept.com.br\/blogosfera\/1o-de-maio-no-brasil-historia-de-lutas-conquistas-e-resistencia-da-classe-trabalhadora\/\"  >\n\t\t\t\t\t\t\t\t\t  <div class=\"yuzo-img-wrap \" style=\"width: 125px;height:90px;\">\n\t\t\t\t\t\t\t\t\t\t\n\t\t\t\t\t\t\t\t\t\t<div class=\"yuzo-img\" style=\"background:url('https:\/\/redept.com.br\/blogosfera\/wp-content\/uploads\/2025\/04\/lei-1o-de-maio-150x150.jpg') 50% 50% no-repeat;width: 125px;height:90px;margin-bottom: 5px;background-size: cover; \"><\/div>\n\t\t\t\t\t\t\t\t\t  <\/div>\n\t\t\t\t\t\t\t\t\t  \n\t\t\t\t\t\t\t\t   <span class=\"yuzo__text--title\" style=\"font-size:13px;\">1\u00ba de Maio no Brasil: hist\u00f3ria de lutas, conquista...<\/span>\n\t\t\t\t\t\t\t  \n\t\t\t\t\t\t\t  \n\t\t\t\t\t\t\t  <\/a>\n\n\t\t\t\t\t\t  <\/div>\n\t\t\t\t\t\t  <div class=\"relatedthumb \" style=\"width:125px;float:left;overflow:hidden;\">  \n\t\t\t\t\t\t\t  \n\t\t\t\t\t\t\t  <a  href=\"https:\/\/redept.com.br\/blogosfera\/congresso-inimigo-do-povo-ressurge-apos-atuacao-contra-messias-vamos-renovar-e-votar-pt-de-cabo-a-rabo-ta-nas-redes\/\"  >\n\t\t\t\t\t\t\t\t\t  <div class=\"yuzo-img-wrap \" style=\"width: 125px;height:90px;\">\n\t\t\t\t\t\t\t\t\t\t\n\t\t\t\t\t\t\t\t\t\t<div class=\"yuzo-img\" style=\"background:url('https:\/\/redept.org\/blogosfera\/wp-content\/plugins\/yuzo-related-post\/assets\/images\/default.png') 50% 50% no-repeat;width: 125px;height:90px;margin-bottom: 5px;background-size: cover; \"><\/div>\n\t\t\t\t\t\t\t\t\t  <\/div>\n\t\t\t\t\t\t\t\t\t  \n\t\t\t\t\t\t\t\t   <span class=\"yuzo__text--title\" style=\"font-size:13px;\">\u201cCongresso Inimigo do Povo\u201d ressurge ap\u00f3s atua\u00e7\u00e3o ...<\/span>\n\t\t\t\t\t\t\t  \n\t\t\t\t\t\t\t  \n\t\t\t\t\t\t\t  <\/a>\n\n\t\t\t\t\t\t  <\/div>\n\t\t\t\t\t\t  <div class=\"relatedthumb \" style=\"width:125px;float:left;overflow:hidden;\">  \n\t\t\t\t\t\t\t  \n\t\t\t\t\t\t\t  <a  href=\"https:\/\/redept.com.br\/blogosfera\/seminario-em-manaus-am-discutira-cop-30-e-o-desenvolvimento-da-amazonia\/\"  >\n\t\t\t\t\t\t\t\t\t  <div class=\"yuzo-img-wrap \" style=\"width: 125px;height:90px;\">\n\t\t\t\t\t\t\t\t\t\t\n\t\t\t\t\t\t\t\t\t\t<div class=\"yuzo-img\" style=\"background:url('https:\/\/redept.org\/blogosfera\/wp-content\/plugins\/yuzo-related-post\/assets\/images\/default.png') 50% 50% no-repeat;width: 125px;height:90px;margin-bottom: 5px;background-size: cover; \"><\/div>\n\t\t\t\t\t\t\t\t\t  <\/div>\n\t\t\t\t\t\t\t\t\t  \n\t\t\t\t\t\t\t\t   <span class=\"yuzo__text--title\" style=\"font-size:13px;\">Semin\u00e1rio em Manaus (AM) discutir\u00e1 COP 30 e o dese...<\/span>\n\t\t\t\t\t\t\t  \n\t\t\t\t\t\t\t  \n\t\t\t\t\t\t\t  <\/a>\n\n\t\t\t\t\t\t  <\/div>\n\t\t\t\t\t\t  <div class=\"relatedthumb \" style=\"width:125px;float:left;overflow:hidden;\">  \n\t\t\t\t\t\t\t  \n\t\t\t\t\t\t\t  <a  href=\"https:\/\/redept.com.br\/blogosfera\/eleicoes-gerais-em-cingapura-dao-ampla-vantagem-ao-partido-governista\/\"  >\n\t\t\t\t\t\t\t\t\t  <div class=\"yuzo-img-wrap \" style=\"width: 125px;height:90px;\">\n\t\t\t\t\t\t\t\t\t\t\n\t\t\t\t\t\t\t\t\t\t<div class=\"yuzo-img\" style=\"background:url('https:\/\/redept.com.br\/blogosfera\/wp-content\/uploads\/2025\/05\/lawrencewongst-150x150.webp') 50% 50% no-repeat;width: 125px;height:90px;margin-bottom: 5px;background-size: cover; \"><\/div>\n\t\t\t\t\t\t\t\t\t  <\/div>\n\t\t\t\t\t\t\t\t\t  \n\t\t\t\t\t\t\t\t   <span class=\"yuzo__text--title\" style=\"font-size:13px;\">Elei\u00e7\u00f5es gerais em Cingapura d\u00e3o ampla vantagem ao...<\/span>\n\t\t\t\t\t\t\t  \n\t\t\t\t\t\t\t  \n\t\t\t\t\t\t\t  <\/a>\n\n\t\t\t\t\t\t  <\/div>\n<\/div> <script>\n\t\t\t\t\t\t  jQuery(document).ready(function( $ ){\n\t\t\t\t\t\t\t\/\/jQuery('.yuzo_related_post').equalizer({ overflow : 'relatedthumb' });\n\t\t\t\t\t\t\tjQuery('.yuzo_related_post .yuzo_wraps').equalizer({ columns : '> div' });\n\t\t\t\t\t\t   })\n\t\t\t\t\t\t  <\/script> <!-- End Yuzo :) -->","protected":false},"excerpt":{"rendered":"<p>O debate sobre o fim da escala 6\u00d71 entrou em nova fase na C\u00e2mara dos Deputados, mantendo a disputa em torno da jornada de trabalho no centro da agenda pol\u00edtica. Ap\u00f3s a Comiss\u00e3o de Constitui\u00e7\u00e3o e Justi\u00e7a (CCJ) aprovar a admissibilidade de propostas que reduzem a jornada semanal, o tema segue para uma comiss\u00e3o especial [&hellip;]<\/p>\n","protected":false},"author":2,"featured_media":0,"comment_status":"open","ping_status":"closed","sticky":false,"template":"","format":"standard","meta":{"fifu_image_url":"","fifu_image_alt":"","footnotes":""},"categories":[298,1014,1441,53558,53559,45806,4126,1679,5006,1974,1963,2176,1627,17,33411,53560,53561,1948,2026,1368,5301,8482,36629,47558,30511,2482,41968,1371,26071,985,23075],"tags":[],"class_list":["post-85623","post","type-post","status-publish","format-standard","hentry","category-camara-dos-deputados","category-classe-trabalhadora","category-clt","category-controle-do-tempo","category-corporativismo-varguista","category-descanso-remunerado","category-direitos","category-direitos-trabalhistas","category-entregadores-de-aplicativo","category-erika-hilton","category-escala-6x1","category-escravidao","category-getulio-vargas","category-governo-lula","category-greve-de-1917","category-greves-historicas","category-historia-do-trabalho-no-brasil","category-jornada-de-trabalho","category-karl-marx","category-luta-de-classes","category-mais-valia","category-motoristas-de-aplicativo","category-pec-221-2019","category-pl-1838-2026","category-primeira-republica","category-reducao-da-jornada","category-reginaldo-lopes","category-sindicalismo","category-tempo-de-trabalho","category-trabalho-analogo-a-escravidao","category-trabalho-por-aplicativos"],"_links":{"self":[{"href":"https:\/\/redept.com.br\/blogosfera\/wp-json\/wp\/v2\/posts\/85623","targetHints":{"allow":["GET"]}}],"collection":[{"href":"https:\/\/redept.com.br\/blogosfera\/wp-json\/wp\/v2\/posts"}],"about":[{"href":"https:\/\/redept.com.br\/blogosfera\/wp-json\/wp\/v2\/types\/post"}],"author":[{"embeddable":true,"href":"https:\/\/redept.com.br\/blogosfera\/wp-json\/wp\/v2\/users\/2"}],"replies":[{"embeddable":true,"href":"https:\/\/redept.com.br\/blogosfera\/wp-json\/wp\/v2\/comments?post=85623"}],"version-history":[{"count":0,"href":"https:\/\/redept.com.br\/blogosfera\/wp-json\/wp\/v2\/posts\/85623\/revisions"}],"wp:attachment":[{"href":"https:\/\/redept.com.br\/blogosfera\/wp-json\/wp\/v2\/media?parent=85623"}],"wp:term":[{"taxonomy":"category","embeddable":true,"href":"https:\/\/redept.com.br\/blogosfera\/wp-json\/wp\/v2\/categories?post=85623"},{"taxonomy":"post_tag","embeddable":true,"href":"https:\/\/redept.com.br\/blogosfera\/wp-json\/wp\/v2\/tags?post=85623"}],"curies":[{"name":"wp","href":"https:\/\/api.w.org\/{rel}","templated":true}]}}