{"id":85626,"date":"2026-05-01T08:00:00","date_gmt":"2026-05-01T11:00:00","guid":{"rendered":"https:\/\/redept.com.br\/blogosfera\/ambulantes-autonomos-e-entregadores-como-o-fim-da-escala-6x1-pode-impactar-a-vida-de-milhoes-de-trabalhadores-informais-no-brasil\/"},"modified":"2026-05-01T08:00:00","modified_gmt":"2026-05-01T11:00:00","slug":"ambulantes-autonomos-e-entregadores-como-o-fim-da-escala-6x1-pode-impactar-a-vida-de-milhoes-de-trabalhadores-informais-no-brasil","status":"publish","type":"post","link":"https:\/\/redept.com.br\/blogosfera\/ambulantes-autonomos-e-entregadores-como-o-fim-da-escala-6x1-pode-impactar-a-vida-de-milhoes-de-trabalhadores-informais-no-brasil\/","title":{"rendered":"Ambulantes, aut\u00f4nomos e entregadores: como o fim da escala 6\u00d71 pode impactar a vida de milh\u00f5es de trabalhadores informais no Brasil"},"content":{"rendered":"<p>O Brasil chega ao 1\u00ba de Maio, 140 anos depois da hist\u00f3rica greve de Chicago, com duas frentes trabalhistas em ritmos opostos: a proposta de redu\u00e7\u00e3o da jornada formal com o fim da escala 6\u00d71 avan\u00e7a no Congresso, enquanto a regula\u00e7\u00e3o do trabalho por aplicativos segue travada, apesar das mobiliza\u00e7\u00f5es recentes da categoria. No meio [\u2026]<\/p>\n<p><a href=\"https:\/\/www.brasildefato.com.br\/2026\/05\/01\/ambulantes-autonomos-e-entregadores-como-o-fim-da-escala-6x1-pode-impactar-a-vida-de-milhoes-de-trabalhadores-informais-no-brasil\/\" rel=\"nofollow\">Fonte<\/a><\/p>\n<!-- Begin Yuzo --><div class='yuzo_related_post style-1'  data-version='5.12.89'><!-- without result --><div class='yuzo_clearfixed yuzo__title yuzo__title'><h3>Related Post<\/h3><\/div>\n\t\t\t\t\t\t  <div class=\"relatedthumb \" style=\"width:125px;float:left;overflow:hidden;\">  \n\t\t\t\t\t\t\t  \n\t\t\t\t\t\t\t  <a  href=\"https:\/\/redept.com.br\/blogosfera\/corte-interamericana-condena-brasil-por-omissao-na-morte-de-sem-terra\/\"  >\n\t\t\t\t\t\t\t\t\t  <div class=\"yuzo-img-wrap \" style=\"width: 125px;height:90px;\">\n\t\t\t\t\t\t\t\t\t\t\n\t\t\t\t\t\t\t\t\t\t<div class=\"yuzo-img\" style=\"background:url('https:\/\/redept.org\/blogosfera\/wp-content\/plugins\/yuzo-related-post\/assets\/images\/default.png') 50% 50% no-repeat;width: 125px;height:90px;margin-bottom: 5px;background-size: cover; \"><\/div>\n\t\t\t\t\t\t\t\t\t  <\/div>\n\t\t\t\t\t\t\t\t\t  \n\t\t\t\t\t\t\t\t   <span class=\"yuzo__text--title\" style=\"font-size:13px;\">Corte Interamericana condena Brasil por omiss\u00e3o na...<\/span>\n\t\t\t\t\t\t\t  \n\t\t\t\t\t\t\t  \n\t\t\t\t\t\t\t  <\/a>\n\n\t\t\t\t\t\t  <\/div>\n\t\t\t\t\t\t  <div class=\"relatedthumb \" style=\"width:125px;float:left;overflow:hidden;\">  \n\t\t\t\t\t\t\t  \n\t\t\t\t\t\t\t  <a  href=\"https:\/\/redept.com.br\/blogosfera\/final-de-semana-no-df-tera-teatro-musica-e-cultura-popular\/\"  >\n\t\t\t\t\t\t\t\t\t  <div class=\"yuzo-img-wrap \" style=\"width: 125px;height:90px;\">\n\t\t\t\t\t\t\t\t\t\t\n\t\t\t\t\t\t\t\t\t\t<div class=\"yuzo-img\" style=\"background:url('https:\/\/redept.com.br\/blogosfera\/wp-content\/uploads\/2025\/06\/bdf-20250627-154709-d71bd0-150x150.jpg') 50% 50% no-repeat;width: 125px;height:90px;margin-bottom: 5px;background-size: cover; \"><\/div>\n\t\t\t\t\t\t\t\t\t  <\/div>\n\t\t\t\t\t\t\t\t\t  \n\t\t\t\t\t\t\t\t   <span class=\"yuzo__text--title\" style=\"font-size:13px;\">Final de semana no DF ter\u00e1 teatro, m\u00fasica e cultur...<\/span>\n\t\t\t\t\t\t\t  \n\t\t\t\t\t\t\t  \n\t\t\t\t\t\t\t  <\/a>\n\n\t\t\t\t\t\t  <\/div>\n\t\t\t\t\t\t  <div class=\"relatedthumb \" style=\"width:125px;float:left;overflow:hidden;\">  \n\t\t\t\t\t\t\t  \n\t\t\t\t\t\t\t  <a  href=\"https:\/\/redept.com.br\/blogosfera\/trabalhadoras-domesticas-vao-a-brasilia-exigir-direitos-e-acoes-contra-o-trabalho-escravo\/\"  >\n\t\t\t\t\t\t\t\t\t  <div class=\"yuzo-img-wrap \" style=\"width: 125px;height:90px;\">\n\t\t\t\t\t\t\t\t\t\t\n\t\t\t\t\t\t\t\t\t\t<div class=\"yuzo-img\" style=\"background:url('https:\/\/redept.org\/blogosfera\/wp-content\/plugins\/yuzo-related-post\/assets\/images\/default.png') 50% 50% no-repeat;width: 125px;height:90px;margin-bottom: 5px;background-size: cover; \"><\/div>\n\t\t\t\t\t\t\t\t\t  <\/div>\n\t\t\t\t\t\t\t\t\t  \n\t\t\t\t\t\t\t\t   <span class=\"yuzo__text--title\" style=\"font-size:13px;\">Trabalhadoras dom\u00e9sticas v\u00e3o a Bras\u00edlia exigir dir...<\/span>\n\t\t\t\t\t\t\t  \n\t\t\t\t\t\t\t  \n\t\t\t\t\t\t\t  <\/a>\n\n\t\t\t\t\t\t  <\/div>\n\t\t\t\t\t\t  <div class=\"relatedthumb \" style=\"width:125px;float:left;overflow:hidden;\">  \n\t\t\t\t\t\t\t  \n\t\t\t\t\t\t\t  <a  href=\"https:\/\/redept.com.br\/blogosfera\/chuva-no-fim-de-semana-deve-agravar-cheias-no-rio-grande-do-sul\/\"  >\n\t\t\t\t\t\t\t\t\t  <div class=\"yuzo-img-wrap \" style=\"width: 125px;height:90px;\">\n\t\t\t\t\t\t\t\t\t\t\n\t\t\t\t\t\t\t\t\t\t<div class=\"yuzo-img\" style=\"background:url('https:\/\/redept.com.br\/blogosfera\/wp-content\/uploads\/2025\/06\/IMG_1537-1024x683-1-1024x570-1-150x150.jpeg') 50% 50% no-repeat;width: 125px;height:90px;margin-bottom: 5px;background-size: cover; \"><\/div>\n\t\t\t\t\t\t\t\t\t  <\/div>\n\t\t\t\t\t\t\t\t\t  \n\t\t\t\t\t\t\t\t   <span class=\"yuzo__text--title\" style=\"font-size:13px;\">Chuva no fim de semana deve agravar cheias no Rio ...<\/span>\n\t\t\t\t\t\t\t  \n\t\t\t\t\t\t\t  \n\t\t\t\t\t\t\t  <\/a>\n\n\t\t\t\t\t\t  <\/div>\n<\/div> <script>\n\t\t\t\t\t\t  jQuery(document).ready(function( $ ){\n\t\t\t\t\t\t\t\/\/jQuery('.yuzo_related_post').equalizer({ overflow : 'relatedthumb' });\n\t\t\t\t\t\t\tjQuery('.yuzo_related_post .yuzo_wraps').equalizer({ columns : '> div' });\n\t\t\t\t\t\t   })\n\t\t\t\t\t\t  <\/script> <!-- End Yuzo :) -->","protected":false},"excerpt":{"rendered":"<p>O Brasil chega ao 1\u00ba de Maio, 140 anos depois da hist\u00f3rica greve de Chicago, com duas frentes trabalhistas em ritmos opostos: a proposta de redu\u00e7\u00e3o da jornada formal com o fim da escala 6\u00d71 avan\u00e7a no Congresso, enquanto a regula\u00e7\u00e3o do trabalho por aplicativos segue travada, apesar das mobiliza\u00e7\u00f5es recentes da categoria. No meio [&hellip;]<\/p>\n","protected":false},"author":2,"featured_media":0,"comment_status":"open","ping_status":"closed","sticky":false,"template":"","format":"standard","meta":{"fifu_image_url":"","fifu_image_alt":"","footnotes":""},"categories":[15763,53564,1441,388,603,53565,53566,6952,53567,5006,1963,802,1948,53568,24814,47562,36629,32212,1477,5097,47371,1478,23524,1442,53569,53570,44479,53571,8124,377,53572],"tags":[],"class_list":["post-85626","post","type-post","status-publish","format-standard","hentry","category-acidentes-de-trabalho","category-autonomia-no-trabalho","category-clt","category-congresso-nacional","category-datafolha","category-descanso-semanal-remunerado","category-desigualdade-racial-no-trabalho","category-direito-trabalhista","category-efeito-farol","category-entregadores-de-aplicativo","category-escala-6x1","category-ipea","category-jornada-de-trabalho","category-juventude-trabalhadora","category-movimento-vida-alem-do-trabalho","category-mulheres-trabalhadoras","category-pec-221-2019","category-pec-8-2025","category-pejotizacao","category-plataformizacao","category-plp-152-2025","category-precarizacao-do-trabalho","category-produtividade","category-reforma-trabalhista","category-regulacao-do-trabalho-por-aplicativos","category-remuneracao-por-entrega","category-saude-mental-no-trabalho","category-tempo-de-deslocamento","category-trabalhadores-informais","category-trabalho","category-vigilancia-algoritmica"],"_links":{"self":[{"href":"https:\/\/redept.com.br\/blogosfera\/wp-json\/wp\/v2\/posts\/85626","targetHints":{"allow":["GET"]}}],"collection":[{"href":"https:\/\/redept.com.br\/blogosfera\/wp-json\/wp\/v2\/posts"}],"about":[{"href":"https:\/\/redept.com.br\/blogosfera\/wp-json\/wp\/v2\/types\/post"}],"author":[{"embeddable":true,"href":"https:\/\/redept.com.br\/blogosfera\/wp-json\/wp\/v2\/users\/2"}],"replies":[{"embeddable":true,"href":"https:\/\/redept.com.br\/blogosfera\/wp-json\/wp\/v2\/comments?post=85626"}],"version-history":[{"count":0,"href":"https:\/\/redept.com.br\/blogosfera\/wp-json\/wp\/v2\/posts\/85626\/revisions"}],"wp:attachment":[{"href":"https:\/\/redept.com.br\/blogosfera\/wp-json\/wp\/v2\/media?parent=85626"}],"wp:term":[{"taxonomy":"category","embeddable":true,"href":"https:\/\/redept.com.br\/blogosfera\/wp-json\/wp\/v2\/categories?post=85626"},{"taxonomy":"post_tag","embeddable":true,"href":"https:\/\/redept.com.br\/blogosfera\/wp-json\/wp\/v2\/tags?post=85626"}],"curies":[{"name":"wp","href":"https:\/\/api.w.org\/{rel}","templated":true}]}}