{"id":85627,"date":"2026-05-01T08:51:07","date_gmt":"2026-05-01T11:51:07","guid":{"rendered":"https:\/\/redept.com.br\/blogosfera\/petro-convoca-populacao-a-apoiar-constituinte-que-favoreca-direitos-sociais-e-combata-a-corrupcao\/"},"modified":"2026-05-01T08:51:07","modified_gmt":"2026-05-01T11:51:07","slug":"petro-convoca-populacao-a-apoiar-constituinte-que-favoreca-direitos-sociais-e-combata-a-corrupcao","status":"publish","type":"post","link":"https:\/\/redept.com.br\/blogosfera\/petro-convoca-populacao-a-apoiar-constituinte-que-favoreca-direitos-sociais-e-combata-a-corrupcao\/","title":{"rendered":"Petro convoca popula\u00e7\u00e3o a apoiar constituinte que favore\u00e7a direitos sociais e combata a corrup\u00e7\u00e3o"},"content":{"rendered":"<p>Presidente colombiano destacou que sistema atual impede avan\u00e7os em prol dos trabalhadores<\/p>\n<p><a href=\"https:\/\/www.brasildefato.com.br\/2026\/05\/01\/petro-convoca-populacao-a-apoiar-constituinte-que-favoreca-direitos-sociais-e-combata-a-corrupcao\/\" rel=\"nofollow\">Fonte<\/a><\/p>\n<!-- Begin Yuzo --><div class='yuzo_related_post style-1'  data-version='5.12.89'><!-- without result --><div class='yuzo_clearfixed yuzo__title yuzo__title'><h3>Related Post<\/h3><\/div>\n\t\t\t\t\t\t  <div class=\"relatedthumb \" style=\"width:125px;float:left;overflow:hidden;\">  \n\t\t\t\t\t\t\t  \n\t\t\t\t\t\t\t  <a  href=\"https:\/\/redept.com.br\/blogosfera\/lula-cita-golpistas-em-pronunciamento-de-natal-todos-que-torceram-ou-jogaram-contra-o-brasil-acabaram-perdendo-video\/\"  >\n\t\t\t\t\t\t\t\t\t  <div class=\"yuzo-img-wrap \" style=\"width: 125px;height:90px;\">\n\t\t\t\t\t\t\t\t\t\t\n\t\t\t\t\t\t\t\t\t\t<div class=\"yuzo-img\" style=\"background:url('https:\/\/redept.org\/blogosfera\/wp-content\/plugins\/yuzo-related-post\/assets\/images\/default.png') 50% 50% no-repeat;width: 125px;height:90px;margin-bottom: 5px;background-size: cover; \"><\/div>\n\t\t\t\t\t\t\t\t\t  <\/div>\n\t\t\t\t\t\t\t\t\t  \n\t\t\t\t\t\t\t\t   <span class=\"yuzo__text--title\" style=\"font-size:13px;\">Lula cita golpistas em pronunciamento de Natal: \u201cT...<\/span>\n\t\t\t\t\t\t\t  \n\t\t\t\t\t\t\t  \n\t\t\t\t\t\t\t  <\/a>\n\n\t\t\t\t\t\t  <\/div>\n\t\t\t\t\t\t  <div class=\"relatedthumb \" style=\"width:125px;float:left;overflow:hidden;\">  \n\t\t\t\t\t\t\t  \n\t\t\t\t\t\t\t  <a  href=\"https:\/\/redept.com.br\/blogosfera\/cessar-fogo-entre-libano-e-israel-sera-prorrogado-por-tres-semanas\/\"  >\n\t\t\t\t\t\t\t\t\t  <div class=\"yuzo-img-wrap \" style=\"width: 125px;height:90px;\">\n\t\t\t\t\t\t\t\t\t\t\n\t\t\t\t\t\t\t\t\t\t<div class=\"yuzo-img\" style=\"background:url('https:\/\/redept.org\/blogosfera\/wp-content\/plugins\/yuzo-related-post\/assets\/images\/default.png') 50% 50% no-repeat;width: 125px;height:90px;margin-bottom: 5px;background-size: cover; \"><\/div>\n\t\t\t\t\t\t\t\t\t  <\/div>\n\t\t\t\t\t\t\t\t\t  \n\t\t\t\t\t\t\t\t   <span class=\"yuzo__text--title\" style=\"font-size:13px;\">Cessar-fogo entre L\u00edbano e Israel ser\u00e1 prorrogado ...<\/span>\n\t\t\t\t\t\t\t  \n\t\t\t\t\t\t\t  \n\t\t\t\t\t\t\t  <\/a>\n\n\t\t\t\t\t\t  <\/div>\n\t\t\t\t\t\t  <div class=\"relatedthumb \" style=\"width:125px;float:left;overflow:hidden;\">  \n\t\t\t\t\t\t\t  \n\t\t\t\t\t\t\t  <a  href=\"https:\/\/redept.com.br\/blogosfera\/repositorio-mapeia-marcos-sobre-mudanca-do-clima-para-guiar-cidades-sustentaveis\/\"  >\n\t\t\t\t\t\t\t\t\t  <div class=\"yuzo-img-wrap \" style=\"width: 125px;height:90px;\">\n\t\t\t\t\t\t\t\t\t\t\n\t\t\t\t\t\t\t\t\t\t<div class=\"yuzo-img\" style=\"background:url('https:\/\/redept.org\/blogosfera\/wp-content\/plugins\/yuzo-related-post\/assets\/images\/default.png') 50% 50% no-repeat;width: 125px;height:90px;margin-bottom: 5px;background-size: cover; \"><\/div>\n\t\t\t\t\t\t\t\t\t  <\/div>\n\t\t\t\t\t\t\t\t\t  \n\t\t\t\t\t\t\t\t   <span class=\"yuzo__text--title\" style=\"font-size:13px;\">Reposit\u00f3rio mapeia marcos sobre mudan\u00e7a do clima p...<\/span>\n\t\t\t\t\t\t\t  \n\t\t\t\t\t\t\t  \n\t\t\t\t\t\t\t  <\/a>\n\n\t\t\t\t\t\t  <\/div>\n\t\t\t\t\t\t  <div class=\"relatedthumb \" style=\"width:125px;float:left;overflow:hidden;\">  \n\t\t\t\t\t\t\t  \n\t\t\t\t\t\t\t  <a  href=\"https:\/\/redept.com.br\/blogosfera\/pgr-pede-condenacao-de-mais-9-bolsonaristas-por-tentativa-de-golpe\/\"  >\n\t\t\t\t\t\t\t\t\t  <div class=\"yuzo-img-wrap \" style=\"width: 125px;height:90px;\">\n\t\t\t\t\t\t\t\t\t\t\n\t\t\t\t\t\t\t\t\t\t<div class=\"yuzo-img\" style=\"background:url('https:\/\/redept.com.br\/blogosfera\/wp-content\/uploads\/2025\/09\/stf-8jan_Fellipe-Sampaio_SCO_STF-150x150.jpg') 50% 50% no-repeat;width: 125px;height:90px;margin-bottom: 5px;background-size: cover; \"><\/div>\n\t\t\t\t\t\t\t\t\t  <\/div>\n\t\t\t\t\t\t\t\t\t  \n\t\t\t\t\t\t\t\t   <span class=\"yuzo__text--title\" style=\"font-size:13px;\">PGR pede condena\u00e7\u00e3o de mais 9 bolsonaristas por te...<\/span>\n\t\t\t\t\t\t\t  \n\t\t\t\t\t\t\t  \n\t\t\t\t\t\t\t  <\/a>\n\n\t\t\t\t\t\t  <\/div>\n<\/div> <script>\n\t\t\t\t\t\t  jQuery(document).ready(function( $ ){\n\t\t\t\t\t\t\t\/\/jQuery('.yuzo_related_post').equalizer({ overflow : 'relatedthumb' });\n\t\t\t\t\t\t\tjQuery('.yuzo_related_post .yuzo_wraps').equalizer({ columns : '> div' });\n\t\t\t\t\t\t   })\n\t\t\t\t\t\t  <\/script> <!-- End Yuzo :) -->","protected":false},"excerpt":{"rendered":"<p>Presidente colombiano destacou que sistema atual impede avan\u00e7os em prol dos trabalhadores Fonte Related Post \u2018Bola est\u00e1 do lado do Ocidente\u2019, afirma Putin sobr&#8230; PGR refor\u00e7a no Supremo conduta criminosa de Jair B&#8230; MST debate quest\u00e3o ambiental durante 34\u00ba Encontro &#8230; Nova edi\u00e7\u00e3o impressa do Brasil de Fato RJ repercut&#8230;<\/p>\n","protected":false},"author":2,"featured_media":0,"comment_status":"open","ping_status":"closed","sticky":false,"template":"","format":"standard","meta":{"fifu_image_url":"","fifu_image_alt":"","footnotes":""},"categories":[43198,53573,53574,34914,1787,2821,38600,53575,5225,27191,53576,53577,53578,2953,53579,50,52956,53580,48726,53581,53582,53583,8465,53584,8683,1442,3890,53585,27867,39580,16513],"tags":[],"class_list":["post-85627","post","type-post","status-publish","format-standard","hentry","category-apoio-popular","category-aposentadoria-digna","category-assembleia-constituinte-proposta","category-assembleia-nacional-constituinte","category-colombia","category-combate-a-corrupcao","category-congresso-colombiano","category-constituicao-de-1991","category-dia-do-trabalhador","category-direitos-fundamentais","category-entidades-promotoras-de-saude","category-extorsao","category-fundos-de-trabalhadores","category-gustavo-petro","category-iniciativa-cidada","category-internacional","category-la-guajira","category-manifestacao-1o-de-maio","category-medellin","category-obstaculos-legislativos","category-peticao-popular","category-petro-convoca","category-reforma-da-previdencia","category-reforma-da-saude","category-reforma-politica","category-reforma-trabalhista","category-reformas-sociais","category-sistema-politico-colombiano","category-trabalho-decente","category-transparencia-politica","category-voto-comprado"],"_links":{"self":[{"href":"https:\/\/redept.com.br\/blogosfera\/wp-json\/wp\/v2\/posts\/85627","targetHints":{"allow":["GET"]}}],"collection":[{"href":"https:\/\/redept.com.br\/blogosfera\/wp-json\/wp\/v2\/posts"}],"about":[{"href":"https:\/\/redept.com.br\/blogosfera\/wp-json\/wp\/v2\/types\/post"}],"author":[{"embeddable":true,"href":"https:\/\/redept.com.br\/blogosfera\/wp-json\/wp\/v2\/users\/2"}],"replies":[{"embeddable":true,"href":"https:\/\/redept.com.br\/blogosfera\/wp-json\/wp\/v2\/comments?post=85627"}],"version-history":[{"count":0,"href":"https:\/\/redept.com.br\/blogosfera\/wp-json\/wp\/v2\/posts\/85627\/revisions"}],"wp:attachment":[{"href":"https:\/\/redept.com.br\/blogosfera\/wp-json\/wp\/v2\/media?parent=85627"}],"wp:term":[{"taxonomy":"category","embeddable":true,"href":"https:\/\/redept.com.br\/blogosfera\/wp-json\/wp\/v2\/categories?post=85627"},{"taxonomy":"post_tag","embeddable":true,"href":"https:\/\/redept.com.br\/blogosfera\/wp-json\/wp\/v2\/tags?post=85627"}],"curies":[{"name":"wp","href":"https:\/\/api.w.org\/{rel}","templated":true}]}}