{"id":85628,"date":"2026-05-01T09:00:45","date_gmt":"2026-05-01T12:00:45","guid":{"rendered":"https:\/\/redept.com.br\/blogosfera\/somos-a-maioria-nas-cidades-mas-a-politica-urbana-ainda-nao-nos-prioriza\/"},"modified":"2026-05-01T09:00:45","modified_gmt":"2026-05-01T12:00:45","slug":"somos-a-maioria-nas-cidades-mas-a-politica-urbana-ainda-nao-nos-prioriza","status":"publish","type":"post","link":"https:\/\/redept.com.br\/blogosfera\/somos-a-maioria-nas-cidades-mas-a-politica-urbana-ainda-nao-nos-prioriza\/","title":{"rendered":"Somos a maioria nas cidades, mas a pol\u00edtica urbana ainda n\u00e3o nos prioriza"},"content":{"rendered":"<p>Por Constan\u00e7a Lacerda Camargo,\u00a0Elisa da Costa Siqueira, Gabriela Costanaro Gon\u00e7alves, Gabriella Melyssa Rufo Freitas e Kamila Anne Carvalho da Silva As cidades brasileiras t\u00eam sido constru\u00eddas a partir das necessidades e desejos dos grupos dominantes. Esses grupos t\u00eam ra\u00e7a, g\u00eanero e classe, e quanto mais distante do enquadramento social dominante, mais hostil e desafiadora \u00e9 [\u2026]<\/p>\n<p><a href=\"https:\/\/www.brasildefato.com.br\/colunista\/observatorio-da-metropoles-pr\/2026\/04\/30\/somos-a-maioria-nas-cidades-mas-a-politica-urbana-ainda-nao-nos-prioriza\/\" rel=\"nofollow\">Fonte<\/a><\/p>\n<!-- Begin Yuzo --><div class='yuzo_related_post style-1'  data-version='5.12.89'><!-- without result --><div class='yuzo_clearfixed yuzo__title yuzo__title'><h3>Related Post<\/h3><\/div>\n\t\t\t\t\t\t  <div class=\"relatedthumb \" style=\"width:125px;float:left;overflow:hidden;\">  \n\t\t\t\t\t\t\t  \n\t\t\t\t\t\t\t  <a  href=\"https:\/\/redept.com.br\/blogosfera\/dilma-rousseff-passa-bem-e-deve-receber-alta-nos-proximos-dias\/\"  >\n\t\t\t\t\t\t\t\t\t  <div class=\"yuzo-img-wrap \" style=\"width: 125px;height:90px;\">\n\t\t\t\t\t\t\t\t\t\t\n\t\t\t\t\t\t\t\t\t\t<div class=\"yuzo-img\" style=\"background:url('https:\/\/redept.org\/blogosfera\/wp-content\/plugins\/yuzo-related-post\/assets\/images\/default.png') 50% 50% no-repeat;width: 125px;height:90px;margin-bottom: 5px;background-size: cover; \"><\/div>\n\t\t\t\t\t\t\t\t\t  <\/div>\n\t\t\t\t\t\t\t\t\t  \n\t\t\t\t\t\t\t\t   <span class=\"yuzo__text--title\" style=\"font-size:13px;\">Dilma Rousseff passa bem e deve receber alta nos p...<\/span>\n\t\t\t\t\t\t\t  \n\t\t\t\t\t\t\t  \n\t\t\t\t\t\t\t  <\/a>\n\n\t\t\t\t\t\t  <\/div>\n\t\t\t\t\t\t  <div class=\"relatedthumb \" style=\"width:125px;float:left;overflow:hidden;\">  \n\t\t\t\t\t\t\t  \n\t\t\t\t\t\t\t  <a  href=\"https:\/\/redept.com.br\/blogosfera\/61-anos-do-golpe-brasil-tem-folego-na-luta-por-memoria-verdade-e-justica-mas-ha-desafios\/\"  >\n\t\t\t\t\t\t\t\t\t  <div class=\"yuzo-img-wrap \" style=\"width: 125px;height:90px;\">\n\t\t\t\t\t\t\t\t\t\t\n\t\t\t\t\t\t\t\t\t\t<div class=\"yuzo-img\" style=\"background:url('https:\/\/redept.org\/blogosfera\/wp-content\/plugins\/yuzo-related-post\/assets\/images\/default.png') 50% 50% no-repeat;width: 125px;height:90px;margin-bottom: 5px;background-size: cover; \"><\/div>\n\t\t\t\t\t\t\t\t\t  <\/div>\n\t\t\t\t\t\t\t\t\t  \n\t\t\t\t\t\t\t\t   <span class=\"yuzo__text--title\" style=\"font-size:13px;\">61 anos do golpe: Brasil tem f\u00f4lego na luta por me...<\/span>\n\t\t\t\t\t\t\t  \n\t\t\t\t\t\t\t  \n\t\t\t\t\t\t\t  <\/a>\n\n\t\t\t\t\t\t  <\/div>\n\t\t\t\t\t\t  <div class=\"relatedthumb \" style=\"width:125px;float:left;overflow:hidden;\">  \n\t\t\t\t\t\t\t  \n\t\t\t\t\t\t\t  <a  href=\"https:\/\/redept.com.br\/blogosfera\/raio-x-dos-militares-na-venezuela-indica-cansaco-com-chavismo-mas-manutencao-da-ordem\/\"  >\n\t\t\t\t\t\t\t\t\t  <div class=\"yuzo-img-wrap \" style=\"width: 125px;height:90px;\">\n\t\t\t\t\t\t\t\t\t\t\n\t\t\t\t\t\t\t\t\t\t<div class=\"yuzo-img\" style=\"background:url('https:\/\/redept.org\/blogosfera\/wp-content\/plugins\/yuzo-related-post\/assets\/images\/default.png') 50% 50% no-repeat;width: 125px;height:90px;margin-bottom: 5px;background-size: cover; \"><\/div>\n\t\t\t\t\t\t\t\t\t  <\/div>\n\t\t\t\t\t\t\t\t\t  \n\t\t\t\t\t\t\t\t   <span class=\"yuzo__text--title\" style=\"font-size:13px;\">Raio-x dos militares na Venezuela indica cansa\u00e7o c...<\/span>\n\t\t\t\t\t\t\t  \n\t\t\t\t\t\t\t  \n\t\t\t\t\t\t\t  <\/a>\n\n\t\t\t\t\t\t  <\/div>\n\t\t\t\t\t\t  <div class=\"relatedthumb \" style=\"width:125px;float:left;overflow:hidden;\">  \n\t\t\t\t\t\t\t  \n\t\t\t\t\t\t\t  <a  href=\"https:\/\/redept.com.br\/blogosfera\/guarda-revolucionaria-do-ira-e-hezbollah-realizam-ataques-coordenados-contra-israel-videos\/\"  >\n\t\t\t\t\t\t\t\t\t  <div class=\"yuzo-img-wrap \" style=\"width: 125px;height:90px;\">\n\t\t\t\t\t\t\t\t\t\t\n\t\t\t\t\t\t\t\t\t\t<div class=\"yuzo-img\" style=\"background:url('https:\/\/redept.org\/blogosfera\/wp-content\/plugins\/yuzo-related-post\/assets\/images\/default.png') 50% 50% no-repeat;width: 125px;height:90px;margin-bottom: 5px;background-size: cover; \"><\/div>\n\t\t\t\t\t\t\t\t\t  <\/div>\n\t\t\t\t\t\t\t\t\t  \n\t\t\t\t\t\t\t\t   <span class=\"yuzo__text--title\" style=\"font-size:13px;\">Guarda Revolucion\u00e1ria do Ir\u00e3 e Hezbollah realizam ...<\/span>\n\t\t\t\t\t\t\t  \n\t\t\t\t\t\t\t  \n\t\t\t\t\t\t\t  <\/a>\n\n\t\t\t\t\t\t  <\/div>\n<\/div> <script>\n\t\t\t\t\t\t  jQuery(document).ready(function( $ ){\n\t\t\t\t\t\t\t\/\/jQuery('.yuzo_related_post').equalizer({ overflow : 'relatedthumb' });\n\t\t\t\t\t\t\tjQuery('.yuzo_related_post .yuzo_wraps').equalizer({ columns : '> div' });\n\t\t\t\t\t\t   })\n\t\t\t\t\t\t  <\/script> <!-- End Yuzo :) -->","protected":false},"excerpt":{"rendered":"<p>Por Constan\u00e7a Lacerda Camargo,\u00a0Elisa da Costa Siqueira, Gabriela Costanaro Gon\u00e7alves, Gabriella Melyssa Rufo Freitas e Kamila Anne Carvalho da Silva As cidades brasileiras t\u00eam sido constru\u00eddas a partir das necessidades e desejos dos grupos dominantes. Esses grupos t\u00eam ra\u00e7a, g\u00eanero e classe, e quanto mais distante do enquadramento social dominante, mais hostil e desafiadora \u00e9 [&hellip;]<\/p>\n","protected":false},"author":2,"featured_media":0,"comment_status":"open","ping_status":"closed","sticky":false,"template":"","format":"standard","meta":{"fifu_image_url":"","fifu_image_alt":"","footnotes":""},"categories":[53586,4734,53587,53588,959,53589,1895,53590,53591,53592,53593,53594,53595,53596,53597,53598,53599,53600,53601,53602,53603,53604,53605,53606,53607,53608,53609,53610,53611,53612],"tags":[],"class_list":["post-85628","post","type-post","status-publish","format-standard","hentry","category-accessibility","category-brazil","category-care-work","category-community-participation","category-curitiba","category-everyday-life","category-favelas","category-female-mobility","category-feminism","category-gender-and-city","category-gender-inequality","category-housing-policy","category-housing-rights","category-infrastructure","category-intersectionality","category-mobility","category-police-violence","category-public-policy","category-public-space","category-public-transportation","category-social-justice","category-transportation-inequality","category-urban-development","category-urban-planning","category-urban-rights","category-urban-safety","category-urban-segregation","category-violence-against-women","category-women-in-cities","category-womens-safety"],"_links":{"self":[{"href":"https:\/\/redept.com.br\/blogosfera\/wp-json\/wp\/v2\/posts\/85628","targetHints":{"allow":["GET"]}}],"collection":[{"href":"https:\/\/redept.com.br\/blogosfera\/wp-json\/wp\/v2\/posts"}],"about":[{"href":"https:\/\/redept.com.br\/blogosfera\/wp-json\/wp\/v2\/types\/post"}],"author":[{"embeddable":true,"href":"https:\/\/redept.com.br\/blogosfera\/wp-json\/wp\/v2\/users\/2"}],"replies":[{"embeddable":true,"href":"https:\/\/redept.com.br\/blogosfera\/wp-json\/wp\/v2\/comments?post=85628"}],"version-history":[{"count":0,"href":"https:\/\/redept.com.br\/blogosfera\/wp-json\/wp\/v2\/posts\/85628\/revisions"}],"wp:attachment":[{"href":"https:\/\/redept.com.br\/blogosfera\/wp-json\/wp\/v2\/media?parent=85628"}],"wp:term":[{"taxonomy":"category","embeddable":true,"href":"https:\/\/redept.com.br\/blogosfera\/wp-json\/wp\/v2\/categories?post=85628"},{"taxonomy":"post_tag","embeddable":true,"href":"https:\/\/redept.com.br\/blogosfera\/wp-json\/wp\/v2\/tags?post=85628"}],"curies":[{"name":"wp","href":"https:\/\/api.w.org\/{rel}","templated":true}]}}