{"id":85630,"date":"2026-05-01T09:53:42","date_gmt":"2026-05-01T12:53:42","guid":{"rendered":"https:\/\/redept.com.br\/blogosfera\/com-fim-da-escala-6x1-mulher-tem-mais-acesso-a-trabalho-diz-ministra\/"},"modified":"2026-05-01T09:53:42","modified_gmt":"2026-05-01T12:53:42","slug":"com-fim-da-escala-6x1-mulher-tem-mais-acesso-a-trabalho-diz-ministra","status":"publish","type":"post","link":"https:\/\/redept.com.br\/blogosfera\/com-fim-da-escala-6x1-mulher-tem-mais-acesso-a-trabalho-diz-ministra\/","title":{"rendered":"Com fim da escala 6\u00d71, mulher tem mais acesso a trabalho, diz ministra"},"content":{"rendered":"<p>Ministra M\u00e1rcia Lopes defende que a mudan\u00e7a \u00e9 uma &#8216;exig\u00eancia do nosso tempo&#8217;<\/p>\n<p><a href=\"https:\/\/www.brasildefato.com.br\/2026\/05\/01\/com-fim-da-escala-6x1-mulher-tem-mais-acesso-a-trabalho-diz-ministra\/\" rel=\"nofollow\">Fonte<\/a><\/p>\n<!-- Begin Yuzo --><div class='yuzo_related_post style-1'  data-version='5.12.89'><!-- without result --><div class='yuzo_clearfixed yuzo__title yuzo__title'><h3>Related Post<\/h3><\/div>\n\t\t\t\t\t\t  <div class=\"relatedthumb \" style=\"width:125px;float:left;overflow:hidden;\">  \n\t\t\t\t\t\t\t  \n\t\t\t\t\t\t\t  <a  href=\"https:\/\/redept.com.br\/blogosfera\/cinemateca-brasileira-apresenta-retrospectiva-jose-rubens-siqueira\/\"  >\n\t\t\t\t\t\t\t\t\t  <div class=\"yuzo-img-wrap \" style=\"width: 125px;height:90px;\">\n\t\t\t\t\t\t\t\t\t\t\n\t\t\t\t\t\t\t\t\t\t<div class=\"yuzo-img\" style=\"background:url('https:\/\/redept.org\/blogosfera\/wp-content\/plugins\/yuzo-related-post\/assets\/images\/default.png') 50% 50% no-repeat;width: 125px;height:90px;margin-bottom: 5px;background-size: cover; \"><\/div>\n\t\t\t\t\t\t\t\t\t  <\/div>\n\t\t\t\t\t\t\t\t\t  \n\t\t\t\t\t\t\t\t   <span class=\"yuzo__text--title\" style=\"font-size:13px;\">Cinemateca Brasileira apresenta \u201cRetrospectiva Jos...<\/span>\n\t\t\t\t\t\t\t  \n\t\t\t\t\t\t\t  \n\t\t\t\t\t\t\t  <\/a>\n\n\t\t\t\t\t\t  <\/div>\n\t\t\t\t\t\t  <div class=\"relatedthumb \" style=\"width:125px;float:left;overflow:hidden;\">  \n\t\t\t\t\t\t\t  \n\t\t\t\t\t\t\t  <a  href=\"https:\/\/sul21.com.br\/noticias\/politica\/2025\/08\/apos-obstrucao-bolsonarista-motta-diz-que-projetos-eleitorais-nao-podem-estar-a-frente-da-camara\/\"  >\n\t\t\t\t\t\t\t\t\t  <div class=\"yuzo-img-wrap \" style=\"width: 125px;height:90px;\">\n\t\t\t\t\t\t\t\t\t\t\n\t\t\t\t\t\t\t\t\t\t<div class=\"yuzo-img\" style=\"background:url('https:\/\/redept.org\/blogosfera\/wp-content\/plugins\/yuzo-related-post\/assets\/images\/default.png') 50% 50% no-repeat;width: 125px;height:90px;margin-bottom: 5px;background-size: cover; \"><\/div>\n\t\t\t\t\t\t\t\t\t  <\/div>\n\t\t\t\t\t\t\t\t\t  \n\t\t\t\t\t\t\t\t   <span class=\"yuzo__text--title\" style=\"font-size:13px;\">Ap\u00f3s obstru\u00e7\u00e3o bolsonarista, Motta diz que projeto...<\/span>\n\t\t\t\t\t\t\t  \n\t\t\t\t\t\t\t  \n\t\t\t\t\t\t\t  <\/a>\n\n\t\t\t\t\t\t  <\/div>\n\t\t\t\t\t\t  <div class=\"relatedthumb \" style=\"width:125px;float:left;overflow:hidden;\">  \n\t\t\t\t\t\t\t  \n\t\t\t\t\t\t\t  <a  href=\"https:\/\/redept.com.br\/blogosfera\/resgatar-lenin-sempre\/\"  >\n\t\t\t\t\t\t\t\t\t  <div class=\"yuzo-img-wrap \" style=\"width: 125px;height:90px;\">\n\t\t\t\t\t\t\t\t\t\t\n\t\t\t\t\t\t\t\t\t\t<div class=\"yuzo-img\" style=\"background:url('https:\/\/redept.com.br\/blogosfera\/wp-content\/uploads\/2026\/04\/lENIN-150x150.jpeg') 50% 50% no-repeat;width: 125px;height:90px;margin-bottom: 5px;background-size: cover; \"><\/div>\n\t\t\t\t\t\t\t\t\t  <\/div>\n\t\t\t\t\t\t\t\t\t  \n\t\t\t\t\t\t\t\t   <span class=\"yuzo__text--title\" style=\"font-size:13px;\">Resgatar L\u00eanin sempre<\/span>\n\t\t\t\t\t\t\t  \n\t\t\t\t\t\t\t  \n\t\t\t\t\t\t\t  <\/a>\n\n\t\t\t\t\t\t  <\/div>\n\t\t\t\t\t\t  <div class=\"relatedthumb \" style=\"width:125px;float:left;overflow:hidden;\">  \n\t\t\t\t\t\t\t  \n\t\t\t\t\t\t\t  <a  href=\"https:\/\/redept.com.br\/blogosfera\/a-gaza-mortal-tambem-para-jornalistas\/\"  >\n\t\t\t\t\t\t\t\t\t  <div class=\"yuzo-img-wrap \" style=\"width: 125px;height:90px;\">\n\t\t\t\t\t\t\t\t\t\t\n\t\t\t\t\t\t\t\t\t\t<div class=\"yuzo-img\" style=\"background:url('https:\/\/redept.com.br\/blogosfera\/wp-content\/uploads\/2025\/04\/Screenshot-2025-04-28-at-19-09-17-GettyImages-1914669296-e1712147643139webp-imagem-WEBP-1024-575-pixels-150x150.png') 50% 50% no-repeat;width: 125px;height:90px;margin-bottom: 5px;background-size: cover; \"><\/div>\n\t\t\t\t\t\t\t\t\t  <\/div>\n\t\t\t\t\t\t\t\t\t  \n\t\t\t\t\t\t\t\t   <span class=\"yuzo__text--title\" style=\"font-size:13px;\">A Gaza mortal (tamb\u00e9m) para jornalistas<\/span>\n\t\t\t\t\t\t\t  \n\t\t\t\t\t\t\t  \n\t\t\t\t\t\t\t  <\/a>\n\n\t\t\t\t\t\t  <\/div>\n<\/div> <script>\n\t\t\t\t\t\t  jQuery(document).ready(function( $ ){\n\t\t\t\t\t\t\t\/\/jQuery('.yuzo_related_post').equalizer({ overflow : 'relatedthumb' });\n\t\t\t\t\t\t\tjQuery('.yuzo_related_post .yuzo_wraps').equalizer({ columns : '> div' });\n\t\t\t\t\t\t   })\n\t\t\t\t\t\t  <\/script> <!-- End Yuzo :) -->","protected":false},"excerpt":{"rendered":"<p>Ministra M\u00e1rcia Lopes defende que a mudan\u00e7a \u00e9 uma &#8216;exig\u00eancia do nosso tempo&#8217; Fonte Related Post Livraria Express\u00e3o Popular recebe nesta sexta (6) &#8230; Festa das \u00c1guas, em Bras\u00edlia, ser\u00e1 marcada pelo an&#8230; Da privatiza\u00e7\u00e3o da \u00e1gua ao risco de colapso h\u00eddric&#8230; 12 estudantes receberam nota m\u00e1xima na reda\u00e7\u00e3o do &#8230;<\/p>\n","protected":false},"author":2,"featured_media":0,"comment_status":"open","ping_status":"closed","sticky":false,"template":"","format":"standard","meta":{"fifu_image_url":"","fifu_image_alt":"","footnotes":""},"categories":[53613,633,298,619,1138,5300,1679,53614,1963,53615,2008,3325,4140,802,1948,53616,53617,5404,5405,38094,53618,47942,53619,578,47558,2482,53448,53620,377,53621,49701],"tags":[],"class_list":["post-85630","post","type-post","status-publish","format-standard","hentry","category-absenteismo","category-bndes","category-camara-dos-deputados","category-cnc","category-cni","category-desigualdade-salarial","category-direitos-trabalhistas","category-empregabilidade-feminina","category-escala-6x1","category-feriado-do-trabalhador","category-fim-da-escala-6x1","category-hugo-motta","category-igualdade-salarial","category-ipea","category-jornada-de-trabalho","category-lei-14-611","category-manifestacoes-1o-de-maio","category-marcia-lopes","category-ministra-das-mulheres","category-mulheres-no-mercado-de-trabalho","category-mulheres-perifericas-e-negras","category-pec-221-19","category-pec-8-25","category-pib","category-pl-1838-2026","category-reducao-da-jornada","category-sobrecarga-feminina","category-tereza-campello","category-trabalho","category-trabalho-do-cuidado","category-trabalho-nao-remunerado"],"_links":{"self":[{"href":"https:\/\/redept.com.br\/blogosfera\/wp-json\/wp\/v2\/posts\/85630","targetHints":{"allow":["GET"]}}],"collection":[{"href":"https:\/\/redept.com.br\/blogosfera\/wp-json\/wp\/v2\/posts"}],"about":[{"href":"https:\/\/redept.com.br\/blogosfera\/wp-json\/wp\/v2\/types\/post"}],"author":[{"embeddable":true,"href":"https:\/\/redept.com.br\/blogosfera\/wp-json\/wp\/v2\/users\/2"}],"replies":[{"embeddable":true,"href":"https:\/\/redept.com.br\/blogosfera\/wp-json\/wp\/v2\/comments?post=85630"}],"version-history":[{"count":0,"href":"https:\/\/redept.com.br\/blogosfera\/wp-json\/wp\/v2\/posts\/85630\/revisions"}],"wp:attachment":[{"href":"https:\/\/redept.com.br\/blogosfera\/wp-json\/wp\/v2\/media?parent=85630"}],"wp:term":[{"taxonomy":"category","embeddable":true,"href":"https:\/\/redept.com.br\/blogosfera\/wp-json\/wp\/v2\/categories?post=85630"},{"taxonomy":"post_tag","embeddable":true,"href":"https:\/\/redept.com.br\/blogosfera\/wp-json\/wp\/v2\/tags?post=85630"}],"curies":[{"name":"wp","href":"https:\/\/api.w.org\/{rel}","templated":true}]}}