{"id":85631,"date":"2026-05-01T10:30:00","date_gmt":"2026-05-01T13:30:00","guid":{"rendered":"https:\/\/redept.com.br\/blogosfera\/o-futuro-do-trabalho-e-a-incerteza-do-presente\/"},"modified":"2026-05-01T10:30:00","modified_gmt":"2026-05-01T13:30:00","slug":"o-futuro-do-trabalho-e-a-incerteza-do-presente","status":"publish","type":"post","link":"https:\/\/redept.com.br\/blogosfera\/o-futuro-do-trabalho-e-a-incerteza-do-presente\/","title":{"rendered":"O futuro do trabalho e a incerteza do presente"},"content":{"rendered":"<p>Desde a Revolu\u00e7\u00e3o Industrial, a tens\u00e3o entre homem e m\u00e1quina permeia o mundo do trabalho. No in\u00edcio do s\u00e9culo 19, por exemplo, trabalhadores ingleses do ramo t\u00eaxtil passaram a sabotar e destruir as m\u00e1quinas que seriam usadas para os substituir, movimento que depois veio a ser chamado de Ludismo, e \u00e9 hoje visto, muitas vezes, como ing\u00eanuo ou mesmo in\u00f3cuo. At\u00e9 hoje, na maior parte das vezes, prevalece a ideia de que nada pode parar o progresso e o que resta aos trabalhadores \u00e9 se atualizar: aprender a operar as m\u00e1quinas e assim sobreviver.<\/p>\n<p>O mesmo ocorre agora com a dissemina\u00e7\u00e3o da Intelig\u00eancia Artificial (IA) no mundo do trabalho. Os modelos de intelig\u00eancia artificial n\u00e3o apenas realizam tarefas, mas j\u00e1 mediam processos seletivos, avaliam desempenho de trabalhadores e convocam para um futuro em que sequer exista o trabalhador que opera as m\u00e1quinas. Se esse futuro \u00e9 realista ou n\u00e3o, pouco se sabe, mas \u00e9 fato que cada vez mais empresas investem e obrigam seus funcion\u00e1rios a operar essas tecnologias.<\/p>\n<p>Para conversar sobre a incerteza sobre o futuro do trabalho e os significados pr\u00e1ticos e simb\u00f3licos deste momento crucial, o <strong>Pauta P\u00fablica<\/strong> recebeu a soci\u00f3loga e psicanalista Marta Bergamin, coordenadora do curso de p\u00f3s-gradua\u00e7\u00e3o em Sociopsicologia e professora da Fesp (Funda\u00e7\u00e3o Escola de Sociologia e Pol\u00edtica).<\/p>\n<p>Leia os principais pontos e ou\u00e7a o podcast completo abaixo.<\/p>\n<div>\n<div data-init=\"0\" data-id=\"249818\" data-playing=\"0\">\n<div>\n<div><\/div>\n<div>\n<p>\t\t\t\t\t\t\t\t<span><br \/>\n\t\t\t\t\t\t\t\t\t<i><\/i><br \/>\n\t\t\t\t\t\t\t\t<\/span><br \/>\n\t\t\t\t\t\t\t\t<span><br \/>\n\t\t\t\t\t\t\t\t\t<i><\/i><br \/>\n\t\t\t\t\t\t\t\t<\/span><\/p><\/div>\n<\/p><\/div>\n<div>\n<h2>\n\t\t\t\t\t\t\t\t\t<span>EP 214<\/span><br \/>\n\t\t\t\t\t\t\t\t\t\t\tO futuro do trabalho e a incerteza do presente \u2013 com Marta Bergamin\t\t\t\t\t\t\t<\/h2>\n<div>\n<p>\n\t\t\t\t<span><br \/>\n\t\t\t\t\t<span>1 de maio de 2026<\/span><br \/>\n\t\t\t\t\t\u00b7<br \/>\n\t\t\t\t<\/span><br \/>\n\t\t\t\tSoci\u00f3loga analisa os efeitos pr\u00e1ticos e simb\u00f3licos da dissemina\u00e7\u00e3o da IA no mundo do trabalho<\/p>\n<div data-init=\"0\" data-id=\"249818\" data-playing=\"0\">\n<p>\t\t\t\t\t\t<audio src=\"https:\/\/redept.com.br\/blogosfera\/wp-content\/uploads\/2026\/05\/PAUTA-PUBLICA_EP-214_MIX_V1.mp3\" preload=\"none\"><\/audio><\/p>\n<div>\n<div>\n<div>\n<p>\t\t\t\t\t\t\t\t\t\t<span><br \/>\n\t\t\t\t\t\t\t\t\t\t\t<i><\/i><br \/>\n\t\t\t\t\t\t\t\t\t\t<\/span><br \/>\n\t\t\t\t\t\t\t\t\t\t<span><br \/>\n\t\t\t\t\t\t\t\t\t\t\t<i><\/i><br \/>\n\t\t\t\t\t\t\t\t\t\t<\/span><\/p><\/div>\n<div>\n<div><\/div>\n<div>\n\t\t\t\t\t\t\t\t\t\t<span><span>0:00<\/span><\/span><br \/>\n\t\t\t\t\t\t\t\t\t\t<span><span>-:\u2013<\/span><\/span>\n\t\t\t\t\t\t\t\t\t<\/div>\n<\/p><\/div>\n<\/p><\/div>\n<div>\n<div>\n\t\t\t\t\t\t\t\t\t\t\t<i><\/i>15<br \/>\n\t\t\t\t\t\t\t\t\t\t\t<i><\/i>15<\/p>\n<div>\n<p>\t\t\t\t\t\t\t\t\t\t\t\t\t<i><\/i><br \/>\n\t\t\t\t\t\t\t\t\t\t\t\t\t<i><\/i><br \/>\n\t\t\t\t\t\t\t\t\t\t\t\t\t<i><\/i><\/p>\n<div><\/div>\n<\/p><\/div>\n<\/p><\/div>\n<div>\n\t\t\t\t\t\t\t\t\t\t\t<i><\/i><br \/>\n\t\t\t\t\t\t\t\t\t\t\t<i><\/i>\n\t\t\t\t\t\t\t\t\t\t<\/div>\n<\/p><\/div>\n<\/p><\/div>\n<\/p><\/div>\n<\/p><\/div>\n<\/p><\/div>\n<div><center>Veja mais epis\u00f3dios desta s\u00e9rie<\/center><\/div>\n<\/p><\/div>\n<\/p><\/div>\n<p><strong>Um dos grandes medos do nosso tempo \u00e9 como a intelig\u00eancia artificial est\u00e1 mudando ou vai mudar o mercado de trabalho. E eu queria trazer dois exemplos concretos que foram relatados \u00e0 nossa equipe, porque eu acho que ilustram bem isso. O primeiro \u00e9 de uma pessoa que trabalhou por doze anos em uma companhia telef\u00f4nica e todo o setor dela foi substitu\u00eddo por intelig\u00eancia artificial. Quando essa pessoa saiu em busca de um novo trabalho, ela conta que todos os processos seletivos est\u00e3o sendo feitos com intelig\u00eancia artificial na filtragem de perfil, e as perguntas fazem um perfil psicol\u00f3gico, \u00e0s vezes at\u00e9 ideol\u00f3gico, dos candidatos, entrevistas longas que voc\u00ea depois nem tem um feedback. E o segundo exemplo, \u00e9 de um programador de alta especializa\u00e7\u00e3o, com v\u00e1rios anos de estrada, que relata que grande parte do trabalho agora \u00e9 ensinar a a intelig\u00eancia artificial a trabalhar. Queria pedir para voc\u00ea falar um pouco sobre tudo isso, sobre esse momento do trabalho com a intelig\u00eancia artificial em tantas camadas.<\/strong><\/p>\n<p>\u00c9, acho que \u00e9 um assunto que a gente t\u00e1 pensando muito agora, porque a intelig\u00eancia artificial vai entrando na vida das pessoas de v\u00e1rios modos. Parece que ainda n\u00e3o \u00e9 um impacto que desemprega estruturalmente os trabalhadores, mas alguns setores j\u00e1 est\u00e3o sendo impactados, e a gente vai pensando num futuro muito inseguro para os trabalhadores em geral, n\u00e9? E a intelig\u00eancia artificial \u00e9 privada nesse momento. S\u00e3o empresas, as Big Techs, que t\u00eam donos, que t\u00eam uma arquitetura de como a internet vai sendo planejada e est\u00e1 sendo executada, e eles v\u00e3o determinando o futuro, o que \u00e9 muito complicado.<\/p>\n<p>Eu acho que tem uma quest\u00e3o importante tamb\u00e9m, que \u00e9 o que a gente est\u00e1 anunciando para os jovens em rela\u00e7\u00e3o ao trabalho. Porque esses discursos de que a IA vai substituir os trabalhadores, de que a IA vai fazer tudo que os humanos podem fazer, \u00e9 um discurso que interfere nos nossos planos para o futuro. E eu acho que os jovens v\u00e3o sendo extremamente impactados por uma crise de futuro, e o trabalho \u00e9 parte importante dessa crise do futuro. Ent\u00e3o, tem uma crise ambiental, as crises das guerras todas que estamos assistindo, mas tamb\u00e9m no trabalho. Acho que a gente tem uma quest\u00e3o de quem vai continuar trabalhando de forma criativa. Tem uma concentra\u00e7\u00e3o de trabalhos interessantes na m\u00e3o de pessoas muito qualificadas, e uma massa grande de trabalhadores parece que vai ficar destinada a um trabalho mec\u00e2nico, sem criatividade.<\/p>\n<p>E eu acho que aqui tem a grande quest\u00e3o, que \u00e9 que as pessoas deveriam estar fazendo coisas interessantes, que produzam significado, subjetividade, identidade, ent\u00e3o acho que parte da identidade do trabalho vai sendo deslocada para outras coisas. A gente j\u00e1 vai vendo isso h\u00e1 v\u00e1rias gera\u00e7\u00f5es, n\u00e3o s\u00f3 os mais jovens. O trabalho era muito mais central na composi\u00e7\u00e3o da identidade das pessoas do que \u00e9 hoje. Ent\u00e3o as pessoas v\u00e3o encontrando outras fontes de produ\u00e7\u00e3o de identidade: religi\u00e3o, quest\u00f5es de g\u00eanero\u2026<\/p>\n<p><strong>Uma quest\u00e3o muito importante \u00e9 justamente essas ferramentas na m\u00e3o dos donos das Big Techs, ent\u00e3o a gente est\u00e1 falando a\u00ed de uma concentra\u00e7\u00e3o de riqueza tamb\u00e9m, de um aumento das desigualdades. A gente tem hoje, por exemplo, donos de Big Techs que t\u00eam mais riqueza acumulada que o PIB de alguns pa\u00edses. Como isso entra nessa conta tamb\u00e9m do mundo do trabalho?<\/strong><\/p>\n<p>Eles foram acumulando muito poder econ\u00f4mico, ou seja, muito poder de decidir coisas, inclusive sobre a arquitetura da pr\u00f3pria IA, e a\u00ed o mundo do trabalho vai ficando absolutamente impactado. Acho que a gente vai, daqui por diante, ver impactos cada vez maiores.<\/p>\n<p>Algumas not\u00edcias sobre a IA na China talvez possam apontar para n\u00f3s algum horizonte, ali n\u00e3o s\u00e3o empresas propriamente privadas, tem um Estado mais regulador. Ent\u00e3o a sociedade vai convivendo com a IA de uma outra forma, diferente de n\u00f3s aqui no Ocidente, n\u00e9?<\/p>\n<p>Eu acho que a gente tem que ir vendo os modelos, mas podendo fazer perguntas. Como \u00e9 que os pa\u00edses v\u00e3o regular o uso da IA? Nos interessa substituir os humanos para todo tipo de atividade? Ou a gente vai conseguindo pensar, discutir, disputar e regular de algum modo como a gente quer esse uso?<\/p>\n<p><strong>E tamb\u00e9m essa quest\u00e3o da distribui\u00e7\u00e3o de renda, n\u00e9?<\/strong><\/p>\n<p>Eu acho que na sa\u00edda da pandemia assistimos a uma concentra\u00e7\u00e3o de renda maior, porque essas Big Techs cresceram. Ent\u00e3o a gente tem uma multid\u00e3o de pessoas precisando se virar entre esse trabalho mediado pelas plataformas digitais que v\u00e3o sendo coordenadas pela IA, pelos algoritmos. S\u00e3o as formas plataformizadas do trabalho, que v\u00e3o fazendo com que as pessoas passem a trabalhar com essa media\u00e7\u00e3o das plataformas digitais. Ent\u00e3o o mundo do trabalho j\u00e1 est\u00e1 muito transformado nessa sa\u00edda da pandemia, a gente foi vendo isso muito rapidamente, as plataformas foram chegando e abocanhando peda\u00e7os do mercado de trabalho, e novos nichos de lucro tamb\u00e9m v\u00e3o se anunciando.<\/p>\n<p>E a\u00ed, com a chegada das bets, o Jogo do Tigrinho, outras plataformas, novos nichos de amplia\u00e7\u00e3o das atividades empresariais v\u00e3o se anunciando, e eu acho que elas est\u00e3o ligadas a uma concentra\u00e7\u00e3o e a uma apropria\u00e7\u00e3o da renda do trabalho. Nem todo trabalho \u00e9 emprego, a gente j\u00e1 tem uma mudan\u00e7a enorme, ent\u00e3o estou chamando aqui de renda do trabalho, que vai sendo apropriada por essas empresas, pelo capital, de uma outra forma, agora pelas apostas. E a\u00ed, eu acho que isso vai produzindo um discurso do \u201cvoc\u00ea n\u00e3o precisa mais trabalhar, voc\u00ea n\u00e3o vai ganhar um dinheiro substancial com o trabalho. Agora, num golpe de sorte, talvez voc\u00ea possa fazer uma renda muito maior\u201d.<\/p>\n<p>E aqui tem um discurso que vai proliferando de uma forma importante, porque as grandes personalidades p\u00fablicas est\u00e3o fazendo propagandas para essas empresas de apostas e tamb\u00e9m de ativos financeiros. Isso na vida das pessoas comuns, impacta como? Tenho me feito essas perguntas.<\/p>\n<p><strong>E eu estou pensando tamb\u00e9m que esses discursos, eles se combinam muito com esses desses coaches que vendem cursos de empreendedorismo, tamb\u00e9m se relacionam com os discursos que s\u00e3o feitos nas igrejas evang\u00e9licas, do empreendedorismo. E a gente pensa at\u00e9 nos red pills, nesses influencers da machosfera que tentam vender essa vida luxuosa e se voc\u00ea n\u00e3o consegue alcan\u00e7ar isso, o problema \u00e9 seu.<\/strong><\/p>\n<p>A gente tem mudan\u00e7as importantes mesmo. Primeiro porque os influenciadores v\u00e3o virando profiss\u00e3o. E as arquiteturas das redes sociais s\u00e3o preparadas para que esses discursos ganhem uma amplitude, e a\u00ed tem uma monetiza\u00e7\u00e3o desse tipo de discurso que vai desmontando um pouco o mundo do trabalho nas formas que conhecemos. Ao mesmo tempo, tem um ataque tamb\u00e9m aos estudos, \u00e0 forma\u00e7\u00e3o universit\u00e1ria. E uma elite que vai mandando seus filhos para estudar fora do Brasil, e dessas pessoas que est\u00e3o estudando fora do Brasil, muitas n\u00e3o v\u00e3o retornar. Ent\u00e3o o que que a gente t\u00e1 pensando para o nosso mercado de trabalho?<\/p>\n<p>Quando voc\u00ea fala da machosfera, a gente vai vendo o movimento nas redes sociais que vai chegando no aumento do n\u00famero de feminic\u00eddios, da viol\u00eancia contra as mulheres. A gente tem visto nas pesquisas que os jovens meninos est\u00e3o mais conservadores, e a\u00ed eu acho que tem um nicho mesmo dos influencers, que v\u00e3o capturando os jovens. E aqui a gente est\u00e1 falando de trabalho tamb\u00e9m. \u00c9 um trabalho dos influencers, dos canais, das redes sociais, que levam os jovens para um discurso e, portanto, pr\u00e1ticas mais violentas, mais excludentes.<\/p>\n<p>\u00c9 muito complicado. Mas eu acho que a gente tamb\u00e9m est\u00e1 falando um pouco de planejamento da vida. Tem um soci\u00f3logo do trabalho, o Richard Sennett, nos anos 2000 ele j\u00e1 escrevia que o longo prazo n\u00e3o existia mais. Ent\u00e3o a gente vai planejando agora no curto e no m\u00e9dio prazo, ficou mais dif\u00edcil fazer essa prospec\u00e7\u00e3o e imagina\u00e7\u00e3o do longo prazo. Mas a gente precisa de certo planejamento, de qualifica\u00e7\u00e3o do trabalho, de se imaginar em trabalhos e, portanto, buscar como realizar sonhos e vontades, e a gente tem que dar esperan\u00e7a para os jovens de que vai ter trabalho, renda do trabalho, modos de aposentadoria, certas formas de planejar, pelo menos, um m\u00e9dio prazo.<\/p>\n<!-- Begin Yuzo --><div class='yuzo_related_post style-1'  data-version='5.12.89'><!-- without result --><div class='yuzo_clearfixed yuzo__title yuzo__title'><h3>Related Post<\/h3><\/div>\n\t\t\t\t\t\t  <div class=\"relatedthumb \" style=\"width:125px;float:left;overflow:hidden;\">  \n\t\t\t\t\t\t\t  \n\t\t\t\t\t\t\t  <a  href=\"https:\/\/redept.com.br\/blogosfera\/eleicoes-2026-a-folha-comeca-a-abrir-o-jogo\/\"  >\n\t\t\t\t\t\t\t\t\t  <div class=\"yuzo-img-wrap \" style=\"width: 125px;height:90px;\">\n\t\t\t\t\t\t\t\t\t\t\n\t\t\t\t\t\t\t\t\t\t<div class=\"yuzo-img\" style=\"background:url('https:\/\/redept.com.br\/blogosfera\/wp-content\/uploads\/2025\/10\/5156673813486439295-150x150.jpg') 50% 50% no-repeat;width: 125px;height:90px;margin-bottom: 5px;background-size: cover; \"><\/div>\n\t\t\t\t\t\t\t\t\t  <\/div>\n\t\t\t\t\t\t\t\t\t  \n\t\t\t\t\t\t\t\t   <span class=\"yuzo__text--title\" style=\"font-size:13px;\">Elei\u00e7\u00f5es 2026: a Folha come\u00e7a a abrir o jogo<\/span>\n\t\t\t\t\t\t\t  \n\t\t\t\t\t\t\t  \n\t\t\t\t\t\t\t  <\/a>\n\n\t\t\t\t\t\t  <\/div>\n\t\t\t\t\t\t  <div class=\"relatedthumb \" style=\"width:125px;float:left;overflow:hidden;\">  \n\t\t\t\t\t\t\t  \n\t\t\t\t\t\t\t  <a  href=\"https:\/\/redept.com.br\/blogosfera\/fabiano-contarato-propoe-que-corrupcao-seja-considerada-crime-hediondo\/\"  >\n\t\t\t\t\t\t\t\t\t  <div class=\"yuzo-img-wrap \" style=\"width: 125px;height:90px;\">\n\t\t\t\t\t\t\t\t\t\t\n\t\t\t\t\t\t\t\t\t\t<div class=\"yuzo-img\" style=\"background:url('https:\/\/redept.org\/blogosfera\/wp-content\/plugins\/yuzo-related-post\/assets\/images\/default.png') 50% 50% no-repeat;width: 125px;height:90px;margin-bottom: 5px;background-size: cover; \"><\/div>\n\t\t\t\t\t\t\t\t\t  <\/div>\n\t\t\t\t\t\t\t\t\t  \n\t\t\t\t\t\t\t\t   <span class=\"yuzo__text--title\" style=\"font-size:13px;\">Fabiano Contarato prop\u00f5e que corrup\u00e7\u00e3o seja consid...<\/span>\n\t\t\t\t\t\t\t  \n\t\t\t\t\t\t\t  \n\t\t\t\t\t\t\t  <\/a>\n\n\t\t\t\t\t\t  <\/div>\n\t\t\t\t\t\t  <div class=\"relatedthumb \" style=\"width:125px;float:left;overflow:hidden;\">  \n\t\t\t\t\t\t\t  \n\t\t\t\t\t\t\t  <a  href=\"https:\/\/redept.com.br\/blogosfera\/sepe-e-francisco-em-uma-roda-de-mate\/\"  >\n\t\t\t\t\t\t\t\t\t  <div class=\"yuzo-img-wrap \" style=\"width: 125px;height:90px;\">\n\t\t\t\t\t\t\t\t\t\t\n\t\t\t\t\t\t\t\t\t\t<div class=\"yuzo-img\" style=\"background:url('https:\/\/redept.org\/blogosfera\/wp-content\/plugins\/yuzo-related-post\/assets\/images\/default.png') 50% 50% no-repeat;width: 125px;height:90px;margin-bottom: 5px;background-size: cover; \"><\/div>\n\t\t\t\t\t\t\t\t\t  <\/div>\n\t\t\t\t\t\t\t\t\t  \n\t\t\t\t\t\t\t\t   <span class=\"yuzo__text--title\" style=\"font-size:13px;\">Sep\u00e9 e Francisco em uma roda de mate<\/span>\n\t\t\t\t\t\t\t  \n\t\t\t\t\t\t\t  \n\t\t\t\t\t\t\t  <\/a>\n\n\t\t\t\t\t\t  <\/div>\n\t\t\t\t\t\t  <div class=\"relatedthumb \" style=\"width:125px;float:left;overflow:hidden;\">  \n\t\t\t\t\t\t\t  \n\t\t\t\t\t\t\t  <a  href=\"https:\/\/redept.com.br\/blogosfera\/documentario-palestino-israelense-vence-o-oscar-e-denuncia-genocidio-na-palestina\/\"  >\n\t\t\t\t\t\t\t\t\t  <div class=\"yuzo-img-wrap \" style=\"width: 125px;height:90px;\">\n\t\t\t\t\t\t\t\t\t\t\n\t\t\t\t\t\t\t\t\t\t<div class=\"yuzo-img\" style=\"background:url('https:\/\/redept.com.br\/blogosfera\/wp-content\/uploads\/2025\/03\/Captura-de-Tela-2025-03-03-as-00.25.46-150x150.png') 50% 50% no-repeat;width: 125px;height:90px;margin-bottom: 5px;background-size: cover; \"><\/div>\n\t\t\t\t\t\t\t\t\t  <\/div>\n\t\t\t\t\t\t\t\t\t  \n\t\t\t\t\t\t\t\t   <span class=\"yuzo__text--title\" style=\"font-size:13px;\">Document\u00e1rio palestino-israelense vence o Oscar e ...<\/span>\n\t\t\t\t\t\t\t  \n\t\t\t\t\t\t\t  \n\t\t\t\t\t\t\t  <\/a>\n\n\t\t\t\t\t\t  <\/div>\n<\/div> <script>\n\t\t\t\t\t\t  jQuery(document).ready(function( $ ){\n\t\t\t\t\t\t\t\/\/jQuery('.yuzo_related_post').equalizer({ overflow : 'relatedthumb' });\n\t\t\t\t\t\t\tjQuery('.yuzo_related_post .yuzo_wraps').equalizer({ columns : '> div' });\n\t\t\t\t\t\t   })\n\t\t\t\t\t\t  <\/script> <!-- End Yuzo :) -->","protected":false},"excerpt":{"rendered":"<p>Soci\u00f3loga Marta Bergamin analisa os efeitos pr\u00e1ticos e simb\u00f3licos da dissemina\u00e7\u00e3o da IA no mundo do trabalho<\/p>\n","protected":false},"author":2,"featured_media":0,"comment_status":"open","ping_status":"closed","sticky":false,"template":"","format":"standard","meta":{"fifu_image_url":"","fifu_image_alt":"","footnotes":""},"categories":[1228,5557,35,377],"tags":[],"class_list":["post-85631","post","type-post","status-publish","format-standard","hentry","category-inteligencia-artificial","category-portugues","category-tecnologia","category-trabalho"],"_links":{"self":[{"href":"https:\/\/redept.com.br\/blogosfera\/wp-json\/wp\/v2\/posts\/85631","targetHints":{"allow":["GET"]}}],"collection":[{"href":"https:\/\/redept.com.br\/blogosfera\/wp-json\/wp\/v2\/posts"}],"about":[{"href":"https:\/\/redept.com.br\/blogosfera\/wp-json\/wp\/v2\/types\/post"}],"author":[{"embeddable":true,"href":"https:\/\/redept.com.br\/blogosfera\/wp-json\/wp\/v2\/users\/2"}],"replies":[{"embeddable":true,"href":"https:\/\/redept.com.br\/blogosfera\/wp-json\/wp\/v2\/comments?post=85631"}],"version-history":[{"count":0,"href":"https:\/\/redept.com.br\/blogosfera\/wp-json\/wp\/v2\/posts\/85631\/revisions"}],"wp:attachment":[{"href":"https:\/\/redept.com.br\/blogosfera\/wp-json\/wp\/v2\/media?parent=85631"}],"wp:term":[{"taxonomy":"category","embeddable":true,"href":"https:\/\/redept.com.br\/blogosfera\/wp-json\/wp\/v2\/categories?post=85631"},{"taxonomy":"post_tag","embeddable":true,"href":"https:\/\/redept.com.br\/blogosfera\/wp-json\/wp\/v2\/tags?post=85631"}],"curies":[{"name":"wp","href":"https:\/\/api.w.org\/{rel}","templated":true}]}}