{"id":85633,"date":"2026-05-01T10:42:15","date_gmt":"2026-05-01T13:42:15","guid":{"rendered":"https:\/\/redept.com.br\/blogosfera\/dia-do-trabalhador-lula-mira-combate-ao-endividamento-e-fim-da-escala-6x1\/"},"modified":"2026-05-01T10:42:15","modified_gmt":"2026-05-01T13:42:15","slug":"dia-do-trabalhador-lula-mira-combate-ao-endividamento-e-fim-da-escala-6x1","status":"publish","type":"post","link":"https:\/\/redept.com.br\/blogosfera\/dia-do-trabalhador-lula-mira-combate-ao-endividamento-e-fim-da-escala-6x1\/","title":{"rendered":"Dia do Trabalhador: Lula mira combate ao endividamento e fim da escala 6\u00d71"},"content":{"rendered":"<p><img fetchpriority=\"high\" width=\"1024\" height=\"683\"src=\"https:\/\/redept.com.br\/blogosfera\/wp-content\/uploads\/2026\/05\/55241248301_86a1f8e935_k.jpg\" alt=\"\" decoding=\"async\" srcset=\"https:\/\/vermelho.org.br\/wp-content\/uploads\/2026\/05\/55241248301_86a1f8e935_k-1024x683.jpg 1024w, https:\/\/vermelho.org.br\/wp-content\/uploads\/2026\/05\/55241248301_86a1f8e935_k-300x200.jpg 300w, https:\/\/vermelho.org.br\/wp-content\/uploads\/2026\/05\/55241248301_86a1f8e935_k-768x512.jpg 768w, https:\/\/vermelho.org.br\/wp-content\/uploads\/2026\/05\/55241248301_86a1f8e935_k-1536x1024.jpg 1536w, https:\/\/vermelho.org.br\/wp-content\/uploads\/2026\/05\/55241248301_86a1f8e935_k-272x182.jpg 272w, https:\/\/redept.com.br\/blogosfera\/wp-content\/uploads\/2026\/05\/55241248301_86a1f8e935_k.jpg 2048w\" sizes=\"(max-width: 1024px) 100vw, 1024px\"><\/p>\n<p>O presidente Lula anunciou em rede nacional de r\u00e1dio e televis\u00e3o, na noite de quinta-feira (30), v\u00e9spera do Dia do Trabalhador e da Trabalhadora, celebrado neste 1\u00ba de maio, duas importantes medidas: o Novo Desenrola Brasil e a luta pelo fim da escala 6\u00d71 com redu\u00e7\u00e3o de jornada de trabalho para 40 horas semanais.<\/p>\n<p>O Novo Desenrola Brasil d\u00e1 sequ\u00eancia ao programa lan\u00e7ado em 2023, que visa combater o endividamento da popula\u00e7\u00e3o. De acordo com a Confedera\u00e7\u00e3o Nacional do Com\u00e9rcio de Bens, Servi\u00e7os e Turismo (CNC), 80,4% das fam\u00edlias brasileiras est\u00e3o endividadas.<\/p>\n<p>Diante disso, o governo dever\u00e1 lan\u00e7ar a nova fase do programa na segunda-feira (3), de acordo com o presidente, em vista de que as d\u00edvidas da popula\u00e7\u00e3o voltaram a crescer.<\/p>\n<p>As novidades no que tange ao programa s\u00e3o a possibilidade de utiliza\u00e7\u00e3o de at\u00e9 20% do saldo do Fundo de Garantia por Tempo de Servi\u00e7o (FGTS) para o pagamento das d\u00edvidas, que ter\u00e3o juros mais baixos, de no m\u00e1ximo 1,99%, e descontos de 30% a 90%.<\/p>\n<p>\u201cAs trabalhadoras e os trabalhadores poder\u00e3o negociar d\u00edvidas do cart\u00e3o de cr\u00e9dito, do cheque especial, do rotativo, do cr\u00e9dito pessoal e at\u00e9 do FIES\u201d, disse Lula.<\/p>\n<p>Outro ponto fundamental ser\u00e1 a proibi\u00e7\u00e3o de apostas em bets para quem aderir ao programa. Quem renegociar a d\u00edvida ficar\u00e1 bloqueado por um ano em todas as plataformas de apostas on-line.<\/p>\n<p>\u201cN\u00e3o \u00e9 justo que as mulheres tenham que trabalhar ainda mais para pagar as d\u00edvidas de jogo dos maridos. N\u00e3o foi nosso governo que deixou as bets entrarem no Brasil, mas \u00e9 o nosso governo que vai colocar um limite \u00e0 destrui\u00e7\u00e3o que elas v\u00eam causando\u201d, salientou o presidente.<\/p>\n<p><strong>Leia mais:<\/strong> <a href=\"https:\/\/vermelho.org.br\/2026\/04\/30\/reducao-da-jornada-na-europa-nao-afetou-pib-nem-nivel-de-emprego\/\">Redu\u00e7\u00e3o da jornada na Europa n\u00e3o afetou PIB nem n\u00edvel de emprego<\/a><\/p>\n<p>Em defer\u00eancia direta \u00e0 classe trabalhadora, que neste 1\u00ba de maio est\u00e1 nas ruas em luta pelo fim da escala 6\u00d71, o presidente destacou que neste ano a data tem significado especial, pois o governo encaminhou ao Congresso Nacional um projeto de lei que limita em 40 horas semanais a jornada de trabalho.<\/p>\n<p>A iniciativa, que pretende acabar com a escala 6\u00d71, \u201cvai garantir mais tempo com a fam\u00edlia. Mais tempo para acompanhar o crescimento dos filhos, estudar, cuidar da sa\u00fade, ir \u00e0 igreja, viver al\u00e9m do trabalho. Mais tempo para descansar, porque eu sei o quanto o trabalhador brasileiro est\u00e1 cansado\u201d, afirmou Lula.<\/p>\n<p>Apesar do refor\u00e7o \u00e0 pauta, o l\u00edder nacional fez um alerta sobre os que jogam contra o projeto, que j\u00e1 correm para as redes sociais para pintar um cen\u00e1rio infundado de caos.<\/p>\n<p>\u201cA elite brasileira sempre foi contra melhorias para o trabalhador: o sal\u00e1rio m\u00ednimo, as f\u00e9rias remuneradas, o 13\u00ba sal\u00e1rio. A turma do andar de cima disse que cada uma dessas conquistas ia quebrar o Brasil. E o Brasil nunca quebrou por dar direito aos trabalhadores. Sempre ficou mais forte. Porque toda vez que a vida do trabalhador melhora, a roda da economia gira com mais for\u00e7a, e todo mundo acaba ganhando. \u00c9 isso que vai acontecer com o fim da escala 6\u00d71 no Brasil\u201d, garantiu.<\/p>\n<p>No pronunciamento, tamb\u00e9m houve espa\u00e7o para destacar as medidas do governo que atenuam os efeitos da guerra do Oriente M\u00e9dio no Brasil, em especial para garantir o abastecimento e pre\u00e7os acess\u00edveis dos combust\u00edveis, aspecto que refor\u00e7a a soberania nacional.<\/p>\n<p>\u201cEm um mundo cada vez mais inst\u00e1vel, com guerras e incertezas se espalhando, \u00e9 fundamental que o governo do Brasil esteja do lado do povo. Nossa na\u00e7\u00e3o precisa ser protegida. Nossa soberania e nossas riquezas t\u00eam que ser defendidas. O Brasil \u00e9 grande demais para baixar a cabe\u00e7a. O Brasil n\u00e3o aceita ser quintal de ningu\u00e9m\u201d.<\/p>\n<p>Por fim, Lula celebrou medidas e programas importantes constru\u00eddos no seu governo, como o G\u00e1s do Povo, a retomada da valoriza\u00e7\u00e3o do sal\u00e1rio m\u00ednimo, a antecipa\u00e7\u00e3o do 13\u00ba sal\u00e1rio dos aposentados, a amplia\u00e7\u00e3o da licen\u00e7a-paternidade e, principalmente, a isen\u00e7\u00e3o do Imposto de Renda para quem ganha at\u00e9 R$ 5 mil e a diminui\u00e7\u00e3o para quem ganha at\u00e9 R$ 7.350.<\/p>\n<figure>\n<div>\n<\/div>\n<\/figure>\n<p><strong>Confira a seguir o discurso do presidente na \u00edntegra:<\/strong><\/p>\n<blockquote>\n<p><em>Minhas amigas e meus amigos.<\/em><\/p>\n<p><em>Amanh\u00e3, 1\u00ba de Maio, \u00e9 o Dia do Trabalhador e da Trabalhadora. Eu quero falar com voc\u00ea, que trabalha duro durante cinco, seis, at\u00e9 sete dias na semana e v\u00ea o fruto do seu esfor\u00e7o ir embora para pagar as d\u00edvidas da sua fam\u00edlia.<\/em><\/p>\n<p><em>N\u00f3s encontramos o Brasil e os brasileiros endividados. A d\u00edvida das fam\u00edlias cresceu por anos e agora est\u00e1 sufocando uma parte da sociedade brasileira. Por isso, vamos lan\u00e7ar, na pr\u00f3xima segunda-feira, o Novo Desenrola Brasil, um conjunto de medidas para ajudar a resolver a vida financeira das fam\u00edlias endividadas.<\/em><\/p>\n<p><em>As trabalhadoras e os trabalhadores poder\u00e3o negociar d\u00edvidas do cart\u00e3o de cr\u00e9dito, do cheque especial, do rotativo, do cr\u00e9dito pessoal e at\u00e9 do FIES.<\/em><\/p>\n<p><em>Os brasileiros endividados ter\u00e3o juros mais baixos, de no m\u00e1ximo 1,99%, e descontos de 30% at\u00e9 90% no valor da d\u00edvida. Assim, voc\u00ea vai ter uma parcela bem menor e mais tempo para pagar sua d\u00edvida. E cada pessoa poder\u00e1 sacar at\u00e9 20% do saldo do Fundo de Garantia por Tempo de Servi\u00e7o.<\/em><\/p>\n<p><em>Agora, o que n\u00e3o pode \u00e9 renegociar a d\u00edvida e continuar perdendo dinheiro apostando em bet. Por isso, quem aderir ao Novo Desenrola Brasil ficar\u00e1 bloqueado por um ano em todas as plataformas de apostas on-line. N\u00e3o \u00e9 justo que as mulheres tenham que trabalhar ainda mais para pagar as d\u00edvidas de jogo dos maridos.<\/em><\/p>\n<p><em>N\u00e3o foi nosso governo que deixou as bets entrarem no Brasil, mas \u00e9 o nosso governo que vai colocar um limite \u00e0 destrui\u00e7\u00e3o que elas v\u00eam causando.<\/em><\/p>\n<p><em>Minhas amigas e meus amigos.<\/em><\/p>\n<p><em>O 1\u00ba de Maio \u00e9 uma data que homenageia a luta de mulheres e homens do mundo inteiro por melhores condi\u00e7\u00f5es de trabalho. E que, este ano, aqui no Brasil, tem um significado especial. Porque n\u00f3s demos, neste m\u00eas de abril, um passo hist\u00f3rico para o nosso pa\u00eds.<\/em><\/p>\n<p><em>Encaminhei ao Congresso Nacional um projeto de lei para reduzir a jornada de trabalho, que passar\u00e1 a ser de, no m\u00e1ximo, 40 horas semanais, com dois dias livres por semana, sem redu\u00e7\u00e3o de sal\u00e1rio.<\/em><\/p>\n<p><em>N\u00e3o faz sentido que, em pleno s\u00e9culo 21, com toda a evolu\u00e7\u00e3o tecnol\u00f3gica, milh\u00f5es de brasileiros e brasileiras tenham que trabalhar seis dias por semana para descansar apenas um dia. Para as mulheres, a situa\u00e7\u00e3o \u00e9 muito mais dif\u00edcil. Elas chegam cansadas do trabalho e, na maioria das vezes, ainda precisam cuidar da casa e dos filhos.<\/em><\/p>\n<p><em>O fim da escala 6\u00d71 vai garantir mais tempo com a fam\u00edlia. Mais tempo para acompanhar o crescimento dos filhos, estudar, cuidar da sa\u00fade, ir \u00e0 igreja, viver al\u00e9m do trabalho. Mais tempo para descansar, porque eu sei o quanto o trabalhador brasileiro est\u00e1 cansado.<\/em><\/p>\n<p><em>Eu sei muito bem que todos os direitos dos trabalhadores foram conquistados com muita luta.<\/em><\/p>\n<p><em>A elite brasileira sempre foi contra melhorias para o trabalhador: o sal\u00e1rio m\u00ednimo, as f\u00e9rias remuneradas, o 13\u00ba sal\u00e1rio. A turma do andar de cima disse que cada uma dessas conquistas ia quebrar o Brasil. E o Brasil nunca quebrou por dar direito aos trabalhadores. Sempre ficou mais forte. Porque toda vez que a vida do trabalhador melhora, a roda da economia gira com mais for\u00e7a, e todo mundo acaba ganhando. \u00c9 isso que vai acontecer com o fim da escala 6\u00d71 no Brasil.<\/em><\/p>\n<p><em>Minhas amigas e meus amigos.<\/em><\/p>\n<p><em>Pa\u00edses do mundo inteiro est\u00e3o sentindo os efeitos da guerra do Oriente M\u00e9dio. O petr\u00f3leo ficou mais caro, e isso vem pressionando os pre\u00e7os dos combust\u00edveis em todo o planeta. Quando os combust\u00edveis sobem, o custo do transporte cresce, o pre\u00e7o dos alimentos aumenta e o custo de vida fica mais caro para o povo. Mas o nosso governo agiu rapidamente.<\/em><\/p>\n<p><em>Com muito esfor\u00e7o, tiramos os impostos dos combust\u00edveis, tomamos uma s\u00e9rie de medidas urgentes para conter o aumento dos pre\u00e7os, garantir o abastecimento e aliviar o peso da guerra sobre as fam\u00edlias brasileiras. Gra\u00e7as a essas a\u00e7\u00f5es, o Brasil tem sido um dos pa\u00edses menos afetados pela crise global.<\/em><\/p>\n<p><em>Em um mundo cada vez mais inst\u00e1vel, com guerras e incertezas se espalhando, \u00e9 fundamental que o Governo do Brasil esteja do lado do povo. Nossa na\u00e7\u00e3o precisa ser protegida. Nossa soberania e nossas riquezas t\u00eam que ser defendidas. O Brasil \u00e9 grande demais para baixar a cabe\u00e7a. O Brasil n\u00e3o aceita ser quintal de ningu\u00e9m.<\/em><\/p>\n<p><em>Minhas amigas e meus amigos.<\/em><\/p>\n<p><em>Este 1\u00ba de Maio \u00e9 tamb\u00e9m o momento de olhar o que constru\u00edmos juntos.<\/em><\/p>\n<p><em>Temos a menor infla\u00e7\u00e3o acumulada em quatro anos da hist\u00f3ria do Brasil, a menor taxa de desemprego, e o rendimento m\u00e9dio dos trabalhadores \u00e9 o maior da hist\u00f3ria do Brasil.<\/em><\/p>\n<p><em>Retomamos a valoriza\u00e7\u00e3o do sal\u00e1rio m\u00ednimo. Zeramos o Imposto de Renda para quem ganha at\u00e9 R$ 5 mil e diminu\u00edmos para quem ganha at\u00e9 R$ 7.350. Antecipamos o 13\u00ba sal\u00e1rio dos aposentados em todos os anos do nosso governo. Aprovamos a amplia\u00e7\u00e3o da licen\u00e7a-paternidade para que os homens tenham mais tempo para cuidar dos filhos rec\u00e9m-nascidos.<\/em><\/p>\n<p><em>Al\u00e9m disso, zeramos a conta de luz para fam\u00edlias que consomem at\u00e9 80 quilowatts e concedemos desconto para quem consome 120 quilowatts por m\u00eas. Lan\u00e7amos o G\u00e1s do Povo, que triplicou o n\u00famero de benefici\u00e1rios do g\u00e1s de cozinha.<\/em><\/p>\n<p><em>Mas tudo isso ainda \u00e9 pouco diante das necessidades das fam\u00edlias brasileiras.<\/em><\/p>\n<p><em>Minhas amigas e meus amigos.<\/em><\/p>\n<p><em>Os obst\u00e1culos que temos pela frente s\u00e3o enormes. Cada vez que damos um passo adiante para melhorar a vida do povo brasileiro, o sistema joga contra. O andar de cima, os bilion\u00e1rios, a elite que s\u00f3 pensa em manter privil\u00e9gios \u00e0s custas do povo. Se dependesse do sistema, nem a escravid\u00e3o teria sido abolida no Brasil.<\/em><\/p>\n<p><em>Mas todo dia eu renovo minha f\u00e9 em Deus e no povo brasileiro, na for\u00e7a de quem levanta cedo, enfrenta dificuldades, cultiva esperan\u00e7a e nunca desiste dos seus sonhos.<\/em><\/p>\n<p><em>Voc\u00ea que tem carteira assinada, que \u00e9 MEI, que trabalha por aplicativo, que faz bico, que vende pela internet. Voc\u00ea que cuida, que ensina, que pega \u00f4nibus cheio, voc\u00ea que planta, colhe, cozinha e constr\u00f3i. Voc\u00ea que \u00e9 uma pessoa honesta e batalhadora, voc\u00ea que vive do pr\u00f3prio trabalho, seja ele qual for, tenha uma certeza neste 1\u00ba de maio: o Governo do Brasil est\u00e1 do seu lado.<\/em><\/p>\n<p><em>Um grande abra\u00e7o e viva o Dia do Trabalhador e da Trabalhadora.<\/em><\/p>\n<\/blockquote>\n<p>O post <a href=\"https:\/\/vermelho.org.br\/2026\/05\/01\/dia-do-trabalhador-lula-mira-combate-ao-endividamento-e-fim-da-escala-6x1\/\">Dia do Trabalhador: Lula mira combate ao endividamento e fim da escala 6\u00d71<\/a> apareceu primeiro em <a href=\"https:\/\/vermelho.org.br\/\">Vermelho<\/a>.<\/p>\n<!-- Begin Yuzo --><div class='yuzo_related_post style-1'  data-version='5.12.89'><!-- without result --><div class='yuzo_clearfixed yuzo__title yuzo__title'><h3>Related Post<\/h3><\/div>\n\t\t\t\t\t\t  <div class=\"relatedthumb \" style=\"width:125px;float:left;overflow:hidden;\">  \n\t\t\t\t\t\t\t  \n\t\t\t\t\t\t\t  <a  href=\"https:\/\/redept.com.br\/blogosfera\/integra-das-respostas-enviadas-para-reportagem-sobre-as-operacoes-de-retirada-de-agrotoxicos-do-rio-tocantins\/\"  >\n\t\t\t\t\t\t\t\t\t  <div class=\"yuzo-img-wrap \" style=\"width: 125px;height:90px;\">\n\t\t\t\t\t\t\t\t\t\t\n\t\t\t\t\t\t\t\t\t\t<div class=\"yuzo-img\" style=\"background:url('https:\/\/redept.org\/blogosfera\/wp-content\/plugins\/yuzo-related-post\/assets\/images\/default.png') 50% 50% no-repeat;width: 125px;height:90px;margin-bottom: 5px;background-size: cover; \"><\/div>\n\t\t\t\t\t\t\t\t\t  <\/div>\n\t\t\t\t\t\t\t\t\t  \n\t\t\t\t\t\t\t\t   <span class=\"yuzo__text--title\" style=\"font-size:13px;\">\u00cdntegra das respostas enviadas para reportagem sob...<\/span>\n\t\t\t\t\t\t\t  \n\t\t\t\t\t\t\t  \n\t\t\t\t\t\t\t  <\/a>\n\n\t\t\t\t\t\t  <\/div>\n\t\t\t\t\t\t  <div class=\"relatedthumb \" style=\"width:125px;float:left;overflow:hidden;\">  \n\t\t\t\t\t\t\t  \n\t\t\t\t\t\t\t  <a  href=\"https:\/\/redept.com.br\/blogosfera\/sou-feminista-e-me-orgulho-de-ser-mulher-diz-nova-presidente-do-superior-tribunal-militar\/\"  >\n\t\t\t\t\t\t\t\t\t  <div class=\"yuzo-img-wrap \" style=\"width: 125px;height:90px;\">\n\t\t\t\t\t\t\t\t\t\t\n\t\t\t\t\t\t\t\t\t\t<div class=\"yuzo-img\" style=\"background:url('https:\/\/redept.org\/blogosfera\/wp-content\/plugins\/yuzo-related-post\/assets\/images\/default.png') 50% 50% no-repeat;width: 125px;height:90px;margin-bottom: 5px;background-size: cover; \"><\/div>\n\t\t\t\t\t\t\t\t\t  <\/div>\n\t\t\t\t\t\t\t\t\t  \n\t\t\t\t\t\t\t\t   <span class=\"yuzo__text--title\" style=\"font-size:13px;\">\u2018Sou feminista e me orgulho de ser mulher\u2019, diz no...<\/span>\n\t\t\t\t\t\t\t  \n\t\t\t\t\t\t\t  \n\t\t\t\t\t\t\t  <\/a>\n\n\t\t\t\t\t\t  <\/div>\n\t\t\t\t\t\t  <div class=\"relatedthumb \" style=\"width:125px;float:left;overflow:hidden;\">  \n\t\t\t\t\t\t\t  \n\t\t\t\t\t\t\t  <a  href=\"https:\/\/redept.com.br\/blogosfera\/escala-4x3-melhora-a-saude-e-aumenta-produtividade-aponta-estudo\/\"  >\n\t\t\t\t\t\t\t\t\t  <div class=\"yuzo-img-wrap \" style=\"width: 125px;height:90px;\">\n\t\t\t\t\t\t\t\t\t\t\n\t\t\t\t\t\t\t\t\t\t<div class=\"yuzo-img\" style=\"background:url('https:\/\/redept.org\/blogosfera\/wp-content\/plugins\/yuzo-related-post\/assets\/images\/default.png') 50% 50% no-repeat;width: 125px;height:90px;margin-bottom: 5px;background-size: cover; \"><\/div>\n\t\t\t\t\t\t\t\t\t  <\/div>\n\t\t\t\t\t\t\t\t\t  \n\t\t\t\t\t\t\t\t   <span class=\"yuzo__text--title\" style=\"font-size:13px;\">Escala 4X3 melhora a sa\u00fade e aumenta produtividade...<\/span>\n\t\t\t\t\t\t\t  \n\t\t\t\t\t\t\t  \n\t\t\t\t\t\t\t  <\/a>\n\n\t\t\t\t\t\t  <\/div>\n\t\t\t\t\t\t  <div class=\"relatedthumb \" style=\"width:125px;float:left;overflow:hidden;\">  \n\t\t\t\t\t\t\t  \n\t\t\t\t\t\t\t  <a  href=\"https:\/\/redept.com.br\/blogosfera\/ia-e-a-estetica-do-atalho\/\"  >\n\t\t\t\t\t\t\t\t\t  <div class=\"yuzo-img-wrap \" style=\"width: 125px;height:90px;\">\n\t\t\t\t\t\t\t\t\t\t\n\t\t\t\t\t\t\t\t\t\t<div class=\"yuzo-img\" style=\"background:url('https:\/\/redept.com.br\/blogosfera\/wp-content\/uploads\/2026\/02\/photo_4931597993664777137_y-150x150.jpg') 50% 50% no-repeat;width: 125px;height:90px;margin-bottom: 5px;background-size: cover; \"><\/div>\n\t\t\t\t\t\t\t\t\t  <\/div>\n\t\t\t\t\t\t\t\t\t  \n\t\t\t\t\t\t\t\t   <span class=\"yuzo__text--title\" style=\"font-size:13px;\">IA e a est\u00e9tica do atalho<\/span>\n\t\t\t\t\t\t\t  \n\t\t\t\t\t\t\t  \n\t\t\t\t\t\t\t  <\/a>\n\n\t\t\t\t\t\t  <\/div>\n<\/div> <script>\n\t\t\t\t\t\t  jQuery(document).ready(function( $ ){\n\t\t\t\t\t\t\t\/\/jQuery('.yuzo_related_post').equalizer({ overflow : 'relatedthumb' });\n\t\t\t\t\t\t\tjQuery('.yuzo_related_post .yuzo_wraps').equalizer({ columns : '> div' });\n\t\t\t\t\t\t   })\n\t\t\t\t\t\t  <\/script> <!-- End Yuzo :) -->","protected":false},"excerpt":{"rendered":"<p>O presidente Lula anunciou em rede nacional de r\u00e1dio e televis\u00e3o, na noite de quinta-feira (30), v\u00e9spera do Dia do Trabalhador e da Trabalhadora, celebrado neste 1\u00ba de maio, duas importantes medidas: o Novo Desenrola Brasil e a luta pelo fim da escala 6\u00d71 com redu\u00e7\u00e3o de jornada de trabalho para 40 horas semanais. O [&hellip;]<\/p>\n","protected":false},"author":2,"featured_media":0,"comment_status":"open","ping_status":"closed","sticky":false,"template":"","format":"standard","meta":{"fifu_image_url":"","fifu_image_alt":"","footnotes":""},"categories":[3936,53622,8002,47000,5225,1830,2008,112,53623,132,10064,2482],"tags":[],"class_list":["post-85633","post","type-post","status-publish","format-standard","hentry","category-1o-de-maio","category-combate-ao-endividamento","category-desenrola","category-desenrola-brasil","category-dia-do-trabalhador","category-dividas","category-fim-da-escala-6x1","category-lula","category-novo-desenrola-brasil","category-politica","category-pronunciamento-de-lula","category-reducao-da-jornada"],"_links":{"self":[{"href":"https:\/\/redept.com.br\/blogosfera\/wp-json\/wp\/v2\/posts\/85633","targetHints":{"allow":["GET"]}}],"collection":[{"href":"https:\/\/redept.com.br\/blogosfera\/wp-json\/wp\/v2\/posts"}],"about":[{"href":"https:\/\/redept.com.br\/blogosfera\/wp-json\/wp\/v2\/types\/post"}],"author":[{"embeddable":true,"href":"https:\/\/redept.com.br\/blogosfera\/wp-json\/wp\/v2\/users\/2"}],"replies":[{"embeddable":true,"href":"https:\/\/redept.com.br\/blogosfera\/wp-json\/wp\/v2\/comments?post=85633"}],"version-history":[{"count":0,"href":"https:\/\/redept.com.br\/blogosfera\/wp-json\/wp\/v2\/posts\/85633\/revisions"}],"wp:attachment":[{"href":"https:\/\/redept.com.br\/blogosfera\/wp-json\/wp\/v2\/media?parent=85633"}],"wp:term":[{"taxonomy":"category","embeddable":true,"href":"https:\/\/redept.com.br\/blogosfera\/wp-json\/wp\/v2\/categories?post=85633"},{"taxonomy":"post_tag","embeddable":true,"href":"https:\/\/redept.com.br\/blogosfera\/wp-json\/wp\/v2\/tags?post=85633"}],"curies":[{"name":"wp","href":"https:\/\/api.w.org\/{rel}","templated":true}]}}