{"id":85651,"date":"2026-05-01T15:46:02","date_gmt":"2026-05-01T18:46:02","guid":{"rendered":"https:\/\/redept.com.br\/blogosfera\/economia-solidaria-ocupa-o-festival-dos-trabalhadores-e-das-trabalhadoras-em-porto-alegre\/"},"modified":"2026-05-01T15:46:02","modified_gmt":"2026-05-01T18:46:02","slug":"economia-solidaria-ocupa-o-festival-dos-trabalhadores-e-das-trabalhadoras-em-porto-alegre","status":"publish","type":"post","link":"https:\/\/redept.com.br\/blogosfera\/economia-solidaria-ocupa-o-festival-dos-trabalhadores-e-das-trabalhadoras-em-porto-alegre\/","title":{"rendered":"Economia Solid\u00e1ria ocupa o Festival dos Trabalhadores e das Trabalhadoras em Porto Alegre"},"content":{"rendered":"<p>O Festival dos Trabalhadores e Trabalhadoras, em Porto Alegre, marcou o 1\u00ba de Maio com a valoriza\u00e7\u00e3o da produ\u00e7\u00e3o coletiva e do empreendedorismo popular, tendo como um de seus destaques a Feira de Economia Solid\u00e1ria e Criativa. Integrada \u00e0 programa\u00e7\u00e3o do evento, a iniciativa come\u00e7ou \u00e0s 10h e segue at\u00e9 as 22h, na Casa do [\u2026]<\/p>\n<p><a href=\"https:\/\/www.brasildefato.com.br\/2026\/05\/01\/economia-solidaria-ocupa-o-festival-dos-trabalhadores-e-das-trabalhadoras-em-porto-alegre\/\" rel=\"nofollow\">Fonte<\/a><\/p>\n<!-- Begin Yuzo --><div class='yuzo_related_post style-1'  data-version='5.12.89'><!-- without result --><div class='yuzo_clearfixed yuzo__title yuzo__title'><h3>Related Post<\/h3><\/div>\n\t\t\t\t\t\t  <div class=\"relatedthumb \" style=\"width:125px;float:left;overflow:hidden;\">  \n\t\t\t\t\t\t\t  \n\t\t\t\t\t\t\t  <a  href=\"https:\/\/redept.com.br\/blogosfera\/como-um-professor-pode-lidar-com-a-homofobia\/\"  >\n\t\t\t\t\t\t\t\t\t  <div class=\"yuzo-img-wrap \" style=\"width: 125px;height:90px;\">\n\t\t\t\t\t\t\t\t\t\t\n\t\t\t\t\t\t\t\t\t\t<div class=\"yuzo-img\" style=\"background:url('https:\/\/redept.com.br\/blogosfera\/wp-content\/uploads\/2026\/02\/rpf-violencia-nas-escolas-2025-04-1200-800-150x150.jpg') 50% 50% no-repeat;width: 125px;height:90px;margin-bottom: 5px;background-size: cover; \"><\/div>\n\t\t\t\t\t\t\t\t\t  <\/div>\n\t\t\t\t\t\t\t\t\t  \n\t\t\t\t\t\t\t\t   <span class=\"yuzo__text--title\" style=\"font-size:13px;\">Como um professor pode lidar com a homofobia?<\/span>\n\t\t\t\t\t\t\t  \n\t\t\t\t\t\t\t  \n\t\t\t\t\t\t\t  <\/a>\n\n\t\t\t\t\t\t  <\/div>\n\t\t\t\t\t\t  <div class=\"relatedthumb \" style=\"width:125px;float:left;overflow:hidden;\">  \n\t\t\t\t\t\t\t  \n\t\t\t\t\t\t\t  <a  href=\"https:\/\/redept.com.br\/blogosfera\/professores-da-rede-publica-de-sp-fazem-greve-na-sexta-9\/\"  >\n\t\t\t\t\t\t\t\t\t  <div class=\"yuzo-img-wrap \" style=\"width: 125px;height:90px;\">\n\t\t\t\t\t\t\t\t\t\t\n\t\t\t\t\t\t\t\t\t\t<div class=\"yuzo-img\" style=\"background:url('https:\/\/redept.com.br\/blogosfera\/wp-content\/uploads\/2025\/05\/professores_ato-e1746473463561-150x150.jpg') 50% 50% no-repeat;width: 125px;height:90px;margin-bottom: 5px;background-size: cover; \"><\/div>\n\t\t\t\t\t\t\t\t\t  <\/div>\n\t\t\t\t\t\t\t\t\t  \n\t\t\t\t\t\t\t\t   <span class=\"yuzo__text--title\" style=\"font-size:13px;\">Professores da rede p\u00fablica de SP fazem greve na s...<\/span>\n\t\t\t\t\t\t\t  \n\t\t\t\t\t\t\t  \n\t\t\t\t\t\t\t  <\/a>\n\n\t\t\t\t\t\t  <\/div>\n\t\t\t\t\t\t  <div class=\"relatedthumb \" style=\"width:125px;float:left;overflow:hidden;\">  \n\t\t\t\t\t\t\t  \n\t\t\t\t\t\t\t  <a  href=\"https:\/\/redept.com.br\/blogosfera\/em-carta-governo-reforca-indignacao-a-imposicao-de-tarifas-pelos-eua\/\"  >\n\t\t\t\t\t\t\t\t\t  <div class=\"yuzo-img-wrap \" style=\"width: 125px;height:90px;\">\n\t\t\t\t\t\t\t\t\t\t\n\t\t\t\t\t\t\t\t\t\t<div class=\"yuzo-img\" style=\"background:url('https:\/\/redept.org\/blogosfera\/wp-content\/plugins\/yuzo-related-post\/assets\/images\/default.png') 50% 50% no-repeat;width: 125px;height:90px;margin-bottom: 5px;background-size: cover; \"><\/div>\n\t\t\t\t\t\t\t\t\t  <\/div>\n\t\t\t\t\t\t\t\t\t  \n\t\t\t\t\t\t\t\t   <span class=\"yuzo__text--title\" style=\"font-size:13px;\">Em carta, governo refor\u00e7a indigna\u00e7\u00e3o \u00e0 imposi\u00e7\u00e3o d...<\/span>\n\t\t\t\t\t\t\t  \n\t\t\t\t\t\t\t  \n\t\t\t\t\t\t\t  <\/a>\n\n\t\t\t\t\t\t  <\/div>\n\t\t\t\t\t\t  <div class=\"relatedthumb \" style=\"width:125px;float:left;overflow:hidden;\">  \n\t\t\t\t\t\t\t  \n\t\t\t\t\t\t\t  <a  href=\"https:\/\/redept.com.br\/blogosfera\/em-meio-a-cessar-fogo-israel-ataca-o-libano-e-afirma-que-identificou-ameaca-do-hezbollah\/\"  >\n\t\t\t\t\t\t\t\t\t  <div class=\"yuzo-img-wrap \" style=\"width: 125px;height:90px;\">\n\t\t\t\t\t\t\t\t\t\t\n\t\t\t\t\t\t\t\t\t\t<div class=\"yuzo-img\" style=\"background:url('https:\/\/redept.org\/blogosfera\/wp-content\/plugins\/yuzo-related-post\/assets\/images\/default.png') 50% 50% no-repeat;width: 125px;height:90px;margin-bottom: 5px;background-size: cover; \"><\/div>\n\t\t\t\t\t\t\t\t\t  <\/div>\n\t\t\t\t\t\t\t\t\t  \n\t\t\t\t\t\t\t\t   <span class=\"yuzo__text--title\" style=\"font-size:13px;\">Em meio a cessar-fogo, Israel ataca o L\u00edbano e afi...<\/span>\n\t\t\t\t\t\t\t  \n\t\t\t\t\t\t\t  \n\t\t\t\t\t\t\t  <\/a>\n\n\t\t\t\t\t\t  <\/div>\n<\/div> <script>\n\t\t\t\t\t\t  jQuery(document).ready(function( $ ){\n\t\t\t\t\t\t\t\/\/jQuery('.yuzo_related_post').equalizer({ overflow : 'relatedthumb' });\n\t\t\t\t\t\t\tjQuery('.yuzo_related_post .yuzo_wraps').equalizer({ columns : '> div' });\n\t\t\t\t\t\t   })\n\t\t\t\t\t\t  <\/script> <!-- End Yuzo :) -->","protected":false},"excerpt":{"rendered":"<p>O Festival dos Trabalhadores e Trabalhadoras, em Porto Alegre, marcou o 1\u00ba de Maio com a valoriza\u00e7\u00e3o da produ\u00e7\u00e3o coletiva e do empreendedorismo popular, tendo como um de seus destaques a Feira de Economia Solid\u00e1ria e Criativa. Integrada \u00e0 programa\u00e7\u00e3o do evento, a iniciativa come\u00e7ou \u00e0s 10h e segue at\u00e9 as 22h, na Casa do [&hellip;]<\/p>\n","protected":false},"author":2,"featured_media":0,"comment_status":"open","ping_status":"closed","sticky":false,"template":"","format":"standard","meta":{"fifu_image_url":"","fifu_image_alt":"","footnotes":""},"categories":[3936,2461,306,1129,18016,29662,265,53676,53677,2364,3816,282,632,44122,53678,38331,2957,53679,44126,5417,39534,1689,302,2267,53680,214,38,37869,1300,1005,377,53681],"tags":[],"class_list":["post-85651","post","type-post","status-publish","format-standard","hentry","category-1o-de-maio","category-agricultura-familiar","category-agroecologia","category-alimentacao-saudavel","category-artesanato","category-associativismo","category-autogestao","category-coletivo-de-escritores-negros","category-comercio-justo","category-cooperativismo","category-cozinhas-solidarias","category-ctb","category-cultura-popular","category-cut-rs","category-dia-dos-trabalhadores","category-economia-circular","category-economia-solidaria","category-feira-de-economia-solidaria-e-criativa","category-festival-dos-trabalhadores","category-geracao-de-renda","category-marcha-mundial-das-mulheres","category-movimentos-sociais","category-mst","category-mulheres-negras","category-periferia-feminista","category-politicas-publicas","category-porto-alegre","category-protagonismo-feminino","category-seguranca-alimentar","category-sustentabilidade","category-trabalho","category-unisol"],"_links":{"self":[{"href":"https:\/\/redept.com.br\/blogosfera\/wp-json\/wp\/v2\/posts\/85651","targetHints":{"allow":["GET"]}}],"collection":[{"href":"https:\/\/redept.com.br\/blogosfera\/wp-json\/wp\/v2\/posts"}],"about":[{"href":"https:\/\/redept.com.br\/blogosfera\/wp-json\/wp\/v2\/types\/post"}],"author":[{"embeddable":true,"href":"https:\/\/redept.com.br\/blogosfera\/wp-json\/wp\/v2\/users\/2"}],"replies":[{"embeddable":true,"href":"https:\/\/redept.com.br\/blogosfera\/wp-json\/wp\/v2\/comments?post=85651"}],"version-history":[{"count":0,"href":"https:\/\/redept.com.br\/blogosfera\/wp-json\/wp\/v2\/posts\/85651\/revisions"}],"wp:attachment":[{"href":"https:\/\/redept.com.br\/blogosfera\/wp-json\/wp\/v2\/media?parent=85651"}],"wp:term":[{"taxonomy":"category","embeddable":true,"href":"https:\/\/redept.com.br\/blogosfera\/wp-json\/wp\/v2\/categories?post=85651"},{"taxonomy":"post_tag","embeddable":true,"href":"https:\/\/redept.com.br\/blogosfera\/wp-json\/wp\/v2\/tags?post=85651"}],"curies":[{"name":"wp","href":"https:\/\/api.w.org\/{rel}","templated":true}]}}