{"id":85655,"date":"2026-05-01T16:06:29","date_gmt":"2026-05-01T19:06:29","guid":{"rendered":"https:\/\/redept.com.br\/blogosfera\/manifesto-da-cipoml-para-o-1o-de-maio-so-os-trabalhadores-no-poder-libertarao-a-humanidade-da-exploracao-da-opressao-e-das-guerras\/"},"modified":"2026-05-01T16:06:29","modified_gmt":"2026-05-01T19:06:29","slug":"manifesto-da-cipoml-para-o-1o-de-maio-so-os-trabalhadores-no-poder-libertarao-a-humanidade-da-exploracao-da-opressao-e-das-guerras","status":"publish","type":"post","link":"https:\/\/redept.com.br\/blogosfera\/manifesto-da-cipoml-para-o-1o-de-maio-so-os-trabalhadores-no-poder-libertarao-a-humanidade-da-exploracao-da-opressao-e-das-guerras\/","title":{"rendered":"Manifesto da CIPOML para o 1\u00ba de maio: s\u00f3 os trabalhadores no poder libertar\u00e3o a humanidade da explora\u00e7\u00e3o, da opress\u00e3o e das guerras"},"content":{"rendered":"<p><img fetchpriority=\"high\" width=\"1280\" height=\"853\"src=\"https:\/\/redept.com.br\/blogosfera\/wp-content\/uploads\/2026\/05\/4947414640225267392.jpg\" alt=\"1\u00ba MAIO. Militantes da UP levantam cartaz pelo fim da escala 6x1 no ato de Primeiro de Maio em S\u00e3o Paulo. Foto: Arthur Rodrigues (JAV\/SP)\" link_thumbnail=\"\" decoding=\"async\" srcset=\"https:\/\/redept.com.br\/blogosfera\/wp-content\/uploads\/2026\/05\/4947414640225267392.jpg 1280w, https:\/\/averdade.org.br\/wp-content\/uploads\/2025\/05\/4947414640225267392-350x233.jpg 350w, https:\/\/averdade.org.br\/wp-content\/uploads\/2025\/05\/4947414640225267392-1024x682.jpg 1024w, https:\/\/averdade.org.br\/wp-content\/uploads\/2025\/05\/4947414640225267392-250x167.jpg 250w, https:\/\/averdade.org.br\/wp-content\/uploads\/2025\/05\/4947414640225267392-768x512.jpg 768w, https:\/\/averdade.org.br\/wp-content\/uploads\/2025\/05\/4947414640225267392-150x100.jpg 150w, https:\/\/averdade.org.br\/wp-content\/uploads\/2025\/05\/4947414640225267392-300x200.jpg 300w, https:\/\/averdade.org.br\/wp-content\/uploads\/2025\/05\/4947414640225267392-696x464.jpg 696w, https:\/\/averdade.org.br\/wp-content\/uploads\/2025\/05\/4947414640225267392-1068x712.jpg 1068w\" sizes=\"(max-width: 1280px) 100vw, 1280px\"><\/p>\n<p><strong>Manifesto da CIPOML para o 1\u00ba de maio \u2013 Dia Internacional da Classe Trabalhadora<\/strong><\/p>\n<hr>\n<p><span>Em maio de 1886, o sangue oper\u00e1rio derramado em Chicago incendiou uma luta que ainda arde no mundo: o combate contra a explora\u00e7\u00e3o capitalista e o caminho irrenunci\u00e1vel na dire\u00e7\u00e3o da vida e da emancipa\u00e7\u00e3o dos trabalhadores. Neste 1\u00ba de maio, em todos os cantos do planeta, a classe oper\u00e1ria invocar\u00e1 seu mart\u00edrio como um estrondoso grito de guerra contra a explora\u00e7\u00e3o do capital.<\/span><\/p>\n<p><span>Hoje, os trabalhadores do mundo t\u00eam raz\u00f5es de sobra para se levantar: brotam m\u00faltiplas demandas das f\u00e1bricas, nos campos e nas cidades. Entre elas, ressoa com for\u00e7a a condena\u00e7\u00e3o \u00e0 agress\u00f5es do imperialismo estadunidense, que, junto ao sionismo israelense, leva a guerra ao Oriente M\u00e9dio com ataques ao Ir\u00e3 e ao L\u00edbano e o genoc\u00eddio contra o povo palestino. Ao mesmo tempo, mant\u00e9m pol\u00edticas de press\u00e3o e agress\u00e3o contra os povos da Venezuela e de Cuba.<\/span><\/p>\n<p><span>A agressividade do imperialismo estadunidense n\u00e3o \u00e9 um fato isolado, mas um sintoma de sua decad\u00eancia que se arrasta h\u00e1 anos; uma resposta desesperada para preservar sua hegemonia mundial frente ao que identifica como seu principal inimigo, a China imperialista, que hoje disputa os espa\u00e7os de poder econ\u00f4mico e geopol\u00edtico. Nessa guerra entre pot\u00eancias, onde se reconfiguram alian\u00e7as e se intensificam conflitos, s\u00e3o os trabalhadores, a juventude e os povos que carregam o peso da crise, da guerra e da explora\u00e7\u00e3o.<\/span><\/p>\n<p><span>Frente a esta realidade, os trabalhadores e os povos n\u00e3o podem nem devem tomar partido de uma ou outra pot\u00eancia; o imperialismo, por sua pr\u00f3pria natureza, \u00e9 o sujeito inimigo dos povos, sem se importar com qual face se apresente. Em meio \u00e0 agudiza\u00e7\u00e3o das contradi\u00e7\u00f5es imperialistas, nossa posi\u00e7\u00e3o \u00e9 clara: n\u00e3o nos alinharemos com uma ou outra pot\u00eancia, apenas com os que resistem e lutam.<\/span><\/p>\n<p><span>Tomamos partido pelos povos que combatem por sua emancipa\u00e7\u00e3o, por seu direito de existir com dignidade e soberania. Levantamos nossas bandeiras de solidariedade com os povos e com todos aqueles que, em qualquer lugar do mundo, enfrentam a explora\u00e7\u00e3o capitalista, a opress\u00e3o e a viol\u00eancia. Suas lutas s\u00e3o nossas lutas, porque em cada uma reside a possibilidade de um futuro diferente, um mundo sem classes e explora\u00e7\u00e3o.\u00a0<\/span><\/p>\n<p><span>No contexto atual, chamamos todas as for\u00e7as anti-imperialistas e antifascistas para enfrentar os inimigos dos povos. \u00c9 necess\u00e1rio marchar em uma unidade firme e poderosa, que n\u00e3o seja s\u00f3 de palavras, mas uma a\u00e7\u00e3o organizada e consciente.<\/span><\/p>\n<p><span>Que nossa for\u00e7a se expresse na a\u00e7\u00e3o cotidiana, em cada espa\u00e7o onde os trabalhadores resistem, em cada pa\u00eds onde se levantam vozes contra a explora\u00e7\u00e3o e a injusti\u00e7a. Construamos uma frente que atue globalmente, nutrida pelas batalhas concretas que libertem nossos territ\u00f3rios, capaz de golpear o imperialismo e abrir caminho para a emancipa\u00e7\u00e3o.<\/span><\/p>\n<p><span>O sistema capitalista enfrenta hoje um momento cr\u00edtico que revela sua incapacidade de garantir a vida. Enquanto assistimos a um processo de maior concentra\u00e7\u00e3o da riqueza em poucas m\u00e3os, as condi\u00e7\u00f5es de exist\u00eancia da classe trabalhadora e dos setores populares se deterioram de forma alarmante.\u00a0<\/span><\/p>\n<p><span>As pol\u00edticas de ajuste econ\u00f4mico, executadas por governos a servi\u00e7o do capital, s\u00f3 aumentam os \u00edndices de pobreza, de desemprego e de explora\u00e7\u00e3o. O capitalismo n\u00e3o \u00e9 \u2013 e nunca foi \u2013 uma op\u00e7\u00e3o de bem-estar para os povos.<\/span><\/p>\n<p><span>Para alcan\u00e7ar a verdadeira emancipa\u00e7\u00e3o, \u00e9 uma necessidade hist\u00f3rica destruir o sistema capitalista-imperialista. Em seu lugar, edificar uma sociedade nova, fundada na expropria\u00e7\u00e3o dos exploradores, da justi\u00e7a, do trabalho livre e digno: a sociedade dos trabalhadores, o socialismo.<\/span><\/p>\n<h4><strong>VIVA O 1\u00ba DE MAIO, DIA INTERNACIONAL DA UNIDADE, LUTA E SOLIDARIEDADE DA CLASSE OPER\u00c1RIA!<\/strong><\/h4>\n<h4><strong>VIVA A LUTA DOS TRABALHADORES!<\/strong><\/h4>\n<h4><strong>MORTE AO IMPERIALISMO E SIONISMO CRIMINOSOS!<\/strong><\/h4>\n<h4><strong><span>Confer\u00eancia Internacional de Partidos e Organiza\u00e7\u00f5es Marxistas-Leninistas (CIPOML)<\/span><\/strong><\/h4>\n<!-- Begin Yuzo --><div class='yuzo_related_post style-1'  data-version='5.12.89'><!-- without result --><div class='yuzo_clearfixed yuzo__title yuzo__title'><h3>Related Post<\/h3><\/div>\n\t\t\t\t\t\t  <div class=\"relatedthumb \" style=\"width:125px;float:left;overflow:hidden;\">  \n\t\t\t\t\t\t\t  \n\t\t\t\t\t\t\t  <a  href=\"https:\/\/redept.com.br\/blogosfera\/gastos-com-bets-levam-34-a-adiar-entrada-em-faculdades-privadas\/\"  >\n\t\t\t\t\t\t\t\t\t  <div class=\"yuzo-img-wrap \" style=\"width: 125px;height:90px;\">\n\t\t\t\t\t\t\t\t\t\t\n\t\t\t\t\t\t\t\t\t\t<div class=\"yuzo-img\" style=\"background:url('https:\/\/redept.com.br\/blogosfera\/wp-content\/uploads\/2025\/07\/Captura-de-Tela-2025-07-10-as-161846-150x150.png') 50% 50% no-repeat;width: 125px;height:90px;margin-bottom: 5px;background-size: cover; \"><\/div>\n\t\t\t\t\t\t\t\t\t  <\/div>\n\t\t\t\t\t\t\t\t\t  \n\t\t\t\t\t\t\t\t   <span class=\"yuzo__text--title\" style=\"font-size:13px;\">Gastos com bets levam 34% a adiar entrada em facul...<\/span>\n\t\t\t\t\t\t\t  \n\t\t\t\t\t\t\t  \n\t\t\t\t\t\t\t  <\/a>\n\n\t\t\t\t\t\t  <\/div>\n\t\t\t\t\t\t  <div class=\"relatedthumb \" style=\"width:125px;float:left;overflow:hidden;\">  \n\t\t\t\t\t\t\t  \n\t\t\t\t\t\t\t  <a  href=\"https:\/\/redept.com.br\/blogosfera\/motta-garante-ao-governo-que-camara-votara-isencao-do-imposto-de-renda\/\"  >\n\t\t\t\t\t\t\t\t\t  <div class=\"yuzo-img-wrap \" style=\"width: 125px;height:90px;\">\n\t\t\t\t\t\t\t\t\t\t\n\t\t\t\t\t\t\t\t\t\t<div class=\"yuzo-img\" style=\"background:url('https:\/\/redept.com.br\/blogosfera\/wp-content\/uploads\/2025\/09\/hugomotta_Hugo-Motta-REPUBLICANOS-PB-150x150.jpg') 50% 50% no-repeat;width: 125px;height:90px;margin-bottom: 5px;background-size: cover; \"><\/div>\n\t\t\t\t\t\t\t\t\t  <\/div>\n\t\t\t\t\t\t\t\t\t  \n\t\t\t\t\t\t\t\t   <span class=\"yuzo__text--title\" style=\"font-size:13px;\">Motta garante ao governo que C\u00e2mara votar\u00e1 isen\u00e7\u00e3o...<\/span>\n\t\t\t\t\t\t\t  \n\t\t\t\t\t\t\t  \n\t\t\t\t\t\t\t  <\/a>\n\n\t\t\t\t\t\t  <\/div>\n\t\t\t\t\t\t  <div class=\"relatedthumb \" style=\"width:125px;float:left;overflow:hidden;\">  \n\t\t\t\t\t\t\t  \n\t\t\t\t\t\t\t  <a  href=\"https:\/\/redept.com.br\/blogosfera\/todos-os-olhos-no-stf-o-futuro-da-adpf-das-favelas\/\"  >\n\t\t\t\t\t\t\t\t\t  <div class=\"yuzo-img-wrap \" style=\"width: 125px;height:90px;\">\n\t\t\t\t\t\t\t\t\t\t\n\t\t\t\t\t\t\t\t\t\t<div class=\"yuzo-img\" style=\"background:url('https:\/\/redept.org\/blogosfera\/wp-content\/plugins\/yuzo-related-post\/assets\/images\/default.png') 50% 50% no-repeat;width: 125px;height:90px;margin-bottom: 5px;background-size: cover; \"><\/div>\n\t\t\t\t\t\t\t\t\t  <\/div>\n\t\t\t\t\t\t\t\t\t  \n\t\t\t\t\t\t\t\t   <span class=\"yuzo__text--title\" style=\"font-size:13px;\">Todos os olhos no STF: o futuro da ADPF das Favela...<\/span>\n\t\t\t\t\t\t\t  \n\t\t\t\t\t\t\t  \n\t\t\t\t\t\t\t  <\/a>\n\n\t\t\t\t\t\t  <\/div>\n\t\t\t\t\t\t  <div class=\"relatedthumb \" style=\"width:125px;float:left;overflow:hidden;\">  \n\t\t\t\t\t\t\t  \n\t\t\t\t\t\t\t  <a  href=\"https:\/\/redept.com.br\/blogosfera\/exposicao-da-artista-visual-graca-craidi-em-porto-alegre-rs-denuncia-feminicidios\/\"  >\n\t\t\t\t\t\t\t\t\t  <div class=\"yuzo-img-wrap \" style=\"width: 125px;height:90px;\">\n\t\t\t\t\t\t\t\t\t\t\n\t\t\t\t\t\t\t\t\t\t<div class=\"yuzo-img\" style=\"background:url('https:\/\/redept.org\/blogosfera\/wp-content\/plugins\/yuzo-related-post\/assets\/images\/default.png') 50% 50% no-repeat;width: 125px;height:90px;margin-bottom: 5px;background-size: cover; \"><\/div>\n\t\t\t\t\t\t\t\t\t  <\/div>\n\t\t\t\t\t\t\t\t\t  \n\t\t\t\t\t\t\t\t   <span class=\"yuzo__text--title\" style=\"font-size:13px;\">Exposi\u00e7\u00e3o da artista visual Gra\u00e7a Craidi em Porto ...<\/span>\n\t\t\t\t\t\t\t  \n\t\t\t\t\t\t\t  \n\t\t\t\t\t\t\t  <\/a>\n\n\t\t\t\t\t\t  <\/div>\n<\/div> <script>\n\t\t\t\t\t\t  jQuery(document).ready(function( $ ){\n\t\t\t\t\t\t\t\/\/jQuery('.yuzo_related_post').equalizer({ overflow : 'relatedthumb' });\n\t\t\t\t\t\t\tjQuery('.yuzo_related_post .yuzo_wraps').equalizer({ columns : '> div' });\n\t\t\t\t\t\t   })\n\t\t\t\t\t\t  <\/script> <!-- End Yuzo :) -->","protected":false},"excerpt":{"rendered":"<p><img decoding=\"async\" width=\"1280\" height=\"853\" src=\"https:\/\/averdade.org.br\/wp-content\/uploads\/2025\/05\/4947414640225267392.jpg\" alt=\"1\u00ba MAIO. Militantes da UP levantam cartaz pelo fim da escala 6x1 no ato de Primeiro de Maio em S\u00e3o Paulo. Foto: Arthur Rodrigues (JAV\/SP)\">Manifesto da CIPOML para o 1\u00ba de maio \u2013 Dia Internacional da Classe Trabalhadora Em maio de 1886, o sangue oper\u00e1rio derramado em Chicago incendiou uma luta que ainda arde no mundo: o combate contra a explora\u00e7\u00e3o capitalista e o caminho irrenunci\u00e1vel na dire\u00e7\u00e3o da vida e da emancipa\u00e7\u00e3o dos trabalhadores. Neste 1\u00ba de maio, [\u2026]<\/p>\n","protected":false},"author":2,"featured_media":85656,"comment_status":"open","ping_status":"closed","sticky":false,"template":"","format":"standard","meta":{"fifu_image_url":"","fifu_image_alt":"","footnotes":""},"categories":[53683,2093,758,50,53682,86,497],"tags":[],"class_list":["post-85655","post","type-post","status-publish","format-standard","has-post-thumbnail","hentry","category-1o-maio","category-cipoml","category-edicao-impressa","category-internacional","category-jav-332","category-jornal-impresso","category-trabalhador-unido"],"_links":{"self":[{"href":"https:\/\/redept.com.br\/blogosfera\/wp-json\/wp\/v2\/posts\/85655","targetHints":{"allow":["GET"]}}],"collection":[{"href":"https:\/\/redept.com.br\/blogosfera\/wp-json\/wp\/v2\/posts"}],"about":[{"href":"https:\/\/redept.com.br\/blogosfera\/wp-json\/wp\/v2\/types\/post"}],"author":[{"embeddable":true,"href":"https:\/\/redept.com.br\/blogosfera\/wp-json\/wp\/v2\/users\/2"}],"replies":[{"embeddable":true,"href":"https:\/\/redept.com.br\/blogosfera\/wp-json\/wp\/v2\/comments?post=85655"}],"version-history":[{"count":0,"href":"https:\/\/redept.com.br\/blogosfera\/wp-json\/wp\/v2\/posts\/85655\/revisions"}],"wp:featuredmedia":[{"embeddable":true,"href":"https:\/\/redept.com.br\/blogosfera\/wp-json\/wp\/v2\/media\/85656"}],"wp:attachment":[{"href":"https:\/\/redept.com.br\/blogosfera\/wp-json\/wp\/v2\/media?parent=85655"}],"wp:term":[{"taxonomy":"category","embeddable":true,"href":"https:\/\/redept.com.br\/blogosfera\/wp-json\/wp\/v2\/categories?post=85655"},{"taxonomy":"post_tag","embeddable":true,"href":"https:\/\/redept.com.br\/blogosfera\/wp-json\/wp\/v2\/tags?post=85655"}],"curies":[{"name":"wp","href":"https:\/\/api.w.org\/{rel}","templated":true}]}}