{"id":85662,"date":"2026-05-01T16:50:00","date_gmt":"2026-05-01T19:50:00","guid":{"rendered":"https:\/\/redept.com.br\/blogosfera\/funcionarios-e-estudantes-da-usp-em-greve-por-melhores-condicoes-de-estudo-e-trabalho\/"},"modified":"2026-05-01T16:50:00","modified_gmt":"2026-05-01T19:50:00","slug":"funcionarios-e-estudantes-da-usp-em-greve-por-melhores-condicoes-de-estudo-e-trabalho","status":"publish","type":"post","link":"https:\/\/redept.com.br\/blogosfera\/funcionarios-e-estudantes-da-usp-em-greve-por-melhores-condicoes-de-estudo-e-trabalho\/","title":{"rendered":"Funcion\u00e1rios e estudantes da USP em greve por melhores condi\u00e7\u00f5es de estudo e trabalho"},"content":{"rendered":"<p><img fetchpriority=\"high\" width=\"1920\" height=\"1096\"src=\"https:\/\/redept.com.br\/blogosfera\/wp-content\/uploads\/2026\/05\/P11-_-USP.jpg\" alt=\"EM RISCO. Governador de SP quer privatizar a USP. Foto: Guilherme Farpa (JAV\/SP)\" link_thumbnail=\"\" decoding=\"async\" srcset=\"https:\/\/redept.com.br\/blogosfera\/wp-content\/uploads\/2026\/05\/P11-_-USP.jpg 1920w, https:\/\/averdade.org.br\/wp-content\/uploads\/2026\/05\/P11-_-USP-350x200.jpg 350w, https:\/\/averdade.org.br\/wp-content\/uploads\/2026\/05\/P11-_-USP-1024x585.jpg 1024w, https:\/\/averdade.org.br\/wp-content\/uploads\/2026\/05\/P11-_-USP-250x143.jpg 250w, https:\/\/averdade.org.br\/wp-content\/uploads\/2026\/05\/P11-_-USP-768x438.jpg 768w, https:\/\/averdade.org.br\/wp-content\/uploads\/2026\/05\/P11-_-USP-1536x877.jpg 1536w, https:\/\/averdade.org.br\/wp-content\/uploads\/2026\/05\/P11-_-USP-150x86.jpg 150w, https:\/\/averdade.org.br\/wp-content\/uploads\/2026\/05\/P11-_-USP-300x171.jpg 300w, https:\/\/averdade.org.br\/wp-content\/uploads\/2026\/05\/P11-_-USP-696x397.jpg 696w, https:\/\/averdade.org.br\/wp-content\/uploads\/2026\/05\/P11-_-USP-1068x610.jpg 1068w\" sizes=\"(max-width: 1920px) 100vw, 1920px\"><\/p>\n<p><strong>Ap\u00f3s a realiza\u00e7\u00e3o de cerca de 40 assembleias, estudantes e trabalhadores de mais de 100 cursos da Universidade de S\u00e3o Paulo (USP) entraram em greve no \u00faltimo dia 14 de abril.<\/strong><\/p>\n<p><b>Daniel Lustosa | DCE Livre da USP<\/b><\/p>\n<hr>\n<p><span><strong>EDUCA\u00c7\u00c3O \u2013 <\/strong>Ap\u00f3s cerca de 40 assembleias, mais de 100 cursos da Universidade de S\u00e3o Paulo (USP) paralisaram suas atividades no dia 14 de abril, num intenso processo de mobiliza\u00e7\u00e3o de estudantes e trabalhadores. Os estudantes, cansados das humilha\u00e7\u00f5es que passam na universidade, lutam por melhores condi\u00e7\u00f5es de alimenta\u00e7\u00e3o, com a \u201cdesterceiriza\u00e7\u00e3o\u201d dos Restaurantes Universit\u00e1rios, a amplia\u00e7\u00e3o de vagas e a melhoria da estrutura das moradias estudantis e a defesa de um or\u00e7amento p\u00fablico justo, que atenda \u00e0s demandas reais da institui\u00e7\u00e3o.<\/span><\/p>\n<h4><b>Meses de mobiliza\u00e7\u00e3o<\/b><\/h4>\n<p><span>Essa greve n\u00e3o surgiu do nada. Desde fevereiro, a Associa\u00e7\u00e3o de Moradores do Complexo de Resid\u00eancias da USP (Amorcrusp), o DCE Livre e diversos Centros Acad\u00eamicos t\u00eam denunciado a verdadeira crise na pol\u00edtica de perman\u00eancia estudantil da universidade. Larvas nos bandej\u00f5es, falta de comida e moradia, com calouros dormindo no ch\u00e3o, sem abertura das vagas em alojamentos provis\u00f3rios. Como se n\u00e3o bastasse, no \u00faltimo m\u00eas, o campus USP Butant\u00e3 (Cidade Universit\u00e1ria) ficou cinco dias sem \u00e1gua, e a USP Leste passou um dia sem luz.<\/span><\/p>\n<p><span>Nesse cen\u00e1rio, houve diversas manifesta\u00e7\u00f5es na Reitoria e Pr\u00f3-reitorias, ocupa\u00e7\u00e3o da sede do Servi\u00e7o Social, paralisa\u00e7\u00f5es, um \u201ctranca\u00e7o\u201d na avenida em frente ao campus Butant\u00e3 e catraca-livre em Restaurantes Universit\u00e1rios nos campi Leste e na Faculdade de Direito.<\/span><\/p>\n<h4><b>Persegui\u00e7\u00e3o da Reitoria<\/b><\/h4>\n<p><span>Entretanto, em vez de trabalhar para resolver tamanha precariedade, a Reitoria tomou a decis\u00e3o de perseguir as entidades estudantis. Primeiro, abriu um Processo Administrativo pela expuls\u00e3o de cinco diretores da Amorcrusp, em raz\u00e3o de protestos realizados pela entidade. Depois, aprovou uma minuta que exige das entidades estudantis o pagamento das contas de \u00e1gua e luz de suas sedes e pro\u00edbe os estabelecimentos comerciais que existem dentro das sedes das entidades estudantis.<\/span><\/p>\n<p><span>Essa medida cerceia o direito de organiza\u00e7\u00e3o, pois \u00e9 nessas sedes onde atividades pol\u00edticas e culturais acontecem, n\u00e3o s\u00f3 dos Centros Acad\u00eamicos, mas tamb\u00e9m de Atl\u00e9ticas e Baterias Universit\u00e1rias. Al\u00e9m disso, o fechamento dos estabelecimentos comerciais busca cortar os recursos do movimento estudantil e acabar com sua independ\u00eancia financeira e pol\u00edtica.<\/span><\/p>\n<h4><b>Universidade p\u00fablica em perigo<\/b><\/h4>\n<p><span>No dia 31 de mar\u00e7o, foi convocada uma sess\u00e3o extraordin\u00e1ria do Conselho Universit\u00e1rio. O objetivo era aprovar uma bonifica\u00e7\u00e3o aos professores, que custaria, ao todo, mais de R$ 238 milh\u00f5es para o or\u00e7amento da universidade. Essa medida foi amplamente repudiada pela comunidade, por excluir os funcion\u00e1rios e pela condi\u00e7\u00e3o de precariedade dos cursos e moradias sem investimentos.\u00a0<\/span><\/p>\n<p><span>Sempre que o movimento estudantil prop\u00f4s aumento no valor das bolsas, investimentos em moradia estudantil e na estrutura das salas de aula, o argumento da Reitoria era que isso ultrapassaria os chamados \u201cpar\u00e2metros de sustentabilidade financeira\u201d. Na pr\u00e1tica, trata-se de um \u201cteto de gastos\u201d dentro da universidade p\u00fablica.<\/span><\/p>\n<p><span>Ent\u00e3o, como foi poss\u00edvel aprovar uma medida com gastos t\u00e3o exorbitantes? A Reitoria aprovou um mecanismo que unifica a verba p\u00fablica (advinda do Governo do Estado de S\u00e3o Paulo) e a verba privada (que a USP tem em fundos de investimentos). Isso faz com que a somat\u00f3ria seja muito maior e possibilitaria esse gasto expressivo, mesmo com o tal \u201cteto de gastos\u201d.<\/span><\/p>\n<p><span>Conclus\u00e3o: a partir de agora, abre-se um precedente terr\u00edvel para a amplia\u00e7\u00e3o da presen\u00e7a dos interesses do capital privado no or\u00e7amento da Universidade de S\u00e3o Paulo. Se faltar verba p\u00fablica para a USP, a resposta do governador fascista Tarc\u00edsio de Freitas poder\u00e1 ser a de ampliar ainda mais a entrada de \u201cinvestimentos privado\u201d na educa\u00e7\u00e3o. Ou seja, uma privatiza\u00e7\u00e3o disfar\u00e7ada da universidade p\u00fablica.<\/span><\/p>\n<h4><b>Greve unificada<\/b><\/h4>\n<p><span>As recentes mobiliza\u00e7\u00f5es revelam as contradi\u00e7\u00f5es que, durante muito tempo, a universidade tentou jogar para debaixo do tapete. Os trabalhadores da USP que entraram em greve no dia 14, arrancaram o indicativo de gratuidade no transporte para todos os trabalhadores, incluindo os terceirizados, e uma bonifica\u00e7\u00e3o proporcional a dos docentes \u2013 mas nada ainda \u00e9 uma garantia, e a luta deve continuar.<\/span><\/p>\n<p><span>Em assembleia geral dos estudantes organizada pelo DCE Livre da USP, a greve foi aprovada juntamente a um calend\u00e1rio de mobiliza\u00e7\u00f5es. Uma nova greve da USP, com profunda unidade entre os estudantes, pode conquistar diversas vit\u00f3rias e, principalmente, abrir caminho para um movimento mais amplo, que derrote o fascismo e as privatiza\u00e7\u00f5es no Estado de S\u00e3o Paulo.<\/span><\/p>\n<p><em>Mat\u00e9ria publicada na edi\u00e7\u00e3o impressa n\u00ba332 do jornal A Verdade<\/em><\/p>\n<!-- Begin Yuzo --><div class='yuzo_related_post style-1'  data-version='5.12.89'><!-- without result --><div class='yuzo_clearfixed yuzo__title yuzo__title'><h3>Related Post<\/h3><\/div>\n\t\t\t\t\t\t  <div class=\"relatedthumb \" style=\"width:125px;float:left;overflow:hidden;\">  \n\t\t\t\t\t\t\t  \n\t\t\t\t\t\t\t  <a  href=\"https:\/\/redept.com.br\/blogosfera\/brasil-vai-conceder-refugio-para-mulheres-e-meninas-vitimas-de-mutilacao-genital\/\"  >\n\t\t\t\t\t\t\t\t\t  <div class=\"yuzo-img-wrap \" style=\"width: 125px;height:90px;\">\n\t\t\t\t\t\t\t\t\t\t\n\t\t\t\t\t\t\t\t\t\t<div class=\"yuzo-img\" style=\"background:url('https:\/\/redept.com.br\/blogosfera\/wp-content\/uploads\/2025\/04\/4fb02b76-9f01-46fb-a995-44d2919d897e-150x150.jpeg') 50% 50% no-repeat;width: 125px;height:90px;margin-bottom: 5px;background-size: cover; \"><\/div>\n\t\t\t\t\t\t\t\t\t  <\/div>\n\t\t\t\t\t\t\t\t\t  \n\t\t\t\t\t\t\t\t   <span class=\"yuzo__text--title\" style=\"font-size:13px;\">Brasil vai conceder ref\u00fagio para mulheres e menina...<\/span>\n\t\t\t\t\t\t\t  \n\t\t\t\t\t\t\t  \n\t\t\t\t\t\t\t  <\/a>\n\n\t\t\t\t\t\t  <\/div>\n\t\t\t\t\t\t  <div class=\"relatedthumb \" style=\"width:125px;float:left;overflow:hidden;\">  \n\t\t\t\t\t\t\t  \n\t\t\t\t\t\t\t  <a  href=\"https:\/\/redept.com.br\/blogosfera\/caravana-da-saude-percorre-16-estados-para-reforcar-controle-da-dengue\/\"  >\n\t\t\t\t\t\t\t\t\t  <div class=\"yuzo-img-wrap \" style=\"width: 125px;height:90px;\">\n\t\t\t\t\t\t\t\t\t\t\n\t\t\t\t\t\t\t\t\t\t<div class=\"yuzo-img\" style=\"background:url('https:\/\/redept.org\/blogosfera\/wp-content\/plugins\/yuzo-related-post\/assets\/images\/default.png') 50% 50% no-repeat;width: 125px;height:90px;margin-bottom: 5px;background-size: cover; \"><\/div>\n\t\t\t\t\t\t\t\t\t  <\/div>\n\t\t\t\t\t\t\t\t\t  \n\t\t\t\t\t\t\t\t   <span class=\"yuzo__text--title\" style=\"font-size:13px;\">Caravana da Sa\u00fade percorre 16 estados para refor\u00e7a...<\/span>\n\t\t\t\t\t\t\t  \n\t\t\t\t\t\t\t  \n\t\t\t\t\t\t\t  <\/a>\n\n\t\t\t\t\t\t  <\/div>\n\t\t\t\t\t\t  <div class=\"relatedthumb \" style=\"width:125px;float:left;overflow:hidden;\">  \n\t\t\t\t\t\t\t  \n\t\t\t\t\t\t\t  <a  href=\"https:\/\/redept.com.br\/blogosfera\/lula-diz-que-papa-francisco-foi-o-maior-lider-religioso-do-seculo-21\/\"  >\n\t\t\t\t\t\t\t\t\t  <div class=\"yuzo-img-wrap \" style=\"width: 125px;height:90px;\">\n\t\t\t\t\t\t\t\t\t\t\n\t\t\t\t\t\t\t\t\t\t<div class=\"yuzo-img\" style=\"background:url('https:\/\/redept.com.br\/blogosfera\/wp-content\/uploads\/2025\/04\/25abril25-presidente-lula-e-comitiva-vao-ao-velorio-do-papa-francisco-1745599257892_v2_750x421jpg-150x150.webp') 50% 50% no-repeat;width: 125px;height:90px;margin-bottom: 5px;background-size: cover; \"><\/div>\n\t\t\t\t\t\t\t\t\t  <\/div>\n\t\t\t\t\t\t\t\t\t  \n\t\t\t\t\t\t\t\t   <span class=\"yuzo__text--title\" style=\"font-size:13px;\">Lula diz que Papa Francisco foi \u201co maior l\u00edder rel...<\/span>\n\t\t\t\t\t\t\t  \n\t\t\t\t\t\t\t  \n\t\t\t\t\t\t\t  <\/a>\n\n\t\t\t\t\t\t  <\/div>\n\t\t\t\t\t\t  <div class=\"relatedthumb \" style=\"width:125px;float:left;overflow:hidden;\">  \n\t\t\t\t\t\t\t  \n\t\t\t\t\t\t\t  <a  href=\"https:\/\/redept.com.br\/blogosfera\/na-china-gustavo-petro-confirma-adesao-da-colombia-a-nova-rota-da-seda\/\"  >\n\t\t\t\t\t\t\t\t\t  <div class=\"yuzo-img-wrap \" style=\"width: 125px;height:90px;\">\n\t\t\t\t\t\t\t\t\t\t\n\t\t\t\t\t\t\t\t\t\t<div class=\"yuzo-img\" style=\"background:url('https:\/\/redept.org\/blogosfera\/wp-content\/plugins\/yuzo-related-post\/assets\/images\/default.png') 50% 50% no-repeat;width: 125px;height:90px;margin-bottom: 5px;background-size: cover; \"><\/div>\n\t\t\t\t\t\t\t\t\t  <\/div>\n\t\t\t\t\t\t\t\t\t  \n\t\t\t\t\t\t\t\t   <span class=\"yuzo__text--title\" style=\"font-size:13px;\">Na China, Gustavo Petro confirma ades\u00e3o da Col\u00f4mbi...<\/span>\n\t\t\t\t\t\t\t  \n\t\t\t\t\t\t\t  \n\t\t\t\t\t\t\t  <\/a>\n\n\t\t\t\t\t\t  <\/div>\n<\/div> <script>\n\t\t\t\t\t\t  jQuery(document).ready(function( $ ){\n\t\t\t\t\t\t\t\/\/jQuery('.yuzo_related_post').equalizer({ overflow : 'relatedthumb' });\n\t\t\t\t\t\t\tjQuery('.yuzo_related_post .yuzo_wraps').equalizer({ columns : '> div' });\n\t\t\t\t\t\t   })\n\t\t\t\t\t\t  <\/script> <!-- End Yuzo :) -->","protected":false},"excerpt":{"rendered":"<p><img decoding=\"async\" width=\"1920\" height=\"1096\" src=\"https:\/\/averdade.org.br\/wp-content\/uploads\/2026\/05\/P11-_-USP.jpg\" alt=\"EM RISCO. Governador de SP quer privatizar a USP. Foto: Guilherme Farpa (JAV\/SP)\">Ap\u00f3s a realiza\u00e7\u00e3o de cerca de 40 assembleias, estudantes e trabalhadores de mais de 100 cursos da Universidade de S\u00e3o Paulo (USP) entraram em greve no \u00faltimo dia 14 de abril. Daniel Lustosa | DCE Livre da USP EDUCA\u00c7\u00c3O \u2013 Ap\u00f3s cerca de 40 assembleias, mais de 100 cursos da Universidade de S\u00e3o Paulo (USP) [\u2026]<\/p>\n","protected":false},"author":2,"featured_media":85663,"comment_status":"open","ping_status":"closed","sticky":false,"template":"","format":"standard","meta":{"fifu_image_url":"","fifu_image_alt":"","footnotes":""},"categories":[45,758,95,53682,86,67,29,497,512],"tags":[],"class_list":["post-85662","post","type-post","status-publish","format-standard","has-post-thumbnail","hentry","category-brasil","category-edicao-impressa","category-educacao","category-jav-332","category-jornal-impresso","category-juventude","category-sao-paulo","category-trabalhador-unido","category-usp"],"_links":{"self":[{"href":"https:\/\/redept.com.br\/blogosfera\/wp-json\/wp\/v2\/posts\/85662","targetHints":{"allow":["GET"]}}],"collection":[{"href":"https:\/\/redept.com.br\/blogosfera\/wp-json\/wp\/v2\/posts"}],"about":[{"href":"https:\/\/redept.com.br\/blogosfera\/wp-json\/wp\/v2\/types\/post"}],"author":[{"embeddable":true,"href":"https:\/\/redept.com.br\/blogosfera\/wp-json\/wp\/v2\/users\/2"}],"replies":[{"embeddable":true,"href":"https:\/\/redept.com.br\/blogosfera\/wp-json\/wp\/v2\/comments?post=85662"}],"version-history":[{"count":0,"href":"https:\/\/redept.com.br\/blogosfera\/wp-json\/wp\/v2\/posts\/85662\/revisions"}],"wp:featuredmedia":[{"embeddable":true,"href":"https:\/\/redept.com.br\/blogosfera\/wp-json\/wp\/v2\/media\/85663"}],"wp:attachment":[{"href":"https:\/\/redept.com.br\/blogosfera\/wp-json\/wp\/v2\/media?parent=85662"}],"wp:term":[{"taxonomy":"category","embeddable":true,"href":"https:\/\/redept.com.br\/blogosfera\/wp-json\/wp\/v2\/categories?post=85662"},{"taxonomy":"post_tag","embeddable":true,"href":"https:\/\/redept.com.br\/blogosfera\/wp-json\/wp\/v2\/tags?post=85662"}],"curies":[{"name":"wp","href":"https:\/\/api.w.org\/{rel}","templated":true}]}}