{"id":85669,"date":"2026-05-01T17:29:09","date_gmt":"2026-05-01T20:29:09","guid":{"rendered":"https:\/\/redept.com.br\/blogosfera\/no-1o-de-maio-hip-hop-rima-pelo-fim-da-escala-6x1-em-porto-alegre\/"},"modified":"2026-05-01T17:29:09","modified_gmt":"2026-05-01T20:29:09","slug":"no-1o-de-maio-hip-hop-rima-pelo-fim-da-escala-6x1-em-porto-alegre","status":"publish","type":"post","link":"https:\/\/redept.com.br\/blogosfera\/no-1o-de-maio-hip-hop-rima-pelo-fim-da-escala-6x1-em-porto-alegre\/","title":{"rendered":"No 1\u00ba de Maio, hip-hop rima pelo fim da escala 6\u00d71 em Porto Alegre"},"content":{"rendered":"<p>A cultura hip-hop marcou presen\u00e7a no 1\u00ba de Maio, durante o Festival do Trabalhador e Trabalhadora, em Porto Alegre. Express\u00f5es do rap, do grafite e de outras linguagens da cultura de rua ocuparam o espa\u00e7o com performances que entrela\u00e7am arte e reivindica\u00e7\u00e3o. A organiza\u00e7\u00e3o contou com o apoio de Eduardo Tamboreiro, do Preconceito Zero. No [\u2026]<\/p>\n<p><a href=\"https:\/\/www.brasildefato.com.br\/2026\/05\/01\/no-1o-de-maio-hip-hop-rima-pelo-fim-da-escala-6x1-em-porto-alegre\/\" rel=\"nofollow\">Fonte<\/a><\/p>\n<!-- Begin Yuzo --><div class='yuzo_related_post style-1'  data-version='5.12.89'><!-- without result --><div class='yuzo_clearfixed yuzo__title yuzo__title'><h3>Related Post<\/h3><\/div>\n\t\t\t\t\t\t  <div class=\"relatedthumb \" style=\"width:125px;float:left;overflow:hidden;\">  \n\t\t\t\t\t\t\t  \n\t\t\t\t\t\t\t  <a  href=\"https:\/\/redept.com.br\/blogosfera\/macedo-diz-que-derrubada-de-decreto-do-iof-foi-derrota-do-pais\/\"  >\n\t\t\t\t\t\t\t\t\t  <div class=\"yuzo-img-wrap \" style=\"width: 125px;height:90px;\">\n\t\t\t\t\t\t\t\t\t\t\n\t\t\t\t\t\t\t\t\t\t<div class=\"yuzo-img\" style=\"background:url('https:\/\/redept.com.br\/blogosfera\/wp-content\/uploads\/2025\/06\/Favela-do-Moinho-150x150.jpg') 50% 50% no-repeat;width: 125px;height:90px;margin-bottom: 5px;background-size: cover; \"><\/div>\n\t\t\t\t\t\t\t\t\t  <\/div>\n\t\t\t\t\t\t\t\t\t  \n\t\t\t\t\t\t\t\t   <span class=\"yuzo__text--title\" style=\"font-size:13px;\">Mac\u00eado diz que derrubada de decreto do IOF foi der...<\/span>\n\t\t\t\t\t\t\t  \n\t\t\t\t\t\t\t  \n\t\t\t\t\t\t\t  <\/a>\n\n\t\t\t\t\t\t  <\/div>\n\t\t\t\t\t\t  <div class=\"relatedthumb \" style=\"width:125px;float:left;overflow:hidden;\">  \n\t\t\t\t\t\t\t  \n\t\t\t\t\t\t\t  <a  href=\"https:\/\/redept.com.br\/blogosfera\/kremlin-confirma-que-putin-concedeu-asilo-na-russia-para-lider-sirio-deposto-bashar-al-assad\/\"  >\n\t\t\t\t\t\t\t\t\t  <div class=\"yuzo-img-wrap \" style=\"width: 125px;height:90px;\">\n\t\t\t\t\t\t\t\t\t\t\n\t\t\t\t\t\t\t\t\t\t<div class=\"yuzo-img\" style=\"background:url('https:\/\/redept.org\/blogosfera\/wp-content\/plugins\/yuzo-related-post\/assets\/images\/default.png') 50% 50% no-repeat;width: 125px;height:90px;margin-bottom: 5px;background-size: cover; \"><\/div>\n\t\t\t\t\t\t\t\t\t  <\/div>\n\t\t\t\t\t\t\t\t\t  \n\t\t\t\t\t\t\t\t   <span class=\"yuzo__text--title\" style=\"font-size:13px;\">Kremlin confirma que Putin concedeu asilo na R\u00fassi...<\/span>\n\t\t\t\t\t\t\t  \n\t\t\t\t\t\t\t  \n\t\t\t\t\t\t\t  <\/a>\n\n\t\t\t\t\t\t  <\/div>\n\t\t\t\t\t\t  <div class=\"relatedthumb \" style=\"width:125px;float:left;overflow:hidden;\">  \n\t\t\t\t\t\t\t  \n\t\t\t\t\t\t\t  <a  href=\"https:\/\/redept.com.br\/blogosfera\/pf-investiga-vazamento-de-dados-de-moraes-e-familiares\/\"  >\n\t\t\t\t\t\t\t\t\t  <div class=\"yuzo-img-wrap \" style=\"width: 125px;height:90px;\">\n\t\t\t\t\t\t\t\t\t\t\n\t\t\t\t\t\t\t\t\t\t<div class=\"yuzo-img\" style=\"background:url('https:\/\/redept.com.br\/blogosfera\/wp-content\/uploads\/2026\/04\/Captura-de-tela-2026-04-02-082444-150x150.png') 50% 50% no-repeat;width: 125px;height:90px;margin-bottom: 5px;background-size: cover; \"><\/div>\n\t\t\t\t\t\t\t\t\t  <\/div>\n\t\t\t\t\t\t\t\t\t  \n\t\t\t\t\t\t\t\t   <span class=\"yuzo__text--title\" style=\"font-size:13px;\">PF investiga vazamento de dados de Moraes e famili...<\/span>\n\t\t\t\t\t\t\t  \n\t\t\t\t\t\t\t  \n\t\t\t\t\t\t\t  <\/a>\n\n\t\t\t\t\t\t  <\/div>\n\t\t\t\t\t\t  <div class=\"relatedthumb \" style=\"width:125px;float:left;overflow:hidden;\">  \n\t\t\t\t\t\t\t  \n\t\t\t\t\t\t\t  <a  href=\"https:\/\/redept.com.br\/blogosfera\/china-implementa-novas-medidas-para-aumentar-taxa-de-natalidade\/\"  >\n\t\t\t\t\t\t\t\t\t  <div class=\"yuzo-img-wrap \" style=\"width: 125px;height:90px;\">\n\t\t\t\t\t\t\t\t\t\t\n\t\t\t\t\t\t\t\t\t\t<div class=\"yuzo-img\" style=\"background:url('https:\/\/redept.com.br\/blogosfera\/wp-content\/uploads\/2025\/03\/Captura-de-Tela-2025-03-05-as-15.32.10-150x150.png') 50% 50% no-repeat;width: 125px;height:90px;margin-bottom: 5px;background-size: cover; \"><\/div>\n\t\t\t\t\t\t\t\t\t  <\/div>\n\t\t\t\t\t\t\t\t\t  \n\t\t\t\t\t\t\t\t   <span class=\"yuzo__text--title\" style=\"font-size:13px;\">China implementa novas medidas para aumentar taxa ...<\/span>\n\t\t\t\t\t\t\t  \n\t\t\t\t\t\t\t  \n\t\t\t\t\t\t\t  <\/a>\n\n\t\t\t\t\t\t  <\/div>\n<\/div> <script>\n\t\t\t\t\t\t  jQuery(document).ready(function( $ ){\n\t\t\t\t\t\t\t\/\/jQuery('.yuzo_related_post').equalizer({ overflow : 'relatedthumb' });\n\t\t\t\t\t\t\tjQuery('.yuzo_related_post .yuzo_wraps').equalizer({ columns : '> div' });\n\t\t\t\t\t\t   })\n\t\t\t\t\t\t  <\/script> <!-- End Yuzo :) -->","protected":false},"excerpt":{"rendered":"<p>A cultura hip-hop marcou presen\u00e7a no 1\u00ba de Maio, durante o Festival do Trabalhador e Trabalhadora, em Porto Alegre. Express\u00f5es do rap, do grafite e de outras linguagens da cultura de rua ocuparam o espa\u00e7o com performances que entrela\u00e7am arte e reivindica\u00e7\u00e3o. A organiza\u00e7\u00e3o contou com o apoio de Eduardo Tamboreiro, do Preconceito Zero. No [&hellip;]<\/p>\n","protected":false},"author":2,"featured_media":0,"comment_status":"open","ping_status":"closed","sticky":false,"template":"","format":"standard","meta":{"fifu_image_url":"","fifu_image_alt":"","footnotes":""},"categories":[3936,5500,53708,53709,53710,40916,47296,5225,4126,1963,1088,8346,44126,2008,1217,38076,8984,11110,53711,53712,53713,82,53714,2267,53715,214,38,10513,229,2869,4055,53716,49701],"tags":[],"class_list":["post-85669","post","type-post","status-publish","format-standard","hentry","category-1o-de-maio","category-arte-e-politica","category-artista-trabalhadora","category-batalha-das-monstras","category-batalha-de-conhecimento","category-cultura-hip-hop","category-curadoria","category-dia-do-trabalhador","category-direitos","category-escala-6x1","category-feminicidio","category-feminino","category-festival-dos-trabalhadores","category-fim-da-escala-6x1","category-genero","category-grafite","category-hip-hop","category-hiphop","category-luta-por-direitos","category-mariana-marmontel","category-movimento-hip-hop","category-mulheres","category-mulheres-na-cena","category-mulheres-negras","category-neguinha-mc","category-politicas-publicas","category-porto-alegre","category-raca","category-racismo","category-rap","category-resistencia-cultural","category-ths-drop","category-trabalho-nao-remunerado"],"_links":{"self":[{"href":"https:\/\/redept.com.br\/blogosfera\/wp-json\/wp\/v2\/posts\/85669","targetHints":{"allow":["GET"]}}],"collection":[{"href":"https:\/\/redept.com.br\/blogosfera\/wp-json\/wp\/v2\/posts"}],"about":[{"href":"https:\/\/redept.com.br\/blogosfera\/wp-json\/wp\/v2\/types\/post"}],"author":[{"embeddable":true,"href":"https:\/\/redept.com.br\/blogosfera\/wp-json\/wp\/v2\/users\/2"}],"replies":[{"embeddable":true,"href":"https:\/\/redept.com.br\/blogosfera\/wp-json\/wp\/v2\/comments?post=85669"}],"version-history":[{"count":0,"href":"https:\/\/redept.com.br\/blogosfera\/wp-json\/wp\/v2\/posts\/85669\/revisions"}],"wp:attachment":[{"href":"https:\/\/redept.com.br\/blogosfera\/wp-json\/wp\/v2\/media?parent=85669"}],"wp:term":[{"taxonomy":"category","embeddable":true,"href":"https:\/\/redept.com.br\/blogosfera\/wp-json\/wp\/v2\/categories?post=85669"},{"taxonomy":"post_tag","embeddable":true,"href":"https:\/\/redept.com.br\/blogosfera\/wp-json\/wp\/v2\/tags?post=85669"}],"curies":[{"name":"wp","href":"https:\/\/api.w.org\/{rel}","templated":true}]}}