{"id":85673,"date":"2026-05-01T18:02:48","date_gmt":"2026-05-01T21:02:48","guid":{"rendered":"https:\/\/redept.com.br\/blogosfera\/up-lanca-pre-candidaturas-no-1-de-maio-em-sao-paulo\/"},"modified":"2026-05-01T18:02:48","modified_gmt":"2026-05-01T21:02:48","slug":"up-lanca-pre-candidaturas-no-1-de-maio-em-sao-paulo","status":"publish","type":"post","link":"https:\/\/redept.com.br\/blogosfera\/up-lanca-pre-candidaturas-no-1-de-maio-em-sao-paulo\/","title":{"rendered":"UP lan\u00e7a pr\u00e9-candidaturas no 1\u00b0 de maio em S\u00e3o Paulo"},"content":{"rendered":"<p><img fetchpriority=\"high\" width=\"1600\" height=\"1062\"src=\"https:\/\/redept.com.br\/blogosfera\/wp-content\/uploads\/2026\/05\/WhatsApp-Image-2026-05-01-at-175915.jpeg\" alt=\"UP lan\u00e7a pr\u00e9-candidaturas no primeiro de maio em S\u00e3o Paulo (foto: Jornal a Verdade)\" link_thumbnail=\"\" decoding=\"async\" srcset=\"https:\/\/redept.com.br\/blogosfera\/wp-content\/uploads\/2026\/05\/WhatsApp-Image-2026-05-01-at-175915.jpeg 1600w, https:\/\/averdade.org.br\/wp-content\/uploads\/2026\/05\/WhatsApp-Image-2026-05-01-at-17.59.15-350x232.jpeg 350w, https:\/\/averdade.org.br\/wp-content\/uploads\/2026\/05\/WhatsApp-Image-2026-05-01-at-17.59.15-1024x680.jpeg 1024w, https:\/\/averdade.org.br\/wp-content\/uploads\/2026\/05\/WhatsApp-Image-2026-05-01-at-17.59.15-250x166.jpeg 250w, https:\/\/averdade.org.br\/wp-content\/uploads\/2026\/05\/WhatsApp-Image-2026-05-01-at-17.59.15-768x510.jpeg 768w, https:\/\/averdade.org.br\/wp-content\/uploads\/2026\/05\/WhatsApp-Image-2026-05-01-at-17.59.15-1536x1020.jpeg 1536w, https:\/\/averdade.org.br\/wp-content\/uploads\/2026\/05\/WhatsApp-Image-2026-05-01-at-17.59.15-150x100.jpeg 150w, https:\/\/averdade.org.br\/wp-content\/uploads\/2026\/05\/WhatsApp-Image-2026-05-01-at-17.59.15-300x199.jpeg 300w, https:\/\/averdade.org.br\/wp-content\/uploads\/2026\/05\/WhatsApp-Image-2026-05-01-at-17.59.15-696x462.jpeg 696w, https:\/\/averdade.org.br\/wp-content\/uploads\/2026\/05\/WhatsApp-Image-2026-05-01-at-17.59.15-1068x709.jpeg 1068w\" sizes=\"(max-width: 1600px) 100vw, 1600px\"><\/p>\n<p><strong>Trabalhadores de todo o Estado de S\u00e3o Paulo mobilizados pela Unidade Popular pelo Socialismo ocuparam as ruas do Jardim Pantanal, na zona leste de S\u00e3o Paulo, para celebrar o Dia Internacional dos Trabalhadores, o 1\u00b0 de maio. Reafirmando seu compromisso com a luta dos trabalhadores a UP lan\u00e7ou suas pr\u00e9 candidaturas ao governo de S\u00e3o Paulo, senado, deputados federais e estaduais.<\/strong><\/p>\n<p><strong>Blanca Fernandes e Leonardo de Paula | S\u00e3o Paulo<\/strong><\/p>\n<hr>\n<p><strong>Brasil \u2013<\/strong> Foi empunhando dezenas de bandeiras da Unidade Popular pelo Socialismo e de seus movimentos que a classe trabalhadora ocupou as ruas do Jardim Pantanal, periferia da Zona Leste, para celebrar o 1\u00b0 de maio, dia internacional da classe trabalhadora.<\/p>\n<p>O 1\u00b0 de Maio nasce com a luta dos oper\u00e1rios de Chicago em 1886, que, em greve, exigiam a redu\u00e7\u00e3o da jornada de trabalho para 8 horas. Pela sua coragem frente \u00e0s persegui\u00e7\u00f5es, pris\u00f5es e assassinatos, os trabalhadores do mundo reconhecem nessa data o seu dia Internacional de luta.<\/p>\n<p>Em todo mundo, nesse dia, a classe oper\u00e1ria se levanta para relembrar e demarcar o compromisso dos trabalhadores em construir um sistema onde o poder esteja na m\u00e3o dos que produzem: o socialismo.<\/p>\n<h4><strong>Ato na periferia de S\u00e3o Paulo<\/strong><\/h4>\n<p>O ato na cidade de S\u00e3o Paulo iniciou com o canto do Hino dos Grevistas (1979) que chamou o povo a parar as m\u00e1quinas e em greve geral exigir que o trabalhador tenha dignas condi\u00e7\u00f5es de vida e trabalho. \u201cO hino dos grevistas representa a luta da classe trabalhadora de hoje e sempre\u201d, compartilha C\u00edcero do Crato, artista popular filiado a Unidade Popular pelo Socialismo (UP).<\/p>\n<p>Os oper\u00e1rios e oper\u00e1rias ocuparam as ruas da zona leste estendendo faixas exigindo o fim da escala 6\u00d71, a redu\u00e7\u00e3o da jornada de trabalho, o fim das guerras e aumento geral dos sal\u00e1rios. Thais Gasparini, coordenadora do Movimento Luta de Classes (MLC) em sua fala, demarca \u201cN\u00e3o d\u00e1 mais para vivermos da forma que vivemos. Mas com luta podemos transformar nossa realidade, com luta podemos conquistar vit\u00f3rias, com luta venceremos a escala 6\u00d71\u201d.<\/p>\n<p>Outra pauta do ato foi a luta das mulheres oper\u00e1rias e trabalhadoras. Roseli, do Movimento de Mulheres Olga Ben\u00e1rio: \u201cAs mulheres s\u00e3o linha de frente para uma sociedade mais justa. Se hoje temos direitos trabalhistas, conquistas, isso se da \u00e0s mulheres que fizerem greve e tomaram os sindicatos\u201d.<\/p>\n<h4><strong>Pr\u00e9-candidaturas da Unidade Popular<\/strong><\/h4>\n<p>No final da marcha, a Unidade Popular contando com a presen\u00e7a de Samara Martins, pr\u00e9 candidata \u00e0 presid\u00eancia, como demonstra\u00e7\u00e3o do compromisso do partido com as lutas do povo trabalhador, lan\u00e7ou suas pr\u00e9-candidaturas ao governo do estado, senado, deputadas federais e estaduais.<\/p>\n<p>O Partido decidiu pelo nome de Vivian Mendes para o governo do Estado. Nascida e criada na Zona Leste, Vivian integrou o Movimento de Luta nos Bairros Vilas e Favelas e o Movimento de Mulheres Olga Ben\u00e1rio, lutando ppor moradia e pela vida e direitos das mulheres. Al\u00e9m disso, tamb\u00e9m foi membra da Comiss\u00e3o da Verdade e da Comiss\u00e3o de Familiares de Mortos e Desaparecidos pol\u00edticos.<\/p>\n<p>Para o cargo de deputados estaduais o Partido lan\u00e7ou os nomes de Gustavo Matos, metroferrovi\u00e1ria e militante da Unidade Popular desde 2017 e, sempre na luta contra a privatiza\u00e7\u00e3o, especialmente do transporte p\u00fablico.<\/p>\n<p>Ao senado, foram escolhidos M\u00e1rcio Alves de 42 anos, pai de tr\u00eas filhos,oper\u00e1rio metal\u00fargico e atuante no movimento social de moradia e sindical desde 2008, quando iniciou sua milit\u00e2ncia no MLB, movimento de Luta nos Bairros Vilas e Favelas, onde \u00e9 hoje coordenador<\/p>\n<p>Tamb\u00e9m foi escolhido o nome de Ma\u00edra de Souza, professora h\u00e1 24 anos e servidora da Praia Grande (SP), militante do Movimento Luta de Classes desde 2021, movimento que ajuda a coordenar estadualmente.<\/p>\n<p>A chapa ainda contou com a escolha de tr\u00eas nomes para deputados federais. Karla Albuquerque, moradora de Sorocaba, onde constr\u00f3i a ocupa\u00e7\u00e3o de mulheres Ondina Seabra. Iniciou sua milit\u00e2ncia no movimento estudantil sendo ex presidente do Diret\u00f3rio Central dos Estudantes do Instituto Federal<\/p>\n<p>Dany Oliveira de 28 anos, estudante da USP, onde \u00e9 diretora do Diret\u00f3rio Diret\u00f3rio Central dos Estudantes. Nascida e criada na zona leste de S\u00e3o Paulo, mais especificamente no bairro de S\u00e3o Matheus, Dany constr\u00f3i sua milit\u00e2ncia na Unidade Popular e na UNi\u00e3o da Juventude Rebeli\u00e3o (UJR)<\/p>\n<p>Ricardo Senese, operador de transporte metrovi\u00e1rio h\u00e1 15, morador da Vila Nova Cachoeirinha. Al\u00e9m de mobilizar greves da categoria, Senese foi um dos presos na chamada Batalha da ALESP, lutando contra a privatiza\u00e7\u00e3o da SABESP.<\/p>\n<p><strong>Trabalhadores contra o fascismo<\/strong><\/p>\n<p>Durante o ato foram realizadas diversas interven\u00e7\u00f5es culturais, al\u00e9m da sauda\u00e7\u00e3o do rapper mineiro FBC, rec\u00e9m filiado a UP. Tamb\u00e9m foi entoado A Internacional, cantada por todos os presentes<\/p>\n<p>Segundo Vivian: \u201cO que o governador fascista do Tarc\u00edsio \u00e9 normalizar a viol\u00eancia, normalizar a militariza\u00e7\u00e3o. Isso n\u00e3o tem nada a ver com o que a gente defende, a gente defende o socialismo, o poder para o povo\u201d afirmou a pr\u00e9-candidata ao governo de Sao Paulo.<\/p>\n<p>Samara Martins, pr\u00e9 candidata \u00e0 Presid\u00eancia da Rep\u00fablica declarou: \u201cO povo pode e vai garantir a redu\u00e7\u00e3o da jornada de trabalho. O povo pode e vai garantir o aumento do sal\u00e1rio m\u00ednimo. N\u00f3s podemos e vamos garantir qualidade De vida para todo mundo nesse pa\u00eds\u201d<\/p>\n<p>E conclui: \u201c\u00e9 com as lutas que n\u00f3s vamos vencer. Como fizeram os estudantes da USP, os trabalhadores da cargill, os estivadores de santos e os povos ind\u00edgenas do Par\u00e1 que garantiram a <span>derrubada da escala 6\u00d71. <\/span>Por isso venha para luta organizada, porque s\u00f3 assim n\u00f3s vamos conseguir vencer\u201d.<\/p>\n<p>O ato chegou ao fim contando com apresenta\u00e7\u00f5es culturais que resgatam a hist\u00f3ria de luta dos trabalhadores e reafirmou a necessidade de transforma\u00e7\u00e3o da atual sociedade capitalista em uma sociedade socialista, baseada na solidariedade e igualdade entre todos os trabalhadores.<\/p>\n<!-- Begin Yuzo --><div class='yuzo_related_post style-1'  data-version='5.12.89'><!-- without result --><div class='yuzo_clearfixed yuzo__title yuzo__title'><h3>Related Post<\/h3><\/div>\n\t\t\t\t\t\t  <div class=\"relatedthumb \" style=\"width:125px;float:left;overflow:hidden;\">  \n\t\t\t\t\t\t\t  \n\t\t\t\t\t\t\t  <a  href=\"https:\/\/sul21.com.br\/noticias\/geral\/2025\/07\/agu-diz-que-sancoes-dos-eua-contra-moraes-sao-arbitrarias-e-injustificaveis\/\"  >\n\t\t\t\t\t\t\t\t\t  <div class=\"yuzo-img-wrap \" style=\"width: 125px;height:90px;\">\n\t\t\t\t\t\t\t\t\t\t\n\t\t\t\t\t\t\t\t\t\t<div class=\"yuzo-img\" style=\"background:url('https:\/\/agenciabrasil.ebc.com.br\/ebc.png?id=1652556&amp;o=node') 50% 50% no-repeat;width: 125px;height:90px;margin-bottom: 5px;background-size: cover; \"><\/div>\n\t\t\t\t\t\t\t\t\t  <\/div>\n\t\t\t\t\t\t\t\t\t  \n\t\t\t\t\t\t\t\t   <span class=\"yuzo__text--title\" style=\"font-size:13px;\">AGU diz que san\u00e7\u00f5es dos EUA contra Moraes s\u00e3o arbi...<\/span>\n\t\t\t\t\t\t\t  \n\t\t\t\t\t\t\t  \n\t\t\t\t\t\t\t  <\/a>\n\n\t\t\t\t\t\t  <\/div>\n\t\t\t\t\t\t  <div class=\"relatedthumb \" style=\"width:125px;float:left;overflow:hidden;\">  \n\t\t\t\t\t\t\t  \n\t\t\t\t\t\t\t  <a  href=\"https:\/\/redept.com.br\/blogosfera\/noticias-do-dia-com-o-jornal-tvt-news-segunda-edicao-24-04-2026\/\"  >\n\t\t\t\t\t\t\t\t\t  <div class=\"yuzo-img-wrap \" style=\"width: 125px;height:90px;\">\n\t\t\t\t\t\t\t\t\t\t\n\t\t\t\t\t\t\t\t\t\t<div class=\"yuzo-img\" style=\"background:url('https:\/\/redept.com.br\/blogosfera\/wp-content\/uploads\/2026\/04\/jornal_tvt_news-17-150x150.jpeg') 50% 50% no-repeat;width: 125px;height:90px;margin-bottom: 5px;background-size: cover; \"><\/div>\n\t\t\t\t\t\t\t\t\t  <\/div>\n\t\t\t\t\t\t\t\t\t  \n\t\t\t\t\t\t\t\t   <span class=\"yuzo__text--title\" style=\"font-size:13px;\">Not\u00edcias do dia com o Jornal TVT News Segunda Edi\u00e7...<\/span>\n\t\t\t\t\t\t\t  \n\t\t\t\t\t\t\t  \n\t\t\t\t\t\t\t  <\/a>\n\n\t\t\t\t\t\t  <\/div>\n\t\t\t\t\t\t  <div class=\"relatedthumb \" style=\"width:125px;float:left;overflow:hidden;\">  \n\t\t\t\t\t\t\t  \n\t\t\t\t\t\t\t  <a  href=\"https:\/\/redept.com.br\/blogosfera\/a-rua-e-mais-segura-que-a-tela-especialista-defende-direito-de-brincar-para-bem-estar-infantil\/\"  >\n\t\t\t\t\t\t\t\t\t  <div class=\"yuzo-img-wrap \" style=\"width: 125px;height:90px;\">\n\t\t\t\t\t\t\t\t\t\t\n\t\t\t\t\t\t\t\t\t\t<div class=\"yuzo-img\" style=\"background:url('https:\/\/redept.org\/blogosfera\/wp-content\/plugins\/yuzo-related-post\/assets\/images\/default.png') 50% 50% no-repeat;width: 125px;height:90px;margin-bottom: 5px;background-size: cover; \"><\/div>\n\t\t\t\t\t\t\t\t\t  <\/div>\n\t\t\t\t\t\t\t\t\t  \n\t\t\t\t\t\t\t\t   <span class=\"yuzo__text--title\" style=\"font-size:13px;\">\u2018A rua \u00e9 mais segura que a tela\u2019: especialista def...<\/span>\n\t\t\t\t\t\t\t  \n\t\t\t\t\t\t\t  \n\t\t\t\t\t\t\t  <\/a>\n\n\t\t\t\t\t\t  <\/div>\n\t\t\t\t\t\t  <div class=\"relatedthumb \" style=\"width:125px;float:left;overflow:hidden;\">  \n\t\t\t\t\t\t\t  \n\t\t\t\t\t\t\t  <a  href=\"https:\/\/www.pragmatismopolitico.com.br\/2025\/10\/trump-anuncia-tarifa-produtos-chineses-escalada-guerra-comercial.html\"  >\n\t\t\t\t\t\t\t\t\t  <div class=\"yuzo-img-wrap \" style=\"width: 125px;height:90px;\">\n\t\t\t\t\t\t\t\t\t\t\n\t\t\t\t\t\t\t\t\t\t<div class=\"yuzo-img\" style=\"background:url('https:\/\/www.pragmatismopolitico.com.br\/wp-content\/uploads\/2025\/10\/trump-anuncia-tarifa-produtos-chineses-escalada-guerra-comercial.png') 50% 50% no-repeat;width: 125px;height:90px;margin-bottom: 5px;background-size: cover; \"><\/div>\n\t\t\t\t\t\t\t\t\t  <\/div>\n\t\t\t\t\t\t\t\t\t  \n\t\t\t\t\t\t\t\t   <span class=\"yuzo__text--title\" style=\"font-size:13px;\">Trump anuncia tarifa de 100% sobre produtos chines...<\/span>\n\t\t\t\t\t\t\t  \n\t\t\t\t\t\t\t  \n\t\t\t\t\t\t\t  <\/a>\n\n\t\t\t\t\t\t  <\/div>\n<\/div> <script>\n\t\t\t\t\t\t  jQuery(document).ready(function( $ ){\n\t\t\t\t\t\t\t\/\/jQuery('.yuzo_related_post').equalizer({ overflow : 'relatedthumb' });\n\t\t\t\t\t\t\tjQuery('.yuzo_related_post .yuzo_wraps').equalizer({ columns : '> div' });\n\t\t\t\t\t\t   })\n\t\t\t\t\t\t  <\/script> <!-- End Yuzo :) -->","protected":false},"excerpt":{"rendered":"<p><img decoding=\"async\" width=\"1600\" height=\"1062\" src=\"https:\/\/averdade.org.br\/wp-content\/uploads\/2026\/05\/WhatsApp-Image-2026-05-01-at-17.59.15.jpeg\" alt=\"UP lan\u00e7a pr\u00e9-candidaturas no primeiro de maio em S\u00e3o Paulo (foto: Jornal a Verdade)\">Trabalhadores de todo o Estado de S\u00e3o Paulo mobilizados pela Unidade Popular pelo Socialismo ocuparam as ruas do Jardim Pantanal, na zona leste de S\u00e3o Paulo, para celebrar o Dia Internacional dos Trabalhadores, o 1\u00b0 de maio. Reafirmando seu compromisso com a luta dos trabalhadores a UP lan\u00e7ou suas pr\u00e9 candidaturas ao governo de S\u00e3o [\u2026]<\/p>\n","protected":false},"author":2,"featured_media":85674,"comment_status":"open","ping_status":"closed","sticky":false,"template":"","format":"standard","meta":{"fifu_image_url":"","fifu_image_alt":"","footnotes":""},"categories":[45,5225,696,3072,53726,4949,34909,754,14682],"tags":[],"class_list":["post-85673","post","type-post","status-publish","format-standard","has-post-thumbnail","hentry","category-brasil","category-dia-do-trabalhador","category-eleicoes","category-instagram","category-pre-candidadutras","category-primeiro-de-maio","category-samara-martins","category-unidade-popular","category-vivian-mendes"],"_links":{"self":[{"href":"https:\/\/redept.com.br\/blogosfera\/wp-json\/wp\/v2\/posts\/85673","targetHints":{"allow":["GET"]}}],"collection":[{"href":"https:\/\/redept.com.br\/blogosfera\/wp-json\/wp\/v2\/posts"}],"about":[{"href":"https:\/\/redept.com.br\/blogosfera\/wp-json\/wp\/v2\/types\/post"}],"author":[{"embeddable":true,"href":"https:\/\/redept.com.br\/blogosfera\/wp-json\/wp\/v2\/users\/2"}],"replies":[{"embeddable":true,"href":"https:\/\/redept.com.br\/blogosfera\/wp-json\/wp\/v2\/comments?post=85673"}],"version-history":[{"count":0,"href":"https:\/\/redept.com.br\/blogosfera\/wp-json\/wp\/v2\/posts\/85673\/revisions"}],"wp:featuredmedia":[{"embeddable":true,"href":"https:\/\/redept.com.br\/blogosfera\/wp-json\/wp\/v2\/media\/85674"}],"wp:attachment":[{"href":"https:\/\/redept.com.br\/blogosfera\/wp-json\/wp\/v2\/media?parent=85673"}],"wp:term":[{"taxonomy":"category","embeddable":true,"href":"https:\/\/redept.com.br\/blogosfera\/wp-json\/wp\/v2\/categories?post=85673"},{"taxonomy":"post_tag","embeddable":true,"href":"https:\/\/redept.com.br\/blogosfera\/wp-json\/wp\/v2\/tags?post=85673"}],"curies":[{"name":"wp","href":"https:\/\/api.w.org\/{rel}","templated":true}]}}