{"id":85675,"date":"2026-05-01T18:18:17","date_gmt":"2026-05-01T21:18:17","guid":{"rendered":"https:\/\/redept.com.br\/blogosfera\/na-luta-pelo-fim-da-escala-6x1-direita-pode-colocar-jabuti-em-texto-final\/"},"modified":"2026-05-01T18:18:17","modified_gmt":"2026-05-01T21:18:17","slug":"na-luta-pelo-fim-da-escala-6x1-direita-pode-colocar-jabuti-em-texto-final","status":"publish","type":"post","link":"https:\/\/redept.com.br\/blogosfera\/na-luta-pelo-fim-da-escala-6x1-direita-pode-colocar-jabuti-em-texto-final\/","title":{"rendered":"Na luta pelo fim da escala 6\u00d71, direita pode colocar \u2018jabuti\u2019 em texto final"},"content":{"rendered":"<p>Est\u00e1 em disputa no Congresso Nacional o fim da escala 6\u00d71. O presidente da C\u00e2mara, Hugo Motta (Republicanos-PB) j\u00e1 se comprometeu a colocar a mat\u00e9ria para vota\u00e7\u00e3o ainda neste m\u00eas de maio. Ao BdF Entrevista desta sexta-feira (1\u00ba), o soci\u00f3logo Clemente Ganz L\u00facio, coordenador do F\u00f3rum das Centrais Sindicais, destaca que o momento \u00e9 de [\u2026]<\/p>\n<p><a href=\"https:\/\/www.brasildefato.com.br\/podcast\/brasil-de-fato-entrevista\/2026\/05\/01\/na-luta-pelo-fim-da-escala-6x1-direita-pode-colocar-jabuti-em-texto-final\/\" rel=\"nofollow\">Fonte<\/a><\/p>\n<!-- Begin Yuzo --><div class='yuzo_related_post style-1'  data-version='5.12.89'><!-- without result --><div class='yuzo_clearfixed yuzo__title yuzo__title'><h3>Related Post<\/h3><\/div>\n\t\t\t\t\t\t  <div class=\"relatedthumb \" style=\"width:125px;float:left;overflow:hidden;\">  \n\t\t\t\t\t\t\t  \n\t\t\t\t\t\t\t  <a  href=\"https:\/\/redept.com.br\/blogosfera\/catolicos-aumentam-no-mundo-sao-1-bilhao-e-406-milhoes\/\"  >\n\t\t\t\t\t\t\t\t\t  <div class=\"yuzo-img-wrap \" style=\"width: 125px;height:90px;\">\n\t\t\t\t\t\t\t\t\t\t\n\t\t\t\t\t\t\t\t\t\t<div class=\"yuzo-img\" style=\"background:url('https:\/\/redept.org\/blogosfera\/wp-content\/plugins\/yuzo-related-post\/assets\/images\/default.png') 50% 50% no-repeat;width: 125px;height:90px;margin-bottom: 5px;background-size: cover; \"><\/div>\n\t\t\t\t\t\t\t\t\t  <\/div>\n\t\t\t\t\t\t\t\t\t  \n\t\t\t\t\t\t\t\t   <span class=\"yuzo__text--title\" style=\"font-size:13px;\">Cat\u00f3licos aumentam no mundo: s\u00e3o 1 bilh\u00e3o e 406 mi...<\/span>\n\t\t\t\t\t\t\t  \n\t\t\t\t\t\t\t  \n\t\t\t\t\t\t\t  <\/a>\n\n\t\t\t\t\t\t  <\/div>\n\t\t\t\t\t\t  <div class=\"relatedthumb \" style=\"width:125px;float:left;overflow:hidden;\">  \n\t\t\t\t\t\t\t  \n\t\t\t\t\t\t\t  <a  href=\"https:\/\/redept.com.br\/blogosfera\/ira-pede-que-azerbaijao-investigue-uso-de-espaco-aereo-por-israel\/\"  >\n\t\t\t\t\t\t\t\t\t  <div class=\"yuzo-img-wrap \" style=\"width: 125px;height:90px;\">\n\t\t\t\t\t\t\t\t\t\t\n\t\t\t\t\t\t\t\t\t\t<div class=\"yuzo-img\" style=\"background:url('https:\/\/redept.org\/blogosfera\/wp-content\/plugins\/yuzo-related-post\/assets\/images\/default.png') 50% 50% no-repeat;width: 125px;height:90px;margin-bottom: 5px;background-size: cover; \"><\/div>\n\t\t\t\t\t\t\t\t\t  <\/div>\n\t\t\t\t\t\t\t\t\t  \n\t\t\t\t\t\t\t\t   <span class=\"yuzo__text--title\" style=\"font-size:13px;\">Ir\u00e3 pede que Azerbaij\u00e3o investigue uso de espa\u00e7o a...<\/span>\n\t\t\t\t\t\t\t  \n\t\t\t\t\t\t\t  \n\t\t\t\t\t\t\t  <\/a>\n\n\t\t\t\t\t\t  <\/div>\n\t\t\t\t\t\t  <div class=\"relatedthumb \" style=\"width:125px;float:left;overflow:hidden;\">  \n\t\t\t\t\t\t\t  \n\t\t\t\t\t\t\t  <a  href=\"https:\/\/redept.com.br\/blogosfera\/na-russia-lula-celebra-80-anos-da-vitoria-contra-o-nazismo\/\"  >\n\t\t\t\t\t\t\t\t\t  <div class=\"yuzo-img-wrap \" style=\"width: 125px;height:90px;\">\n\t\t\t\t\t\t\t\t\t\t\n\t\t\t\t\t\t\t\t\t\t<div class=\"yuzo-img\" style=\"background:url('https:\/\/redept.org\/blogosfera\/wp-content\/plugins\/yuzo-related-post\/assets\/images\/default.png') 50% 50% no-repeat;width: 125px;height:90px;margin-bottom: 5px;background-size: cover; \"><\/div>\n\t\t\t\t\t\t\t\t\t  <\/div>\n\t\t\t\t\t\t\t\t\t  \n\t\t\t\t\t\t\t\t   <span class=\"yuzo__text--title\" style=\"font-size:13px;\">Na R\u00fassia, Lula celebra 80 anos da vit\u00f3ria contra ...<\/span>\n\t\t\t\t\t\t\t  \n\t\t\t\t\t\t\t  \n\t\t\t\t\t\t\t  <\/a>\n\n\t\t\t\t\t\t  <\/div>\n\t\t\t\t\t\t  <div class=\"relatedthumb \" style=\"width:125px;float:left;overflow:hidden;\">  \n\t\t\t\t\t\t\t  \n\t\t\t\t\t\t\t  <a  href=\"https:\/\/redept.com.br\/blogosfera\/trump-ameaca-demitir-servidores-enquanto-eua-se-aproximam-de-paralisacao\/\"  >\n\t\t\t\t\t\t\t\t\t  <div class=\"yuzo-img-wrap \" style=\"width: 125px;height:90px;\">\n\t\t\t\t\t\t\t\t\t\t\n\t\t\t\t\t\t\t\t\t\t<div class=\"yuzo-img\" style=\"background:url('https:\/\/redept.com.br\/blogosfera\/wp-content\/uploads\/2025\/09\/175915945568daa49f5b082_1759159455_3x2_md-150x150.jpg') 50% 50% no-repeat;width: 125px;height:90px;margin-bottom: 5px;background-size: cover; \"><\/div>\n\t\t\t\t\t\t\t\t\t  <\/div>\n\t\t\t\t\t\t\t\t\t  \n\t\t\t\t\t\t\t\t   <span class=\"yuzo__text--title\" style=\"font-size:13px;\">Trump amea\u00e7a demitir servidores enquanto EUA se ap...<\/span>\n\t\t\t\t\t\t\t  \n\t\t\t\t\t\t\t  \n\t\t\t\t\t\t\t  <\/a>\n\n\t\t\t\t\t\t  <\/div>\n<\/div> <script>\n\t\t\t\t\t\t  jQuery(document).ready(function( $ ){\n\t\t\t\t\t\t\t\/\/jQuery('.yuzo_related_post').equalizer({ overflow : 'relatedthumb' });\n\t\t\t\t\t\t\tjQuery('.yuzo_related_post .yuzo_wraps').equalizer({ columns : '> div' });\n\t\t\t\t\t\t   })\n\t\t\t\t\t\t  <\/script> <!-- End Yuzo :) -->","protected":false},"excerpt":{"rendered":"<p>Est\u00e1 em disputa no Congresso Nacional o fim da escala 6\u00d71. O presidente da C\u00e2mara, Hugo Motta (Republicanos-PB) j\u00e1 se comprometeu a colocar a mat\u00e9ria para vota\u00e7\u00e3o ainda neste m\u00eas de maio. Ao BdF Entrevista desta sexta-feira (1\u00ba), o soci\u00f3logo Clemente Ganz L\u00facio, coordenador do F\u00f3rum das Centrais Sindicais, destaca que o momento \u00e9 de [&hellip;]<\/p>\n","protected":false},"author":2,"featured_media":0,"comment_status":"open","ping_status":"closed","sticky":false,"template":"","format":"standard","meta":{"fifu_image_url":"","fifu_image_alt":"","footnotes":""},"categories":[6523,298,53727,24538,1767,388,886,1679,53728,796,17258,1963,2008,53729,3325,53730,1948,353,10576,479,53731,18474,6068,1970,1949,1442,52785,61,480,893],"tags":[],"class_list":["post-85675","post","type-post","status-publish","format-standard","hentry","category-brasileiros","category-camara-dos-deputados","category-carteira-verde-e-amarela","category-clemente-ganz-lucio","category-comercio","category-congresso-nacional","category-constituicao-federal","category-direitos-trabalhistas","category-emendas-jabutis","category-empresarios","category-escala-5x2","category-escala-6x1","category-fim-da-escala-6x1","category-forum-das-centrais-sindicais","category-hugo-motta","category-jabutis-legislativos","category-jornada-de-trabalho","category-midia","category-mobilizacao-social","category-movimento-sindical","category-oposicao-no-congresso","category-pesquisas-de-opiniao","category-projeto-de-lei","category-reducao-da-jornada-de-trabalho","category-reducao-de-jornada","category-reforma-trabalhista","category-reforma-trabalhista-2017","category-sociedade","category-trabalhadores","category-votacao"],"_links":{"self":[{"href":"https:\/\/redept.com.br\/blogosfera\/wp-json\/wp\/v2\/posts\/85675","targetHints":{"allow":["GET"]}}],"collection":[{"href":"https:\/\/redept.com.br\/blogosfera\/wp-json\/wp\/v2\/posts"}],"about":[{"href":"https:\/\/redept.com.br\/blogosfera\/wp-json\/wp\/v2\/types\/post"}],"author":[{"embeddable":true,"href":"https:\/\/redept.com.br\/blogosfera\/wp-json\/wp\/v2\/users\/2"}],"replies":[{"embeddable":true,"href":"https:\/\/redept.com.br\/blogosfera\/wp-json\/wp\/v2\/comments?post=85675"}],"version-history":[{"count":0,"href":"https:\/\/redept.com.br\/blogosfera\/wp-json\/wp\/v2\/posts\/85675\/revisions"}],"wp:attachment":[{"href":"https:\/\/redept.com.br\/blogosfera\/wp-json\/wp\/v2\/media?parent=85675"}],"wp:term":[{"taxonomy":"category","embeddable":true,"href":"https:\/\/redept.com.br\/blogosfera\/wp-json\/wp\/v2\/categories?post=85675"},{"taxonomy":"post_tag","embeddable":true,"href":"https:\/\/redept.com.br\/blogosfera\/wp-json\/wp\/v2\/tags?post=85675"}],"curies":[{"name":"wp","href":"https:\/\/api.w.org\/{rel}","templated":true}]}}