{"id":85676,"date":"2026-05-01T18:49:39","date_gmt":"2026-05-01T21:49:39","guid":{"rendered":"https:\/\/redept.com.br\/blogosfera\/lula-anuncia-apoio-federal-a-pernambuco-apos-fortes-chuvas\/"},"modified":"2026-05-01T18:49:39","modified_gmt":"2026-05-01T21:49:39","slug":"lula-anuncia-apoio-federal-a-pernambuco-apos-fortes-chuvas","status":"publish","type":"post","link":"https:\/\/redept.com.br\/blogosfera\/lula-anuncia-apoio-federal-a-pernambuco-apos-fortes-chuvas\/","title":{"rendered":"Lula anuncia apoio federal a Pernambuco ap\u00f3s fortes chuvas"},"content":{"rendered":"<p><img fetchpriority=\"high\" width=\"1024\" height=\"536\"src=\"https:\/\/redept.com.br\/blogosfera\/wp-content\/uploads\/2026\/05\/cami-2026-05-01t141239828.jpg\" alt=\"\" decoding=\"async\" srcset=\"https:\/\/vermelho.org.br\/wp-content\/uploads\/2026\/05\/cami-2026-05-01t141239828-1024x536.jpg 1024w, https:\/\/vermelho.org.br\/wp-content\/uploads\/2026\/05\/cami-2026-05-01t141239828-300x157.jpg 300w, https:\/\/vermelho.org.br\/wp-content\/uploads\/2026\/05\/cami-2026-05-01t141239828-768x402.jpg 768w, https:\/\/redept.com.br\/blogosfera\/wp-content\/uploads\/2026\/05\/cami-2026-05-01t141239828.jpg 1200w\" sizes=\"(max-width: 1024px) 100vw, 1024px\"><\/p>\n<p>O presidente Lula determinou, nesta sexta-feira (1\u00ba), imediato apoio federal em decorr\u00eancia das fortes chuvas que caem no Grande Recife e em outras regi\u00f5es de Pernambuco. A Defesa Civil apontou que foram registrados 170 mil\u00edmetros de precipita\u00e7\u00e3o no estado desde quinta-feira (30), o que resultou em inunda\u00e7\u00f5es e deslizamentos de terra.<\/p>\n<p>A persist\u00eancia das chuvas j\u00e1 causou o desvio de mais de 10 voos do\u00a0Aeroporto Internacional do Recife \u2013 Guararapes.<\/p>\n<p><em>\u201cConversei hoje pela manh\u00e3 por telefone com o ex-prefeito Jo\u00e3o Campos e o senador Humberto Costa sobre as fortes chuvas que caem no Grande Recife e em outras regi\u00f5es de Pernambuco. Determinei imediatamente o pronto apoio federal \u00e0s autoridades locais. O ministro da Integra\u00e7\u00e3o Regional, Waldez G\u00f3es, acionou a Defesa Civil Nacional para prestar todo suporte \u00e0s cidades atingidas, inclusive com o reconhecimento da situa\u00e7\u00e3o de emerg\u00eancia e o deslocamento de t\u00e9cnicos para a \u00e1rea. O ministro da Sa\u00fade, Alexandre Padilha, tamb\u00e9m mobilizou a For\u00e7a Nacional do SUS no atendimento \u00e0s v\u00edtimas. O governo do Brasil segue acompanhando a situa\u00e7\u00e3o para prestar toda a ajuda necess\u00e1ria\u201d, disse Lula, nas redes sociais.<\/em><\/p>\n<p>Equipes da Defesa Civil Nacional j\u00e1 est\u00e3o a caminho do estado. De acordo com a Ag\u00eancia Pernambucana de \u00c1guas e Clima (Apac), a Regi\u00e3o Metropolitana do Recife e a Zona da Mata Norte permanecem em alerta. Para o s\u00e1bado (2), a previs\u00e3o \u00e9 de chuva moderada a forte.<\/p>\n<p>As inunda\u00e7\u00f5es deixaram fam\u00edlias desabrigadas e causaram deslizamentos. Em uma das ocorr\u00eancias, a m\u00e3e e o filho morreram no bairro de Dois Unidos, na Zona Norte da capital pernambucana. Em Olinda, um deslizamento no bairro do Passarinho soterrou uma fam\u00edlia, sendo que uma m\u00e3e e um filho continuam desaparecidos.<\/p>\n<p><strong>Leia mais: <\/strong><a href=\"https:\/\/vermelho.org.br\/coluna\/o-papel-estrategico-da-tecnologia-e-inovacao-na-prevencao-de-desastres-climaticos\/\" target=\"_blank\" rel=\"noreferrer noopener\">O papel estrat\u00e9gico da tecnologia e inova\u00e7\u00e3o na preven\u00e7\u00e3o de desastres clim\u00e1ticos<\/a><\/p>\n<p>A ministra de Ci\u00eancia, Tecnologia e Inova\u00e7\u00e3o, Luciana Santos (PCdoB), que j\u00e1 foi prefeita de Olinda e vice-governadora de Pernambuco, afirmou que acompanha com preocupa\u00e7\u00e3o as fortes chuvas que atingem o estado e destacou que o presidente Lula tem refor\u00e7ado o apoio federal com seus ministros.<\/p>\n<p>\u201cProtejam-se. Se voc\u00eas estiverem em \u00e1rea de risco, busquem abrigo. E, em caso de emerg\u00eancia ou qualquer perigo, liguem 193 para os Bombeiros ou 199 para a Defesa Civil\u201d, lembra a ministra.<\/p>\n<blockquote>\n<p lang=\"pt\" dir=\"ltr\">As fortes chuvas no Recife, Olinda e Regi\u00e3o Metropolitana exigem aten\u00e7\u00e3o, cuidado e responsabilidade coletiva.<\/p>\n<p>Moradores de \u00e1reas de risco devem acompanhar os alertas oficiais e, em caso de amea\u00e7a de deslizamento ou inunda\u00e7\u00e3o, buscar abrigo seguro o quanto antes. <a href=\"https:\/\/t.co\/Psm3yvP7kc\">pic.twitter.com\/Psm3yvP7kc<\/a><\/p>\n<p>\u2014 Luciana Santos (@lucianasantos) <a href=\"https:\/\/twitter.com\/lucianasantos\/status\/2050277665668534556?ref_src=twsrc%5Etfw\">May 1, 2026<\/a><\/p><\/blockquote>\n<p>O prefeito do Recife, Victor Marques (PCdoB), prestou solidariedade \u00e0 fam\u00edlia das v\u00edtimas de Dois Unidos e refor\u00e7ou que a cidade segue em alerta m\u00e1ximo: \u201cPedimos a todos que vivem em \u00e1reas de risco que busquem um lugar seguro, seja em um dos abrigos da Prefeitura ou na casa de parentes e amigos\u201d. Ele acompanha as a\u00e7\u00f5es e a meteorologia do Centro de Opera\u00e7\u00f5es de Recife. O prefeito tamb\u00e9m visitou abrigos e informou que 3.500 agentes municipais est\u00e3o mobilizados em toda a cidade.<\/p>\n<figure><img decoding=\"async\" width=\"768\" height=\"512\"src=\"https:\/\/redept.com.br\/blogosfera\/wp-content\/uploads\/2026\/05\/4af4c760-5e52-4d38-8ed4-2afa993f9dfb.jpeg\" alt=\"\" srcset=\"https:\/\/redept.com.br\/blogosfera\/wp-content\/uploads\/2026\/05\/4af4c760-5e52-4d38-8ed4-2afa993f9dfb.jpeg 768w, https:\/\/vermelho.org.br\/wp-content\/uploads\/2026\/05\/4af4c760-5e52-4d38-8ed4-2afa993f9dfb-300x200.jpeg 300w, https:\/\/vermelho.org.br\/wp-content\/uploads\/2026\/05\/4af4c760-5e52-4d38-8ed4-2afa993f9dfb-272x182.jpeg 272w\" sizes=\"(max-width: 768px) 100vw, 768px\"><figcaption>Fortes chuvas atingiram diversas cidades pernambucanas, inclusive a capital. (Foto: CBM\/PE)<\/figcaption><\/figure>\n<p>O ex-prefeito do Recife, Jo\u00e3o Campos (PSB), destacou que segue em contato com autoridades do governo federal: \u201c\u00c9 hora de uni\u00e3o, cuidado e suporte a quem foi atingido. O importante \u00e9 seguir protegendo vidas\u201d.<\/p>\n<p>A governadora Raquel Lyra (PSD) tem acompanhado a situa\u00e7\u00e3o junto \u00e0 Apac, visitado locais atingidos e colocado o Executivo estadual \u00e0 disposi\u00e7\u00e3o para auxiliar os munic\u00edpios.<\/p>\n<p>O post <a href=\"https:\/\/vermelho.org.br\/2026\/05\/01\/lula-anuncia-apoio-federal-a-pernambuco-apos-fortes-chuvas\/\">Lula anuncia apoio federal a Pernambuco ap\u00f3s fortes chuvas<\/a> apareceu primeiro em <a href=\"https:\/\/vermelho.org.br\/\">Vermelho<\/a>.<\/p>\n<!-- Begin Yuzo --><div class='yuzo_related_post style-1'  data-version='5.12.89'><!-- without result --><div class='yuzo_clearfixed yuzo__title yuzo__title'><h3>Related Post<\/h3><\/div>\n\t\t\t\t\t\t  <div class=\"relatedthumb \" style=\"width:125px;float:left;overflow:hidden;\">  \n\t\t\t\t\t\t\t  \n\t\t\t\t\t\t\t  <a  href=\"https:\/\/redept.com.br\/blogosfera\/senador-rogerio-destaca-crescimento-economico-defesa-dos-direitos-sociais-e-avancos-para-sergipe-em-entrevista\/\"  >\n\t\t\t\t\t\t\t\t\t  <div class=\"yuzo-img-wrap \" style=\"width: 125px;height:90px;\">\n\t\t\t\t\t\t\t\t\t\t\n\t\t\t\t\t\t\t\t\t\t<div class=\"yuzo-img\" style=\"background:url('https:\/\/redept.org\/blogosfera\/wp-content\/plugins\/yuzo-related-post\/assets\/images\/default.png') 50% 50% no-repeat;width: 125px;height:90px;margin-bottom: 5px;background-size: cover; \"><\/div>\n\t\t\t\t\t\t\t\t\t  <\/div>\n\t\t\t\t\t\t\t\t\t  \n\t\t\t\t\t\t\t\t   <span class=\"yuzo__text--title\" style=\"font-size:13px;\">Senador Rog\u00e9rio destaca crescimento econ\u00f4mico, def...<\/span>\n\t\t\t\t\t\t\t  \n\t\t\t\t\t\t\t  \n\t\t\t\t\t\t\t  <\/a>\n\n\t\t\t\t\t\t  <\/div>\n\t\t\t\t\t\t  <div class=\"relatedthumb \" style=\"width:125px;float:left;overflow:hidden;\">  \n\t\t\t\t\t\t\t  \n\t\t\t\t\t\t\t  <a  href=\"https:\/\/redept.com.br\/blogosfera\/venezuela-faz-recuo-tatico-desde-sequestro-de-maduro-aponta-professor-da-ufabc\/\"  >\n\t\t\t\t\t\t\t\t\t  <div class=\"yuzo-img-wrap \" style=\"width: 125px;height:90px;\">\n\t\t\t\t\t\t\t\t\t\t\n\t\t\t\t\t\t\t\t\t\t<div class=\"yuzo-img\" style=\"background:url('https:\/\/redept.org\/blogosfera\/wp-content\/plugins\/yuzo-related-post\/assets\/images\/default.png') 50% 50% no-repeat;width: 125px;height:90px;margin-bottom: 5px;background-size: cover; \"><\/div>\n\t\t\t\t\t\t\t\t\t  <\/div>\n\t\t\t\t\t\t\t\t\t  \n\t\t\t\t\t\t\t\t   <span class=\"yuzo__text--title\" style=\"font-size:13px;\">Venezuela faz \u2018recuo t\u00e1tico\u2019 desde sequestro de Ma...<\/span>\n\t\t\t\t\t\t\t  \n\t\t\t\t\t\t\t  \n\t\t\t\t\t\t\t  <\/a>\n\n\t\t\t\t\t\t  <\/div>\n\t\t\t\t\t\t  <div class=\"relatedthumb \" style=\"width:125px;float:left;overflow:hidden;\">  \n\t\t\t\t\t\t\t  \n\t\t\t\t\t\t\t  <a  href=\"https:\/\/redept.com.br\/blogosfera\/a-morte-de-jk-e-o-plano-verde-amarelo-o-que-o-novo-golpismo-nos-ensina-sobre-o-passado\/\"  >\n\t\t\t\t\t\t\t\t\t  <div class=\"yuzo-img-wrap \" style=\"width: 125px;height:90px;\">\n\t\t\t\t\t\t\t\t\t\t\n\t\t\t\t\t\t\t\t\t\t<div class=\"yuzo-img\" style=\"background:url('https:\/\/redept.org\/blogosfera\/wp-content\/plugins\/yuzo-related-post\/assets\/images\/default.png') 50% 50% no-repeat;width: 125px;height:90px;margin-bottom: 5px;background-size: cover; \"><\/div>\n\t\t\t\t\t\t\t\t\t  <\/div>\n\t\t\t\t\t\t\t\t\t  \n\t\t\t\t\t\t\t\t   <span class=\"yuzo__text--title\" style=\"font-size:13px;\">A morte de JK e o Plano Verde Amarelo: o que o nov...<\/span>\n\t\t\t\t\t\t\t  \n\t\t\t\t\t\t\t  \n\t\t\t\t\t\t\t  <\/a>\n\n\t\t\t\t\t\t  <\/div>\n\t\t\t\t\t\t  <div class=\"relatedthumb \" style=\"width:125px;float:left;overflow:hidden;\">  \n\t\t\t\t\t\t\t  \n\t\t\t\t\t\t\t  <a  href=\"https:\/\/redept.com.br\/blogosfera\/defensora-do-fim-da-escala-6x1-ana-paula-vence-bbb\/\"  >\n\t\t\t\t\t\t\t\t\t  <div class=\"yuzo-img-wrap \" style=\"width: 125px;height:90px;\">\n\t\t\t\t\t\t\t\t\t\t\n\t\t\t\t\t\t\t\t\t\t<div class=\"yuzo-img\" style=\"background:url('https:\/\/redept.org\/blogosfera\/wp-content\/plugins\/yuzo-related-post\/assets\/images\/default.png') 50% 50% no-repeat;width: 125px;height:90px;margin-bottom: 5px;background-size: cover; \"><\/div>\n\t\t\t\t\t\t\t\t\t  <\/div>\n\t\t\t\t\t\t\t\t\t  \n\t\t\t\t\t\t\t\t   <span class=\"yuzo__text--title\" style=\"font-size:13px;\">Defensora do fim da escala 6\u00d71, Ana Paula vence BB...<\/span>\n\t\t\t\t\t\t\t  \n\t\t\t\t\t\t\t  \n\t\t\t\t\t\t\t  <\/a>\n\n\t\t\t\t\t\t  <\/div>\n<\/div> <script>\n\t\t\t\t\t\t  jQuery(document).ready(function( $ ){\n\t\t\t\t\t\t\t\/\/jQuery('.yuzo_related_post').equalizer({ overflow : 'relatedthumb' });\n\t\t\t\t\t\t\tjQuery('.yuzo_related_post .yuzo_wraps').equalizer({ columns : '> div' });\n\t\t\t\t\t\t   })\n\t\t\t\t\t\t  <\/script> <!-- End Yuzo :) -->","protected":false},"excerpt":{"rendered":"<p>O presidente Lula determinou, nesta sexta-feira (1\u00ba), imediato apoio federal em decorr\u00eancia das fortes chuvas que caem no Grande Recife e em outras regi\u00f5es de Pernambuco. A Defesa Civil apontou que foram registrados 170 mil\u00edmetros de precipita\u00e7\u00e3o no estado desde quinta-feira (30), o que resultou em inunda\u00e7\u00f5es e deslizamentos de terra. A persist\u00eancia das chuvas [&hellip;]<\/p>\n","protected":false},"author":2,"featured_media":0,"comment_status":"open","ping_status":"closed","sticky":false,"template":"","format":"standard","meta":{"fifu_image_url":"","fifu_image_alt":"","footnotes":""},"categories":[42191,115,243,161,1252,112,917,179,185],"tags":[],"class_list":["post-85676","post","type-post","status-publish","format-standard","hentry","category-apoio-federal","category-chuvas","category-defesa-civil","category-governo-federal","category-luciana-santos","category-lula","category-olinda","category-pernambuco","category-recife"],"_links":{"self":[{"href":"https:\/\/redept.com.br\/blogosfera\/wp-json\/wp\/v2\/posts\/85676","targetHints":{"allow":["GET"]}}],"collection":[{"href":"https:\/\/redept.com.br\/blogosfera\/wp-json\/wp\/v2\/posts"}],"about":[{"href":"https:\/\/redept.com.br\/blogosfera\/wp-json\/wp\/v2\/types\/post"}],"author":[{"embeddable":true,"href":"https:\/\/redept.com.br\/blogosfera\/wp-json\/wp\/v2\/users\/2"}],"replies":[{"embeddable":true,"href":"https:\/\/redept.com.br\/blogosfera\/wp-json\/wp\/v2\/comments?post=85676"}],"version-history":[{"count":0,"href":"https:\/\/redept.com.br\/blogosfera\/wp-json\/wp\/v2\/posts\/85676\/revisions"}],"wp:attachment":[{"href":"https:\/\/redept.com.br\/blogosfera\/wp-json\/wp\/v2\/media?parent=85676"}],"wp:term":[{"taxonomy":"category","embeddable":true,"href":"https:\/\/redept.com.br\/blogosfera\/wp-json\/wp\/v2\/categories?post=85676"},{"taxonomy":"post_tag","embeddable":true,"href":"https:\/\/redept.com.br\/blogosfera\/wp-json\/wp\/v2\/tags?post=85676"}],"curies":[{"name":"wp","href":"https:\/\/api.w.org\/{rel}","templated":true}]}}