{"id":85679,"date":"2026-05-01T19:53:18","date_gmt":"2026-05-01T22:53:18","guid":{"rendered":"https:\/\/redept.com.br\/blogosfera\/eua-fecham-acordo-com-google-microsoft-e-musk-para-usar-ias-em-guerras-e-bane-unica-big-tech-que-disse-nao\/"},"modified":"2026-05-01T19:53:18","modified_gmt":"2026-05-01T22:53:18","slug":"eua-fecham-acordo-com-google-microsoft-e-musk-para-usar-ias-em-guerras-e-bane-unica-big-tech-que-disse-nao","status":"publish","type":"post","link":"https:\/\/redept.com.br\/blogosfera\/eua-fecham-acordo-com-google-microsoft-e-musk-para-usar-ias-em-guerras-e-bane-unica-big-tech-que-disse-nao\/","title":{"rendered":"EUA fecham acordo com Google, Microsoft e Musk para usar IAs em guerras e bane \u00fanica big tech que disse \u201cn\u00e3o\u201d"},"content":{"rendered":"<p>Enquanto oito gigantes assinavam cl\u00e1usula de &#8220;uso irrestrito&#8221; ao Pent\u00e1gono, a Anthropic foi exclu\u00edda por recusar a cria\u00e7\u00e3o de armas aut\u00f4nomas e vigil\u00e2ncia em massa<\/p>\n<p>O post EUA fecham acordo com Google, Microsoft e Musk para usar IAs em guerras e bane \u00fanica big tech que disse \u201cn\u00e3o\u201d apareceu primeiro em Urbs Magna.<\/p>\n<!-- Begin Yuzo --><div class='yuzo_related_post style-1'  data-version='5.12.89'><!-- without result --><div class='yuzo_clearfixed yuzo__title yuzo__title'><h3>Related Post<\/h3><\/div>\n\t\t\t\t\t\t  <div class=\"relatedthumb \" style=\"width:125px;float:left;overflow:hidden;\">  \n\t\t\t\t\t\t\t  \n\t\t\t\t\t\t\t  <a  href=\"https:\/\/redept.com.br\/blogosfera\/lula-diz-que-gestor-que-deixa-obra-parada-deve-ser-preso\/\"  >\n\t\t\t\t\t\t\t\t\t  <div class=\"yuzo-img-wrap \" style=\"width: 125px;height:90px;\">\n\t\t\t\t\t\t\t\t\t\t\n\t\t\t\t\t\t\t\t\t\t<div class=\"yuzo-img\" style=\"background:url('https:\/\/redept.org\/blogosfera\/wp-content\/plugins\/yuzo-related-post\/assets\/images\/default.png') 50% 50% no-repeat;width: 125px;height:90px;margin-bottom: 5px;background-size: cover; \"><\/div>\n\t\t\t\t\t\t\t\t\t  <\/div>\n\t\t\t\t\t\t\t\t\t  \n\t\t\t\t\t\t\t\t   <span class=\"yuzo__text--title\" style=\"font-size:13px;\">Lula diz que gestor que deixa obra parada deve ser...<\/span>\n\t\t\t\t\t\t\t  \n\t\t\t\t\t\t\t  \n\t\t\t\t\t\t\t  <\/a>\n\n\t\t\t\t\t\t  <\/div>\n\t\t\t\t\t\t  <div class=\"relatedthumb \" style=\"width:125px;float:left;overflow:hidden;\">  \n\t\t\t\t\t\t\t  \n\t\t\t\t\t\t\t  <a  href=\"https:\/\/redept.com.br\/blogosfera\/senadores-comemoram-ampliacao-do-mais-medicos\/\"  >\n\t\t\t\t\t\t\t\t\t  <div class=\"yuzo-img-wrap \" style=\"width: 125px;height:90px;\">\n\t\t\t\t\t\t\t\t\t\t\n\t\t\t\t\t\t\t\t\t\t<div class=\"yuzo-img\" style=\"background:url('https:\/\/redept.org\/blogosfera\/wp-content\/plugins\/yuzo-related-post\/assets\/images\/default.png') 50% 50% no-repeat;width: 125px;height:90px;margin-bottom: 5px;background-size: cover; \"><\/div>\n\t\t\t\t\t\t\t\t\t  <\/div>\n\t\t\t\t\t\t\t\t\t  \n\t\t\t\t\t\t\t\t   <span class=\"yuzo__text--title\" style=\"font-size:13px;\">Senadores comemoram amplia\u00e7\u00e3o do Mais M\u00e9dicos<\/span>\n\t\t\t\t\t\t\t  \n\t\t\t\t\t\t\t  \n\t\t\t\t\t\t\t  <\/a>\n\n\t\t\t\t\t\t  <\/div>\n\t\t\t\t\t\t  <div class=\"relatedthumb \" style=\"width:125px;float:left;overflow:hidden;\">  \n\t\t\t\t\t\t\t  \n\t\t\t\t\t\t\t  <a  href=\"https:\/\/redept.com.br\/blogosfera\/e-hora-do-mpf-denunciar-os-cachorros-loucos\/\"  >\n\t\t\t\t\t\t\t\t\t  <div class=\"yuzo-img-wrap \" style=\"width: 125px;height:90px;\">\n\t\t\t\t\t\t\t\t\t\t\n\t\t\t\t\t\t\t\t\t\t<div class=\"yuzo-img\" style=\"background:url('https:\/\/redept.org\/blogosfera\/wp-content\/plugins\/yuzo-related-post\/assets\/images\/default.png') 50% 50% no-repeat;width: 125px;height:90px;margin-bottom: 5px;background-size: cover; \"><\/div>\n\t\t\t\t\t\t\t\t\t  <\/div>\n\t\t\t\t\t\t\t\t\t  \n\t\t\t\t\t\t\t\t   <span class=\"yuzo__text--title\" style=\"font-size:13px;\">\u00c9 hora do MPF denunciar os cachorros loucos<\/span>\n\t\t\t\t\t\t\t  \n\t\t\t\t\t\t\t  \n\t\t\t\t\t\t\t  <\/a>\n\n\t\t\t\t\t\t  <\/div>\n\t\t\t\t\t\t  <div class=\"relatedthumb \" style=\"width:125px;float:left;overflow:hidden;\">  \n\t\t\t\t\t\t\t  \n\t\t\t\t\t\t\t  <a  href=\"https:\/\/redept.com.br\/blogosfera\/apos-video-de-felca-comissao-de-direitos-humanos-sugere-prisao-preventiva-de-influenciador-suspeito-de-exploracao-sexual\/\"  >\n\t\t\t\t\t\t\t\t\t  <div class=\"yuzo-img-wrap \" style=\"width: 125px;height:90px;\">\n\t\t\t\t\t\t\t\t\t\t\n\t\t\t\t\t\t\t\t\t\t<div class=\"yuzo-img\" style=\"background:url('https:\/\/redept.org\/blogosfera\/wp-content\/plugins\/yuzo-related-post\/assets\/images\/default.png') 50% 50% no-repeat;width: 125px;height:90px;margin-bottom: 5px;background-size: cover; \"><\/div>\n\t\t\t\t\t\t\t\t\t  <\/div>\n\t\t\t\t\t\t\t\t\t  \n\t\t\t\t\t\t\t\t   <span class=\"yuzo__text--title\" style=\"font-size:13px;\">Ap\u00f3s v\u00eddeo de Felca, Comiss\u00e3o de Direitos Humanos ...<\/span>\n\t\t\t\t\t\t\t  \n\t\t\t\t\t\t\t  \n\t\t\t\t\t\t\t  <\/a>\n\n\t\t\t\t\t\t  <\/div>\n<\/div> <script>\n\t\t\t\t\t\t  jQuery(document).ready(function( $ ){\n\t\t\t\t\t\t\t\/\/jQuery('.yuzo_related_post').equalizer({ overflow : 'relatedthumb' });\n\t\t\t\t\t\t\tjQuery('.yuzo_related_post .yuzo_wraps').equalizer({ columns : '> div' });\n\t\t\t\t\t\t   })\n\t\t\t\t\t\t  <\/script> <!-- End Yuzo :) -->","protected":false},"excerpt":{"rendered":"<p>Enquanto oito gigantes assinavam cl\u00e1usula de &#8220;uso irrestrito&#8221; ao Pent\u00e1gono, a Anthropic foi exclu\u00edda por recusar a cria\u00e7\u00e3o de armas aut\u00f4nomas e vigil\u00e2ncia em massa<\/p>\n<p>O post <a rel=\"nofollow\" href=\"https:\/\/urbsmagna.com\/eua-fecham-acordo-para-usar-ias-de-google-microsoft-e-musk-em-guerras\/\">EUA fecham acordo com Google, Microsoft e Musk para usar IAs em guerras e bane \u00fanica big tech que disse \u201cn\u00e3o\u201d<\/a> apareceu primeiro em <a rel=\"nofollow\" href=\"https:\/\/urbsmagna.com\/\">Urbs Magna<\/a>.<\/p>\n","protected":false},"author":2,"featured_media":0,"comment_status":"open","ping_status":"closed","sticky":false,"template":"","format":"standard","meta":{"fifu_image_url":"","fifu_image_alt":"","footnotes":""},"categories":[53732,53733,53734,38531,53735,37917,40642,53736,11287,21706,53737,2344,23,28805,1228,53738,50,9391,191,13747,27084,4492,2098,132,5471,53739,53740,4493,35,38540],"tags":[],"class_list":["post-85679","post","type-post","status-publish","format-standard","hentry","category-acordo-militar-ia","category-amazon-aws","category-anthropic-banida","category-armas-autonomas","category-big-tech-que-disse-nao","category-claude","category-departamento-de-defesa-eua","category-elon-musk-xai","category-etica","category-etica-em-ia","category-genai-mil","category-google","category-guerra","category-guerra-tecnologica","category-inteligencia-artificial","category-inteligencia-artificial-em-guerras","category-internacional","category-microsoft","category-noticias","category-nvidia","category-openai","category-pentagono","category-pete-hegseth","category-politica","category-politica-nacional","category-reflection-ai","category-sistemas-classificados","category-spacex","category-tecnologia","category-vigilancia-em-massa"],"_links":{"self":[{"href":"https:\/\/redept.com.br\/blogosfera\/wp-json\/wp\/v2\/posts\/85679","targetHints":{"allow":["GET"]}}],"collection":[{"href":"https:\/\/redept.com.br\/blogosfera\/wp-json\/wp\/v2\/posts"}],"about":[{"href":"https:\/\/redept.com.br\/blogosfera\/wp-json\/wp\/v2\/types\/post"}],"author":[{"embeddable":true,"href":"https:\/\/redept.com.br\/blogosfera\/wp-json\/wp\/v2\/users\/2"}],"replies":[{"embeddable":true,"href":"https:\/\/redept.com.br\/blogosfera\/wp-json\/wp\/v2\/comments?post=85679"}],"version-history":[{"count":0,"href":"https:\/\/redept.com.br\/blogosfera\/wp-json\/wp\/v2\/posts\/85679\/revisions"}],"wp:attachment":[{"href":"https:\/\/redept.com.br\/blogosfera\/wp-json\/wp\/v2\/media?parent=85679"}],"wp:term":[{"taxonomy":"category","embeddable":true,"href":"https:\/\/redept.com.br\/blogosfera\/wp-json\/wp\/v2\/categories?post=85679"},{"taxonomy":"post_tag","embeddable":true,"href":"https:\/\/redept.com.br\/blogosfera\/wp-json\/wp\/v2\/tags?post=85679"}],"curies":[{"name":"wp","href":"https:\/\/api.w.org\/{rel}","templated":true}]}}