{"id":85680,"date":"2026-05-01T20:18:01","date_gmt":"2026-05-01T23:18:01","guid":{"rendered":"https:\/\/redept.com.br\/blogosfera\/1o-de-maio-trabalhadores-ocupam-as-ruas-do-brasil-pela-reducao-da-jornada\/"},"modified":"2026-05-01T20:18:01","modified_gmt":"2026-05-01T23:18:01","slug":"1o-de-maio-trabalhadores-ocupam-as-ruas-do-brasil-pela-reducao-da-jornada","status":"publish","type":"post","link":"https:\/\/redept.com.br\/blogosfera\/1o-de-maio-trabalhadores-ocupam-as-ruas-do-brasil-pela-reducao-da-jornada\/","title":{"rendered":"1\u00ba de Maio: Trabalhadores ocupam as ruas do Brasil pela redu\u00e7\u00e3o da jornada"},"content":{"rendered":"<p><img loading=\"lazy\" width=\"1024\" height=\"768\"src=\"https:\/\/redept.com.br\/blogosfera\/wp-content\/uploads\/2026\/05\/685960798_1444498604387252_4348265217499154305_n.jpg\" alt=\"\" decoding=\"async\" loading=\"lazy\" srcset=\"https:\/\/vermelho.org.br\/wp-content\/uploads\/2026\/05\/685960798_1444498604387252_4348265217499154305_n-1024x768.jpg 1024w, https:\/\/vermelho.org.br\/wp-content\/uploads\/2026\/05\/685960798_1444498604387252_4348265217499154305_n-300x225.jpg 300w, https:\/\/vermelho.org.br\/wp-content\/uploads\/2026\/05\/685960798_1444498604387252_4348265217499154305_n-768x576.jpg 768w, https:\/\/redept.com.br\/blogosfera\/wp-content\/uploads\/2026\/05\/685960798_1444498604387252_4348265217499154305_n.jpg 1440w\" sizes=\"auto, (max-width: 1024px) 100vw, 1024px\"><\/p>\n<p>O 1\u00ba de Maio de 2026 foi marcado por uma nova estrat\u00e9gia das centrais sindicais, que realizaram agendas descentralizadas pelo Brasil em celebra\u00e7\u00e3o ao Dia do Trabalhador e da Trabalhadora. A iniciativa, que teve como mote central a defesa do fim da escala 6\u00d71, \u00e9 considerada um sucesso por agregar mais pessoas no pa\u00eds em torno da pauta.<\/p>\n<p>CTB, CUT, For\u00e7a Sindical, UGT, NCST, CSB, CGTB, Intersindical, CSP-Conlutas e P\u00fablica \u2013 Central do Servidor foram respons\u00e1veis por agendas em todos os estados, independentemente do tamanho ou dos atrativos, priorizando a unidade em torno da defesa da classe trabalhadora.<\/p>\n<p><strong>Leia mais<\/strong>: <a href=\"https:\/\/vermelho.org.br\/2026\/05\/01\/dia-do-trabalhador-lula-mira-combate-ao-endividamento-e-fim-da-escala-6x1\/\">Dia do Trabalhador: Lula mira combate ao endividamento e fim da escala 6\u00d71<\/a><\/p>\n<p>No caso da CTB, os principais atos aconteceram em S\u00e3o Paulo (SP); Manaus (AM); Salvador e Feira de Santana (BA); Bras\u00edlia (DF); Goi\u00e2nia (GO); Santa Rita do Sapuca\u00ed e Belo Horizonte (MG); Bel\u00e9m (PA); Recife (PE); Natal (RN); Aracaju (SE); Fortaleza (CE); S\u00e3o Lu\u00eds (MA); Florian\u00f3polis (SC); e Rio de Janeiro (RJ).<\/p>\n<p>O ato nacional, que reuniu o presidente da CTB, Adilson Ara\u00fajo, e demais lideran\u00e7as, ocorreu em S\u00e3o Paulo (SP), na Pra\u00e7a Roosevelt. Na oportunidade, ele defendeu a redu\u00e7\u00e3o da jornada de trabalho para 40 horas e o fim da escala 6\u00d71, pois \u201cprecisamos viver mais e melhor\u201d.<\/p>\n<p>O cetebista tamb\u00e9m refor\u00e7ou as cr\u00edticas j\u00e1 feitas \u00e0<a href=\"https:\/\/vermelho.org.br\/2026\/04\/30\/centrais-sindicais-exigem-juros-compativeis-com-a-realidade-nacional\/\"> elevada taxa de juros mantida pelo presidente do Banco Central<\/a>, Gabriel Gal\u00edpolo, e a diretoria do \u00f3rg\u00e3o. Ele tamb\u00e9m criticou o imperialismo e os retrocessos no Congresso Nacional: \u201cA esperan\u00e7a \u00e9 revolucion\u00e1ria\u201d, bradou Adilson.<\/p>\n<figure>\n<figure><img fetchpriority=\"high\" decoding=\"async\" width=\"1024\" height=\"768\" data-id=\"742830\"src=\"https:\/\/redept.com.br\/blogosfera\/wp-content\/uploads\/2026\/05\/684158171_1444498614387251_9185976200553414182_n.jpg\" alt=\"\" srcset=\"https:\/\/vermelho.org.br\/wp-content\/uploads\/2026\/05\/684158171_1444498614387251_9185976200553414182_n-1024x768.jpg 1024w, https:\/\/vermelho.org.br\/wp-content\/uploads\/2026\/05\/684158171_1444498614387251_9185976200553414182_n-300x225.jpg 300w, https:\/\/vermelho.org.br\/wp-content\/uploads\/2026\/05\/684158171_1444498614387251_9185976200553414182_n-768x576.jpg 768w, https:\/\/redept.com.br\/blogosfera\/wp-content\/uploads\/2026\/05\/684158171_1444498614387251_9185976200553414182_n.jpg 1440w\" sizes=\"(max-width: 1024px) 100vw, 1024px\"><\/figure>\n<figure><img decoding=\"async\" width=\"1024\" height=\"768\" data-id=\"742831\"src=\"https:\/\/redept.com.br\/blogosfera\/wp-content\/uploads\/2026\/05\/684220097_18592595713033199_1897009915982750858_n.jpg\" alt=\"\" srcset=\"https:\/\/vermelho.org.br\/wp-content\/uploads\/2026\/05\/684220097_18592595713033199_1897009915982750858_n-1024x768.jpg 1024w, https:\/\/vermelho.org.br\/wp-content\/uploads\/2026\/05\/684220097_18592595713033199_1897009915982750858_n-300x225.jpg 300w, https:\/\/vermelho.org.br\/wp-content\/uploads\/2026\/05\/684220097_18592595713033199_1897009915982750858_n-768x576.jpg 768w, https:\/\/redept.com.br\/blogosfera\/wp-content\/uploads\/2026\/05\/684220097_18592595713033199_1897009915982750858_n.jpg 1440w\" sizes=\"(max-width: 1024px) 100vw, 1024px\"><\/figure>\n<figure><img loading=\"lazy\" loading=\"lazy\" decoding=\"async\" width=\"1024\" height=\"768\" data-id=\"742832\"src=\"https:\/\/redept.com.br\/blogosfera\/wp-content\/uploads\/2026\/05\/684820670_1444498594387253_4527517105563632767_n.jpg\" alt=\"\" srcset=\"https:\/\/vermelho.org.br\/wp-content\/uploads\/2026\/05\/684820670_1444498594387253_4527517105563632767_n-1024x768.jpg 1024w, https:\/\/vermelho.org.br\/wp-content\/uploads\/2026\/05\/684820670_1444498594387253_4527517105563632767_n-300x225.jpg 300w, https:\/\/vermelho.org.br\/wp-content\/uploads\/2026\/05\/684820670_1444498594387253_4527517105563632767_n-768x576.jpg 768w, https:\/\/redept.com.br\/blogosfera\/wp-content\/uploads\/2026\/05\/684820670_1444498594387253_4527517105563632767_n.jpg 1440w\" sizes=\"auto, (max-width: 1024px) 100vw, 1024px\"><\/figure>\n<figure><img loading=\"lazy\" loading=\"lazy\" decoding=\"async\" width=\"1024\" height=\"768\" data-id=\"742833\"src=\"https:\/\/redept.com.br\/blogosfera\/wp-content\/uploads\/2026\/05\/686078597_1444498617720584_4001843002190830771_n.jpg\" alt=\"\" srcset=\"https:\/\/vermelho.org.br\/wp-content\/uploads\/2026\/05\/686078597_1444498617720584_4001843002190830771_n-1024x768.jpg 1024w, https:\/\/vermelho.org.br\/wp-content\/uploads\/2026\/05\/686078597_1444498617720584_4001843002190830771_n-300x225.jpg 300w, https:\/\/vermelho.org.br\/wp-content\/uploads\/2026\/05\/686078597_1444498617720584_4001843002190830771_n-768x576.jpg 768w, https:\/\/redept.com.br\/blogosfera\/wp-content\/uploads\/2026\/05\/686078597_1444498617720584_4001843002190830771_n.jpg 1440w\" sizes=\"auto, (max-width: 1024px) 100vw, 1024px\"><\/figure>\n<figure><img loading=\"lazy\" loading=\"lazy\" decoding=\"async\" width=\"1024\" height=\"768\" data-id=\"742835\"src=\"https:\/\/redept.com.br\/blogosfera\/wp-content\/uploads\/2026\/05\/686951149_1444498574387255_6216267517094441861_n.jpg\" alt=\"\" srcset=\"https:\/\/vermelho.org.br\/wp-content\/uploads\/2026\/05\/686951149_1444498574387255_6216267517094441861_n-1024x768.jpg 1024w, https:\/\/vermelho.org.br\/wp-content\/uploads\/2026\/05\/686951149_1444498574387255_6216267517094441861_n-300x225.jpg 300w, https:\/\/vermelho.org.br\/wp-content\/uploads\/2026\/05\/686951149_1444498574387255_6216267517094441861_n-768x576.jpg 768w, https:\/\/redept.com.br\/blogosfera\/wp-content\/uploads\/2026\/05\/686951149_1444498574387255_6216267517094441861_n.jpg 1440w\" sizes=\"auto, (max-width: 1024px) 100vw, 1024px\"><figcaption>Fotos: CTB<\/figcaption><\/figure>\n<figure><img loading=\"lazy\" loading=\"lazy\" decoding=\"async\" width=\"1024\" height=\"768\" data-id=\"742834\"src=\"https:\/\/redept.com.br\/blogosfera\/wp-content\/uploads\/2026\/05\/688243827_1444498564387256_1715465528686438766_n.jpg\" alt=\"\" srcset=\"https:\/\/vermelho.org.br\/wp-content\/uploads\/2026\/05\/688243827_1444498564387256_1715465528686438766_n-1024x768.jpg 1024w, https:\/\/vermelho.org.br\/wp-content\/uploads\/2026\/05\/688243827_1444498564387256_1715465528686438766_n-300x225.jpg 300w, https:\/\/vermelho.org.br\/wp-content\/uploads\/2026\/05\/688243827_1444498564387256_1715465528686438766_n-768x576.jpg 768w, https:\/\/redept.com.br\/blogosfera\/wp-content\/uploads\/2026\/05\/688243827_1444498564387256_1715465528686438766_n.jpg 1440w\" sizes=\"auto, (max-width: 1024px) 100vw, 1024px\"><\/figure>\n<\/figure>\n<p>Os estudantes tamb\u00e9m estiveram representados no ato. A presidenta da UNE (Uni\u00e3o Nacional dos Estudantes), Bianca Borges, lembrou que o atual momento de press\u00e3o pela redu\u00e7\u00e3o da jornada foi pavimentado pelo <a href=\"https:\/\/vermelho.org.br\/tag\/plebiscito-popular\/\">Plebiscito Popular <\/a>pelo fim da escala 6\u00d71 e pela isen\u00e7\u00e3o do Imposto de Renda, constru\u00eddo por muitas m\u00e3os e que obteve mais de dois milh\u00f5es de participa\u00e7\u00f5es.<\/p>\n<p><strong>Leia mais<\/strong>: <a href=\"https:\/\/vermelho.org.br\/2026\/04\/28\/galipolo-continua-com-a-sabotagem-de-campos-neto-diz-presidente-da-ctb\/\">Gal\u00edpolo continua com a sabotagem de Campos Neto, diz presidente da CTB<\/a><\/p>\n<p>Por sua vez, a presidenta interina do PCdoB Nacional, N\u00e1dia Campe\u00e3o, destacou que a tarefa pela redu\u00e7\u00e3o da jornada de trabalho \u00e9 uma tarefa de todos neste ano.<\/p>\n<p>\u201c\u00c9 uma tarefa de todos aqueles que merecem, que devem ter mais tempo de vida para aproveitar. A redu\u00e7\u00e3o da jornada de trabalho \u00e9 uma luta contra a explora\u00e7\u00e3o do trabalho pelos patr\u00f5es e pelo capital. Ent\u00e3o, todo apoio ao fim da escala seis por um. Essa conquista come\u00e7ou nas ruas e vai ser garantida nas ruas. O Congresso Nacional s\u00f3 vai aprovar se n\u00f3s arrancarmos essa conquista na luta\u201d, afirmou.<\/p>\n<p>N\u00e1dia ainda ressaltou a import\u00e2ncia de defender a soberania nacional contra os interesses externos, bem como a democracia, que est\u00e1 em risco com a aprova\u00e7\u00e3o da <a href=\"https:\/\/vermelho.org.br\/2026\/04\/30\/em-sessao-vexatoria-congresso-derruba-veto-de-lula-a-anistia-de-golpistas\/\">Dosimetria<\/a>, a qual, segundo ela, representa uma verdadeira \u201canistia\u201d para Jair Bolsonaro e militares golpistas.<\/p>\n<figure>\n<figure><img loading=\"lazy\" loading=\"lazy\" decoding=\"async\" width=\"1024\" height=\"682\" data-id=\"742836\"src=\"https:\/\/redept.com.br\/blogosfera\/wp-content\/uploads\/2026\/05\/683417843_18596017876016643_7206740578309962396_n.jpg\" alt=\"\" srcset=\"https:\/\/vermelho.org.br\/wp-content\/uploads\/2026\/05\/683417843_18596017876016643_7206740578309962396_n-1024x682.jpg 1024w, https:\/\/vermelho.org.br\/wp-content\/uploads\/2026\/05\/683417843_18596017876016643_7206740578309962396_n-300x200.jpg 300w, https:\/\/vermelho.org.br\/wp-content\/uploads\/2026\/05\/683417843_18596017876016643_7206740578309962396_n-768x512.jpg 768w, https:\/\/vermelho.org.br\/wp-content\/uploads\/2026\/05\/683417843_18596017876016643_7206740578309962396_n-272x182.jpg 272w, https:\/\/redept.com.br\/blogosfera\/wp-content\/uploads\/2026\/05\/683417843_18596017876016643_7206740578309962396_n.jpg 1066w\" sizes=\"auto, (max-width: 1024px) 100vw, 1024px\"><\/figure>\n<figure><img loading=\"lazy\" loading=\"lazy\" decoding=\"async\" width=\"1024\" height=\"768\" data-id=\"742840\"src=\"https:\/\/redept.com.br\/blogosfera\/wp-content\/uploads\/2026\/05\/683637524_18596018017016643_8656882660417908866_n.jpg\" alt=\"\" srcset=\"https:\/\/vermelho.org.br\/wp-content\/uploads\/2026\/05\/683637524_18596018017016643_8656882660417908866_n-1024x768.jpg 1024w, https:\/\/vermelho.org.br\/wp-content\/uploads\/2026\/05\/683637524_18596018017016643_8656882660417908866_n-300x225.jpg 300w, https:\/\/vermelho.org.br\/wp-content\/uploads\/2026\/05\/683637524_18596018017016643_8656882660417908866_n-768x576.jpg 768w, https:\/\/redept.com.br\/blogosfera\/wp-content\/uploads\/2026\/05\/683637524_18596018017016643_8656882660417908866_n.jpg 1440w\" sizes=\"auto, (max-width: 1024px) 100vw, 1024px\"><\/figure>\n<figure><img loading=\"lazy\" loading=\"lazy\" decoding=\"async\" width=\"1024\" height=\"682\" data-id=\"742837\"src=\"https:\/\/redept.com.br\/blogosfera\/wp-content\/uploads\/2026\/05\/684157105_18596018047016643_2833955084704000780_n.jpg\" alt=\"\" srcset=\"https:\/\/vermelho.org.br\/wp-content\/uploads\/2026\/05\/684157105_18596018047016643_2833955084704000780_n-1024x682.jpg 1024w, https:\/\/vermelho.org.br\/wp-content\/uploads\/2026\/05\/684157105_18596018047016643_2833955084704000780_n-300x200.jpg 300w, https:\/\/vermelho.org.br\/wp-content\/uploads\/2026\/05\/684157105_18596018047016643_2833955084704000780_n-768x512.jpg 768w, https:\/\/vermelho.org.br\/wp-content\/uploads\/2026\/05\/684157105_18596018047016643_2833955084704000780_n-272x182.jpg 272w, https:\/\/redept.com.br\/blogosfera\/wp-content\/uploads\/2026\/05\/684157105_18596018047016643_2833955084704000780_n.jpg 1066w\" sizes=\"auto, (max-width: 1024px) 100vw, 1024px\"><\/figure>\n<figure><img loading=\"lazy\" loading=\"lazy\" decoding=\"async\" width=\"1024\" height=\"682\" data-id=\"742841\"src=\"https:\/\/redept.com.br\/blogosfera\/wp-content\/uploads\/2026\/05\/une.jpg\" alt=\"\" srcset=\"https:\/\/vermelho.org.br\/wp-content\/uploads\/2026\/05\/une-1024x682.jpg 1024w, https:\/\/vermelho.org.br\/wp-content\/uploads\/2026\/05\/une-300x200.jpg 300w, https:\/\/vermelho.org.br\/wp-content\/uploads\/2026\/05\/une-768x512.jpg 768w, https:\/\/vermelho.org.br\/wp-content\/uploads\/2026\/05\/une-272x182.jpg 272w, https:\/\/redept.com.br\/blogosfera\/wp-content\/uploads\/2026\/05\/une.jpg 1066w\" sizes=\"auto, (max-width: 1024px) 100vw, 1024px\"><\/figure>\n<figure><img loading=\"lazy\" loading=\"lazy\" decoding=\"async\" width=\"1024\" height=\"682\" data-id=\"742838\"src=\"https:\/\/redept.com.br\/blogosfera\/wp-content\/uploads\/2026\/05\/unee.jpg\" alt=\"\" srcset=\"https:\/\/vermelho.org.br\/wp-content\/uploads\/2026\/05\/unee-1024x682.jpg 1024w, https:\/\/vermelho.org.br\/wp-content\/uploads\/2026\/05\/unee-300x200.jpg 300w, https:\/\/vermelho.org.br\/wp-content\/uploads\/2026\/05\/unee-768x512.jpg 768w, https:\/\/vermelho.org.br\/wp-content\/uploads\/2026\/05\/unee-272x182.jpg 272w, https:\/\/redept.com.br\/blogosfera\/wp-content\/uploads\/2026\/05\/unee.jpg 1066w\" sizes=\"auto, (max-width: 1024px) 100vw, 1024px\"><figcaption>Fotos: UNE<\/figcaption><\/figure>\n<figure><img loading=\"lazy\" loading=\"lazy\" decoding=\"async\" width=\"1024\" height=\"682\" data-id=\"742839\"src=\"https:\/\/redept.com.br\/blogosfera\/wp-content\/uploads\/2026\/05\/unee1.jpg\" alt=\"\" srcset=\"https:\/\/vermelho.org.br\/wp-content\/uploads\/2026\/05\/unee1-1024x682.jpg 1024w, https:\/\/vermelho.org.br\/wp-content\/uploads\/2026\/05\/unee1-300x200.jpg 300w, https:\/\/vermelho.org.br\/wp-content\/uploads\/2026\/05\/unee1-768x512.jpg 768w, https:\/\/vermelho.org.br\/wp-content\/uploads\/2026\/05\/unee1-272x182.jpg 272w, https:\/\/redept.com.br\/blogosfera\/wp-content\/uploads\/2026\/05\/unee1.jpg 1066w\" sizes=\"auto, (max-width: 1024px) 100vw, 1024px\"><\/figure>\n<\/figure>\n<p>O post <a href=\"https:\/\/vermelho.org.br\/2026\/05\/01\/1o-de-maio-trabalhadores-ocupam-as-ruas-do-brasil-pela-reducao-da-jornada\/\">1\u00ba de Maio: Trabalhadores ocupam as ruas do Brasil pela redu\u00e7\u00e3o da jornada<\/a> apareceu primeiro em <a href=\"https:\/\/vermelho.org.br\/\">Vermelho<\/a>.<\/p>\n<!-- Begin Yuzo --><div class='yuzo_related_post style-1'  data-version='5.12.89'><!-- without result --><div class='yuzo_clearfixed yuzo__title yuzo__title'><h3>Related Post<\/h3><\/div>\n\t\t\t\t\t\t  <div class=\"relatedthumb \" style=\"width:125px;float:left;overflow:hidden;\">  \n\t\t\t\t\t\t\t  \n\t\t\t\t\t\t\t  <a  href=\"https:\/\/redept.com.br\/blogosfera\/a-furia-epica-de-trump-muda-o-cenario-da-energia-no-mundo\/\"  >\n\t\t\t\t\t\t\t\t\t  <div class=\"yuzo-img-wrap \" style=\"width: 125px;height:90px;\">\n\t\t\t\t\t\t\t\t\t\t\n\t\t\t\t\t\t\t\t\t\t<div class=\"yuzo-img\" style=\"background:url('https:\/\/redept.org\/blogosfera\/wp-content\/plugins\/yuzo-related-post\/assets\/images\/default.png') 50% 50% no-repeat;width: 125px;height:90px;margin-bottom: 5px;background-size: cover; \"><\/div>\n\t\t\t\t\t\t\t\t\t  <\/div>\n\t\t\t\t\t\t\t\t\t  \n\t\t\t\t\t\t\t\t   <span class=\"yuzo__text--title\" style=\"font-size:13px;\">A \u201cf\u00faria \u00e9pica\u201d de Trump muda o cen\u00e1rio da energia...<\/span>\n\t\t\t\t\t\t\t  \n\t\t\t\t\t\t\t  \n\t\t\t\t\t\t\t  <\/a>\n\n\t\t\t\t\t\t  <\/div>\n\t\t\t\t\t\t  <div class=\"relatedthumb \" style=\"width:125px;float:left;overflow:hidden;\">  \n\t\t\t\t\t\t\t  \n\t\t\t\t\t\t\t  <a  href=\"https:\/\/redept.com.br\/blogosfera\/apos-50-anos-preso-ativista-indigena-leonard-peltier-e-libertado-nos-eua\/\"  >\n\t\t\t\t\t\t\t\t\t  <div class=\"yuzo-img-wrap \" style=\"width: 125px;height:90px;\">\n\t\t\t\t\t\t\t\t\t\t\n\t\t\t\t\t\t\t\t\t\t<div class=\"yuzo-img\" style=\"background:url('https:\/\/redept.com.br\/blogosfera\/wp-content\/uploads\/2025\/02\/captura-de-tela-2025-02-19-120025-150x150.png') 50% 50% no-repeat;width: 125px;height:90px;margin-bottom: 5px;background-size: cover; \"><\/div>\n\t\t\t\t\t\t\t\t\t  <\/div>\n\t\t\t\t\t\t\t\t\t  \n\t\t\t\t\t\t\t\t   <span class=\"yuzo__text--title\" style=\"font-size:13px;\">Ap\u00f3s 50 anos preso, ativista ind\u00edgena Leonard Pelt...<\/span>\n\t\t\t\t\t\t\t  \n\t\t\t\t\t\t\t  \n\t\t\t\t\t\t\t  <\/a>\n\n\t\t\t\t\t\t  <\/div>\n\t\t\t\t\t\t  <div class=\"relatedthumb \" style=\"width:125px;float:left;overflow:hidden;\">  \n\t\t\t\t\t\t\t  \n\t\t\t\t\t\t\t  <a  href=\"https:\/\/redept.com.br\/blogosfera\/para-rogerio-resultados-economicos-refletem-compromisso-do-governo-com-o-desenvolvimento\/\"  >\n\t\t\t\t\t\t\t\t\t  <div class=\"yuzo-img-wrap \" style=\"width: 125px;height:90px;\">\n\t\t\t\t\t\t\t\t\t\t\n\t\t\t\t\t\t\t\t\t\t<div class=\"yuzo-img\" style=\"background:url('https:\/\/redept.org\/blogosfera\/wp-content\/plugins\/yuzo-related-post\/assets\/images\/default.png') 50% 50% no-repeat;width: 125px;height:90px;margin-bottom: 5px;background-size: cover; \"><\/div>\n\t\t\t\t\t\t\t\t\t  <\/div>\n\t\t\t\t\t\t\t\t\t  \n\t\t\t\t\t\t\t\t   <span class=\"yuzo__text--title\" style=\"font-size:13px;\">Para Rog\u00e9rio, resultados econ\u00f4micos refletem compr...<\/span>\n\t\t\t\t\t\t\t  \n\t\t\t\t\t\t\t  \n\t\t\t\t\t\t\t  <\/a>\n\n\t\t\t\t\t\t  <\/div>\n\t\t\t\t\t\t  <div class=\"relatedthumb \" style=\"width:125px;float:left;overflow:hidden;\">  \n\t\t\t\t\t\t\t  \n\t\t\t\t\t\t\t  <a  href=\"https:\/\/redept.com.br\/blogosfera\/calendario-do-bolsa-familia-em-2026-esta-disponivel\/\"  >\n\t\t\t\t\t\t\t\t\t  <div class=\"yuzo-img-wrap \" style=\"width: 125px;height:90px;\">\n\t\t\t\t\t\t\t\t\t\t\n\t\t\t\t\t\t\t\t\t\t<div class=\"yuzo-img\" style=\"background:url('https:\/\/redept.org\/blogosfera\/wp-content\/plugins\/yuzo-related-post\/assets\/images\/default.png') 50% 50% no-repeat;width: 125px;height:90px;margin-bottom: 5px;background-size: cover; \"><\/div>\n\t\t\t\t\t\t\t\t\t  <\/div>\n\t\t\t\t\t\t\t\t\t  \n\t\t\t\t\t\t\t\t   <span class=\"yuzo__text--title\" style=\"font-size:13px;\">Calend\u00e1rio do\u00a0Bolsa\u00a0Fam\u00edlia em 2026 est\u00e1 dispon\u00edve...<\/span>\n\t\t\t\t\t\t\t  \n\t\t\t\t\t\t\t  \n\t\t\t\t\t\t\t  <\/a>\n\n\t\t\t\t\t\t  <\/div>\n<\/div> <script>\n\t\t\t\t\t\t  jQuery(document).ready(function( $ ){\n\t\t\t\t\t\t\t\/\/jQuery('.yuzo_related_post').equalizer({ overflow : 'relatedthumb' });\n\t\t\t\t\t\t\tjQuery('.yuzo_related_post .yuzo_wraps').equalizer({ columns : '> div' });\n\t\t\t\t\t\t   })\n\t\t\t\t\t\t  <\/script> <!-- End Yuzo :) -->","protected":false},"excerpt":{"rendered":"<p>O 1\u00ba de Maio de 2026 foi marcado por uma nova estrat\u00e9gia das centrais sindicais, que realizaram agendas descentralizadas pelo Brasil em celebra\u00e7\u00e3o ao Dia do Trabalhador e da Trabalhadora. A iniciativa, que teve como mote central a defesa do fim da escala 6\u00d71, \u00e9 considerada um sucesso por agregar mais pessoas no pa\u00eds em [&hellip;]<\/p>\n","protected":false},"author":2,"featured_media":0,"comment_status":"open","ping_status":"closed","sticky":false,"template":"","format":"standard","meta":{"fifu_image_url":"","fifu_image_alt":"","footnotes":""},"categories":[3936,52179,282,5225,2008,278,2482],"tags":[],"class_list":["post-85680","post","type-post","status-publish","format-standard","hentry","category-1o-de-maio","category-centrais-sindcais","category-ctb","category-dia-do-trabalhador","category-fim-da-escala-6x1","category-movimentos","category-reducao-da-jornada"],"_links":{"self":[{"href":"https:\/\/redept.com.br\/blogosfera\/wp-json\/wp\/v2\/posts\/85680","targetHints":{"allow":["GET"]}}],"collection":[{"href":"https:\/\/redept.com.br\/blogosfera\/wp-json\/wp\/v2\/posts"}],"about":[{"href":"https:\/\/redept.com.br\/blogosfera\/wp-json\/wp\/v2\/types\/post"}],"author":[{"embeddable":true,"href":"https:\/\/redept.com.br\/blogosfera\/wp-json\/wp\/v2\/users\/2"}],"replies":[{"embeddable":true,"href":"https:\/\/redept.com.br\/blogosfera\/wp-json\/wp\/v2\/comments?post=85680"}],"version-history":[{"count":0,"href":"https:\/\/redept.com.br\/blogosfera\/wp-json\/wp\/v2\/posts\/85680\/revisions"}],"wp:attachment":[{"href":"https:\/\/redept.com.br\/blogosfera\/wp-json\/wp\/v2\/media?parent=85680"}],"wp:term":[{"taxonomy":"category","embeddable":true,"href":"https:\/\/redept.com.br\/blogosfera\/wp-json\/wp\/v2\/categories?post=85680"},{"taxonomy":"post_tag","embeddable":true,"href":"https:\/\/redept.com.br\/blogosfera\/wp-json\/wp\/v2\/tags?post=85680"}],"curies":[{"name":"wp","href":"https:\/\/api.w.org\/{rel}","templated":true}]}}