{"id":85696,"date":"2026-05-01T21:30:09","date_gmt":"2026-05-02T00:30:09","guid":{"rendered":"https:\/\/redept.com.br\/blogosfera\/acordo-mercosul-uniao-europeia-entra-em-vigor-apos-mais-de-duas-decadas-de-negociacoes\/"},"modified":"2026-05-01T21:30:09","modified_gmt":"2026-05-02T00:30:09","slug":"acordo-mercosul-uniao-europeia-entra-em-vigor-apos-mais-de-duas-decadas-de-negociacoes","status":"publish","type":"post","link":"https:\/\/redept.com.br\/blogosfera\/acordo-mercosul-uniao-europeia-entra-em-vigor-apos-mais-de-duas-decadas-de-negociacoes\/","title":{"rendered":"Acordo Mercosul\u2013Uni\u00e3o Europeia entra em vigor ap\u00f3s mais de duas d\u00e9cadas de negocia\u00e7\u00f5es"},"content":{"rendered":"<p>O acordo comercial entre Mercosul e Uni\u00e3o Europeia come\u00e7ou a entrar em vigor nesta sexta-feira (1\u00ba), ap\u00f3s mais de duas d\u00e9cadas de negocia\u00e7\u00f5es entre os dois blocos. O presidente Luiz In\u00e1cio Lula da Silva (PT) destacou a data como um marco pol\u00edtico e econ\u00f4mico e associou o tratado \u00e0 retomada do multilateralismo no cen\u00e1rio internacional. [\u2026]<\/p>\n<p><a href=\"https:\/\/www.brasildefato.com.br\/2026\/05\/01\/acordo-mercosuluniao-europeia-entra-em-vigor-apos-mais-de-duas-decadas-de-negociacoes\/\" rel=\"nofollow\">Fonte<\/a><\/p>\n<!-- Begin Yuzo --><div class='yuzo_related_post style-1'  data-version='5.12.89'><!-- without result --><div class='yuzo_clearfixed yuzo__title yuzo__title'><h3>Related Post<\/h3><\/div>\n\t\t\t\t\t\t  <div class=\"relatedthumb \" style=\"width:125px;float:left;overflow:hidden;\">  \n\t\t\t\t\t\t\t  \n\t\t\t\t\t\t\t  <a  href=\"https:\/\/redept.com.br\/blogosfera\/kilimanjaro-cinema-mostra-une-brasil-e-africa-por-meio-da-arte\/\"  >\n\t\t\t\t\t\t\t\t\t  <div class=\"yuzo-img-wrap \" style=\"width: 125px;height:90px;\">\n\t\t\t\t\t\t\t\t\t\t\n\t\t\t\t\t\t\t\t\t\t<div class=\"yuzo-img\" style=\"background:url('https:\/\/redept.com.br\/blogosfera\/wp-content\/uploads\/2025\/01\/Damas-em-Espera-150x150.jpg') 50% 50% no-repeat;width: 125px;height:90px;margin-bottom: 5px;background-size: cover; \"><\/div>\n\t\t\t\t\t\t\t\t\t  <\/div>\n\t\t\t\t\t\t\t\t\t  \n\t\t\t\t\t\t\t\t   <span class=\"yuzo__text--title\" style=\"font-size:13px;\">Kilimanjaro Cinema: mostra une Brasil e \u00c1frica por...<\/span>\n\t\t\t\t\t\t\t  \n\t\t\t\t\t\t\t  \n\t\t\t\t\t\t\t  <\/a>\n\n\t\t\t\t\t\t  <\/div>\n\t\t\t\t\t\t  <div class=\"relatedthumb \" style=\"width:125px;float:left;overflow:hidden;\">  \n\t\t\t\t\t\t\t  \n\t\t\t\t\t\t\t  <a  href=\"https:\/\/redept.com.br\/blogosfera\/italia-condena-a-prisao-perpetua-ex-militar-uruguaio-por-operacao-condor\/\"  >\n\t\t\t\t\t\t\t\t\t  <div class=\"yuzo-img-wrap \" style=\"width: 125px;height:90px;\">\n\t\t\t\t\t\t\t\t\t\t\n\t\t\t\t\t\t\t\t\t\t<div class=\"yuzo-img\" style=\"background:url('https:\/\/redept.com.br\/blogosfera\/wp-content\/uploads\/2025\/10\/Jorge-Nestor-Troccoli-150x150.webp') 50% 50% no-repeat;width: 125px;height:90px;margin-bottom: 5px;background-size: cover; \"><\/div>\n\t\t\t\t\t\t\t\t\t  <\/div>\n\t\t\t\t\t\t\t\t\t  \n\t\t\t\t\t\t\t\t   <span class=\"yuzo__text--title\" style=\"font-size:13px;\">It\u00e1lia condena a pris\u00e3o perp\u00e9tua ex-militar urugua...<\/span>\n\t\t\t\t\t\t\t  \n\t\t\t\t\t\t\t  \n\t\t\t\t\t\t\t  <\/a>\n\n\t\t\t\t\t\t  <\/div>\n\t\t\t\t\t\t  <div class=\"relatedthumb \" style=\"width:125px;float:left;overflow:hidden;\">  \n\t\t\t\t\t\t\t  \n\t\t\t\t\t\t\t  <a  href=\"https:\/\/redept.com.br\/blogosfera\/presidente-da-africa-do-sul-visita-trump-buscando-melhorar-relacoes-com-eua\/\"  >\n\t\t\t\t\t\t\t\t\t  <div class=\"yuzo-img-wrap \" style=\"width: 125px;height:90px;\">\n\t\t\t\t\t\t\t\t\t\t\n\t\t\t\t\t\t\t\t\t\t<div class=\"yuzo-img\" style=\"background:url('https:\/\/redept.com.br\/blogosfera\/wp-content\/uploads\/2025\/05\/gncyokfwoaamrus-150x150.jpg') 50% 50% no-repeat;width: 125px;height:90px;margin-bottom: 5px;background-size: cover; \"><\/div>\n\t\t\t\t\t\t\t\t\t  <\/div>\n\t\t\t\t\t\t\t\t\t  \n\t\t\t\t\t\t\t\t   <span class=\"yuzo__text--title\" style=\"font-size:13px;\">Presidente da \u00c1frica do Sul visita Trump buscando ...<\/span>\n\t\t\t\t\t\t\t  \n\t\t\t\t\t\t\t  \n\t\t\t\t\t\t\t  <\/a>\n\n\t\t\t\t\t\t  <\/div>\n\t\t\t\t\t\t  <div class=\"relatedthumb \" style=\"width:125px;float:left;overflow:hidden;\">  \n\t\t\t\t\t\t\t  \n\t\t\t\t\t\t\t  <a  href=\"https:\/\/redept.com.br\/blogosfera\/comunidades-indigenas-do-equador-protestam-contra-projeto-de-mineracao-de-noboa\/\"  >\n\t\t\t\t\t\t\t\t\t  <div class=\"yuzo-img-wrap \" style=\"width: 125px;height:90px;\">\n\t\t\t\t\t\t\t\t\t\t\n\t\t\t\t\t\t\t\t\t\t<div class=\"yuzo-img\" style=\"background:url('https:\/\/redept.org\/blogosfera\/wp-content\/plugins\/yuzo-related-post\/assets\/images\/default.png') 50% 50% no-repeat;width: 125px;height:90px;margin-bottom: 5px;background-size: cover; \"><\/div>\n\t\t\t\t\t\t\t\t\t  <\/div>\n\t\t\t\t\t\t\t\t\t  \n\t\t\t\t\t\t\t\t   <span class=\"yuzo__text--title\" style=\"font-size:13px;\">Comunidades ind\u00edgenas do Equador protestam contra ...<\/span>\n\t\t\t\t\t\t\t  \n\t\t\t\t\t\t\t  \n\t\t\t\t\t\t\t  <\/a>\n\n\t\t\t\t\t\t  <\/div>\n<\/div> <script>\n\t\t\t\t\t\t  jQuery(document).ready(function( $ ){\n\t\t\t\t\t\t\t\/\/jQuery('.yuzo_related_post').equalizer({ overflow : 'relatedthumb' });\n\t\t\t\t\t\t\tjQuery('.yuzo_related_post .yuzo_wraps').equalizer({ columns : '> div' });\n\t\t\t\t\t\t   })\n\t\t\t\t\t\t  <\/script> <!-- End Yuzo :) -->","protected":false},"excerpt":{"rendered":"<p>O acordo comercial entre Mercosul e Uni\u00e3o Europeia come\u00e7ou a entrar em vigor nesta sexta-feira (1\u00ba), ap\u00f3s mais de duas d\u00e9cadas de negocia\u00e7\u00f5es entre os dois blocos. O presidente Luiz In\u00e1cio Lula da Silva (PT) destacou a data como um marco pol\u00edtico e econ\u00f4mico e associou o tratado \u00e0 retomada do multilateralismo no cen\u00e1rio internacional. [&hellip;]<\/p>\n","protected":false},"author":2,"featured_media":0,"comment_status":"open","ping_status":"closed","sticky":false,"template":"","format":"standard","meta":{"fifu_image_url":"","fifu_image_alt":"","footnotes":""},"categories":[53761,2211,2423,2461,347,45,42887,18831,2400,4466,53762,3066,2768,47299,50,53763,112,18,552,302,1403,13555,53764,53765,53766,31867,1170,2537,53767],"tags":[],"class_list":["post-85696","post","type-post","status-publish","format-standard","hentry","category-20-anos-de-negociacao","category-acordo-comercial","category-acordo-mercosul-uniao-europeia","category-agricultura-familiar","category-america-latina","category-brasil","category-chocolates","category-comissao-europeia","category-cooperacao-internacional","category-desenvolvimento-economico","category-exportacoes-agricolas","category-importacoes","category-industria-nacional","category-insercao-internacional","category-internacional","category-judite-santos","category-lula","category-meio-ambiente","category-mercosul","category-mst","category-multilateralismo","category-neocolonialismo","category-paulo-borba-casella","category-queijos","category-reducao-de-tarifas","category-reprimarizacao","category-uniao-europeia","category-ursula-von-der-leyen","category-vinhos"],"_links":{"self":[{"href":"https:\/\/redept.com.br\/blogosfera\/wp-json\/wp\/v2\/posts\/85696","targetHints":{"allow":["GET"]}}],"collection":[{"href":"https:\/\/redept.com.br\/blogosfera\/wp-json\/wp\/v2\/posts"}],"about":[{"href":"https:\/\/redept.com.br\/blogosfera\/wp-json\/wp\/v2\/types\/post"}],"author":[{"embeddable":true,"href":"https:\/\/redept.com.br\/blogosfera\/wp-json\/wp\/v2\/users\/2"}],"replies":[{"embeddable":true,"href":"https:\/\/redept.com.br\/blogosfera\/wp-json\/wp\/v2\/comments?post=85696"}],"version-history":[{"count":0,"href":"https:\/\/redept.com.br\/blogosfera\/wp-json\/wp\/v2\/posts\/85696\/revisions"}],"wp:attachment":[{"href":"https:\/\/redept.com.br\/blogosfera\/wp-json\/wp\/v2\/media?parent=85696"}],"wp:term":[{"taxonomy":"category","embeddable":true,"href":"https:\/\/redept.com.br\/blogosfera\/wp-json\/wp\/v2\/categories?post=85696"},{"taxonomy":"post_tag","embeddable":true,"href":"https:\/\/redept.com.br\/blogosfera\/wp-json\/wp\/v2\/tags?post=85696"}],"curies":[{"name":"wp","href":"https:\/\/api.w.org\/{rel}","templated":true}]}}